{"id":20895,"date":"2022-08-24T11:01:17","date_gmt":"2022-08-24T14:01:17","guid":{"rendered":"https:\/\/radiorevelacionfm.cl\/?p=20895"},"modified":"2022-08-24T11:01:17","modified_gmt":"2022-08-24T14:01:17","slug":"abren-postulaciones-al-subsidio-de-arriendo-para-adultos-mayores-que-este-ano-beneficiara-a-3-mil-personas","status":"publish","type":"post","link":"https:\/\/radiorevelacionfm.cl\/?p=20895","title":{"rendered":"Abren postulaciones al subsidio de arriendo para adultos mayores que este a\u00f1o beneficiar\u00e1 a 3 mil personas"},"content":{"rendered":"<div class=\"flex_column av_one_full  flex_column_div av-zero-column-padding first  avia-builder-el-0  el_before_av_one_full  avia-builder-el-first  \" style='border-radius:0px; '><div  class='avia-image-container  av-styling-    avia-builder-el-1  avia-builder-el-no-sibling  avia-align-center '  itemprop=\"image\" itemscope=\"itemscope\" itemtype=\"https:\/\/schema.org\/ImageObject\"  ><div class='avia-image-container-inner'><div class='avia-image-overlay-wrap'><img decoding=\"async\" class='wp-image-20896 avia-img-lazy-loading-not-20896 avia_image' src=\"https:\/\/radiorevelacionfm.cl\/wp-content\/uploads\/2022\/08\/image002-12-1-1.jpg\" alt='' title='image002 (12) (1) (1)' height=\"600\" width=\"900\"  itemprop=\"thumbnailUrl\" srcset=\"https:\/\/radiorevelacionfm.cl\/wp-content\/uploads\/2022\/08\/image002-12-1-1.jpg 900w, https:\/\/radiorevelacionfm.cl\/wp-content\/uploads\/2022\/08\/image002-12-1-1-300x200.jpg 300w, https:\/\/radiorevelacionfm.cl\/wp-content\/uploads\/2022\/08\/image002-12-1-1-768x512.jpg 768w, https:\/\/radiorevelacionfm.cl\/wp-content\/uploads\/2022\/08\/image002-12-1-1-705x470.jpg 705w, https:\/\/radiorevelacionfm.cl\/wp-content\/uploads\/2022\/08\/image002-12-1-1-600x400.jpg 600w\" sizes=\"(max-width: 900px) 100vw, 900px\" \/><\/div><\/div><\/div><\/div><div class=\"flex_column av_one_full  flex_column_div av-zero-column-padding first  avia-builder-el-2  el_after_av_one_full  el_before_av_one_full  column-top-margin\" style='border-radius:0px; '><section class=\"av_textblock_section \"  itemscope=\"itemscope\" itemtype=\"https:\/\/schema.org\/BlogPosting\" itemprop=\"blogPost\" ><div class='avia_textblock  '   itemprop=\"text\" ><p style=\"text-align: center;\"><strong><span style=\"font-size: 18pt;\">Abren postulaciones al subsidio de arriendo para adultos mayores que este a\u00f1o beneficiar\u00e1 a 3 mil personas<\/span><\/strong><\/p>\n<div id=\"gtx-trans\" style=\"position: absolute; left: -50px; top: 4.31534px;\">\n<div class=\"gtx-trans-icon\"><\/div>\n<\/div>\n<\/div><\/section><\/div><div class=\"flex_column av_one_full  flex_column_div av-zero-column-padding first  avia-builder-el-4  el_after_av_one_full  el_before_av_hr  column-top-margin\" style='border-radius:0px; '><section class=\"av_textblock_section \"  itemscope=\"itemscope\" itemtype=\"https:\/\/schema.org\/BlogPosting\" itemprop=\"blogPost\" ><div class='avia_textblock  '   itemprop=\"text\" ><p style=\"font-weight: 400; text-align: justify;\">El ministro de Vivienda y Urbanismo,\u00a0Carlos Montes, junto a la ministra Secretaria General de Gobierno,\u00a0Camila Vallejo, y al alcalde Independencia,\u00a0Gonzalo Dur\u00e1n, anunciaron esta ma\u00f1ana la apertura a las postulaciones para el \u201cPrograma para Arriendo de Vivienda para Adultos Mayores\u201d, llamado a subsidio en condiciones especiales del Minvu que permite cubrir entre un 90% y 95% del valor del arriendo por un periodo de 24 meses, renovable, a las personas mayores de 60 a\u00f1os que est\u00e1n dentro del 70% de mayor vulnerabilidad del Registro Social de Hogares (RSH). La edici\u00f3n de este a\u00f1o del llamado, que estar\u00e1 abierto entre el 23 de agosto y 17 de octubre pr\u00f3ximo, considera beneficiar a 3 mil personas mayores a lo largo del pa\u00eds.<\/p>\n<p style=\"font-weight: 400; text-align: justify;\">Las autoridades compartieron un desayuno con cerca de treinta personas mayores en el Polideportivo Enrique Soro de Independencia para explicar los alcances de este subsidio y los requisitos para su postulaci\u00f3n, oportunidad en la que el ministro Montes se\u00f1al\u00f3 que \u201choy estamos en un momento muy dif\u00edcil porque tenemos un d\u00e9ficit muy grande. 600 mil familias es un gran d\u00e9ficit. El Presidente de la Rep\u00fablica, Gabriel Boric, nos ha dicho que hay que construir, a lo menos, 260 mil viviendas en estos cuatro a\u00f1os de gobierno. Con esto no resolvemos el d\u00e9ficit, pero contenemos su crecimiento y volvemos a construir un camino que permita acceder m\u00e1s r\u00e1pidamente a la vivienda\u201d y agreg\u00f3 que \u201cuno de los caminos es la posibilidad de un llamado especial de arriendo para personas mayores de 60 a\u00f1os. El a\u00f1o pasado se abri\u00f3 con mil cupos y postularon 22 mil adultos mayores. Este a\u00f1o estamos planteando tres mil cupos y esperamos que haya en todo Chile un amplio contingente de personas que postulen\u201d.<\/p>\n<p style=\"font-weight: 400; text-align: justify;\">Asimismo, el titular de Vivienda explic\u00f3 que \u201cesto busca ayudar a las personas mayores a financiar la vivienda. Ayudar, porque esto no resuelve todo, sino que ayuda.\u00a0 El tope m\u00e1ximo es cerca de 400 mil pesos de arriendo a la vivienda. Uno de los grandes problemas es que no hay muchas viviendas en arriendo a este precio, entonces entre m\u00e1s subsidio, m\u00e1s suben los arriendos, por lo que tenemos que combinar muy bien los subsidios para arriendo con la construcci\u00f3n de nuevas viviendas en todos los barrios y por eso estamos tratando de apurar al m\u00e1ximo la construcci\u00f3n de nuevas viviendas\u201d.<\/p>\n<p style=\"font-weight: 400; text-align: justify;\">Por su parte, la ministra Camila Vallejo se\u00f1al\u00f3 que \u201chemos compartido un desayuno con adultos y adultas mayores para hacer un llamado a la postulaci\u00f3n, una nueva postulaci\u00f3n al programa para arriendo de vivienda para adultos mayores. Sabemos que hay una gran necesidad en nuestro pa\u00eds, m\u00e1s en estos momentos dif\u00edciles que estamos atravesando, con una inflaci\u00f3n que tenemos que enfrentar d\u00eda a d\u00eda, pero que golpea particularmente, de manera m\u00e1s dura, m\u00e1s fuerte a las personas mayores, a las personas de bajos recursos, a las mujeres y creemos que es importante poder visibilizar y hacer un llamamiento a la postulaci\u00f3n a aquellas pol\u00edticas p\u00fablicas, en este caso un subsidio que permite enfrentar de mejor manera el pasar para nuestros adultos mayores en el caso de la vivienda\u201d.<\/p>\n<p style=\"font-weight: 400; text-align: justify;\">A su vez, el alcalde Gonzalo Dur\u00e1n, destac\u00f3 que \u201ctenemos muchas personas allegadas, muchas personas que viven en casas de familiares, muchos de ellos adultos y adultas mayores y por eso estamos muy contentos de este anuncio. Vamos a ayudar a nuestros vecinos y vecinas que lo requieran a postular a este importante subsidio, porque estamos seguros que, especialmente en el caso de los adultos mayores, que muchas veces tienen que enfrentar su vida cotidiana con una pensi\u00f3n que como todos sabemos, en Chile las pensiones siguen siendo gravemente insuficientes en virtud del modelo que hemos heredado en esta materia, y por eso una ayuda a complementar con un subsidio de esta naturaleza permite garantizar que nuestros adultos mayores sigan viviendo de manera digna y en nuestra comuna, no teniendo que desplazarse hacia otros lados de la ciudad\u201d.<\/p>\n<p style=\"font-weight: 400; text-align: justify;\">El subsidio de arriendo para adultos mayores permite cubrir entre un 90% y un 95% del valor del arriendo, dependiendo del RSH de la persona mayor que postule, por 24 meses y que puede ser renovado. Considera tambi\u00e9n el aporte de un\u00a0monto \u00fanico de 1 U.F. adicional para financiar los gastos operacionales generados de la formalizaci\u00f3n del contrato (certificados y gastos notariales).<\/p>\n<p style=\"font-weight: 400; text-align: justify;\">Entre los principales requisitos para postular, se cuentan:<\/p>\n<ul style=\"font-weight: 400; text-align: justify;\">\n<li>Tener m\u00e1s de 60 a\u00f1os al momento de postular o cumplirlos durante este a\u00f1o calendario. Lo anterior, se acreditar\u00e1 presentando C\u00e9dula de Identidad vigente o que haya vencido durante 2021.<\/li>\n<li>Pertenecer hasta el 70% de la poblaci\u00f3n seg\u00fan el RSH.<\/li>\n<li>Acreditar un ingreso m\u00ednimo de 5 U.F. ($170.000 pesos aproximadamente), lo que equivale a la pensi\u00f3n asistencial vigente a 2022, que sirve como base para acreditar ingresos y c\u00e1lculo del copago.<\/li>\n<\/ul>\n<p style=\"font-weight: 400; text-align: justify;\">El Programa considera puntaje adicional por edad y por discapacidad, y tiene consideraciones especiales atendiendo a las distintas realidades de las personas mayores, como el no requerir ahorro m\u00ednimo y la posibilidad de postular sin n\u00facleo familiar, entre otras facilidades. Por otra parte, permite a los beneficiarios arrendar una vivienda cuya renta mensual no exceda las 11 U.F. ($370.000 pesos, aproximadamente) en zona regular, y las 13 U.F. ($430.000 pesos, aproximadamente) si arriendan en comunas de las regiones de Arica y Parinacota, Tarapac\u00e1, Antofagasta, Atacama, Metropolitana, Ays\u00e9n y Magallanes.<\/p>\n<p style=\"font-weight: 400; text-align: justify;\">Las postulaciones pueden hacerse a trav\u00e9s de la p\u00e1gina web\u00a0<a href=\"http:\/\/arriendoenlinea.minvu.cl\/\" data-saferedirecturl=\"https:\/\/www.google.com\/url?q=http:\/\/arriendoenlinea.minvu.cl&amp;source=gmail&amp;ust=1661369653589000&amp;usg=AOvVaw1meLkZV36fX0MSpGEueuEb\">arriendoenlinea.minvu.cl<\/a>\u00a0y tambi\u00e9n de manera presencial en las oficinas Serviu y en aquellas municipalidades que tengan convenio con Serviu.<\/p>\n<p style=\"font-weight: 400; text-align: justify;\">M\u00e1s informaci\u00f3n en\u00a0<a href=\"http:\/\/www.minvu.cl\/\" data-saferedirecturl=\"https:\/\/www.google.com\/url?q=http:\/\/www.minvu.cl&amp;source=gmail&amp;ust=1661369653589000&amp;usg=AOvVaw0mUUZmlvhZT6OH5y9rFEwW\">www.minvu.cl<\/a><\/p>\n<\/div><\/section><\/div><div  style='height:50px' class='hr hr-invisible   avia-builder-el-6  el_after_av_one_full  el_before_av_social_share '><span class='hr-inner ' ><span class='hr-inner-style'><\/span><\/span><\/div><\/p>\n<div  class='av-social-sharing-box  avia-builder-el-7  el_after_av_hr  el_before_av_hr  '><div class='av-share-box'><h5 class='av-share-link-description av-no-toc '>Compartir esta noticia<\/h5><ul class='av-share-box-list noLightbox'><li class='av-share-link av-social-link-facebook' ><a target=\"_blank\" aria-label=\"Compartir en Facebook\" href='https:\/\/www.facebook.com\/sharer.php?u=https:\/\/radiorevelacionfm.cl\/?p=20895&#038;t=Abren%20postulaciones%20al%20subsidio%20de%20arriendo%20para%20adultos%20mayores%20que%20este%20a%C3%B1o%20beneficiar%C3%A1%20a%203%20mil%20personas' aria-hidden='false' data-av_icon='\ue8f3' data-av_iconfont='entypo-fontello' title='' data-avia-related-tooltip='Compartir en Facebook' rel=\"noopener\"><span class='avia_hidden_link_text'>Compartir en Facebook<\/span><\/a><\/li><li class='av-share-link av-social-link-twitter' ><a target=\"_blank\" aria-label=\"Compartir en Twitter\" href='https:\/\/twitter.com\/share?text=Abren%20postulaciones%20al%20subsidio%20de%20arriendo%20para%20adultos%20mayores%20que%20este%20a%C3%B1o%20beneficiar%C3%A1%20a%203%20mil%20personas&#038;url=https:\/\/radiorevelacionfm.cl\/?p=20895' aria-hidden='false' data-av_icon='\ue8f1' data-av_iconfont='entypo-fontello' title='' data-avia-related-tooltip='Compartir en Twitter' rel=\"noopener\"><span class='avia_hidden_link_text'>Compartir en Twitter<\/span><\/a><\/li><li class='av-share-link av-social-link-whatsapp' ><a target=\"_blank\" aria-label=\"Compartir en Whatsapp\" href='https:\/\/api.whatsapp.com\/send?text=https:\/\/radiorevelacionfm.cl\/?p=20895' aria-hidden='false' data-av_icon='\uf232' data-av_iconfont='entypo-fontello' title='' data-avia-related-tooltip='Compartir en Whatsapp' rel=\"noopener\"><span class='avia_hidden_link_text'>Compartir en Whatsapp<\/span><\/a><\/li><li class='av-share-link av-social-link-linkedin' ><a target=\"_blank\" aria-label=\"Compartir en LinkedIn\" href='https:\/\/linkedin.com\/shareArticle?mini=true&#038;title=Abren%20postulaciones%20al%20subsidio%20de%20arriendo%20para%20adultos%20mayores%20que%20este%20a%C3%B1o%20beneficiar%C3%A1%20a%203%20mil%20personas&#038;url=https:\/\/radiorevelacionfm.cl\/?p=20895' aria-hidden='false' data-av_icon='\ue8fc' data-av_iconfont='entypo-fontello' title='' data-avia-related-tooltip='Compartir en LinkedIn' rel=\"noopener\"><span class='avia_hidden_link_text'>Compartir en LinkedIn<\/span><\/a><\/li><li class='av-share-link av-social-link-mail' ><a  aria-label=\"Compartir por correo\" href='mailto:?subject=Abren%20postulaciones%20al%20subsidio%20de%20arriendo%20para%20adultos%20mayores%20que%20este%20a%C3%B1o%20beneficiar%C3%A1%20a%203%20mil%20personas&#038;body=https:\/\/radiorevelacionfm.cl\/?p=20895' aria-hidden='false' data-av_icon='\ue805' data-av_iconfont='entypo-fontello' title='' data-avia-related-tooltip='Compartir por correo'><span class='avia_hidden_link_text'>Compartir por correo<\/span><\/a><\/li><\/ul><\/div><\/div>\n<div  style='height:50px' class='hr hr-invisible   avia-builder-el-8  el_after_av_social_share  el_before_av_comments_list '><span class='hr-inner ' ><span class='hr-inner-style'><\/span><\/span><\/div>\n<div  class='av-buildercomment  av-blog-meta-html-info-disabled av-blog-meta-tag-disabled  '><\/div>\n","protected":false},"excerpt":{"rendered":"","protected":false},"author":1,"featured_media":20896,"comment_status":"open","ping_status":"open","sticky":false,"template":"","format":"standard","meta":{"footnotes":""},"categories":[57],"tags":[],"class_list":["post-20895","post","type-post","status-publish","format-standard","has-post-thumbnail","hentry","category-vivienda"],"jetpack_featured_media_url":"https:\/\/radiorevelacionfm.cl\/wp-content\/uploads\/2022\/08\/image002-12-1-1.jpg","_links":{"self":[{"href":"https:\/\/radiorevelacionfm.cl\/index.php?rest_route=\/wp\/v2\/posts\/20895","targetHints":{"allow":["GET"]}}],"collection":[{"href":"https:\/\/radiorevelacionfm.cl\/index.php?rest_route=\/wp\/v2\/posts"}],"about":[{"href":"https:\/\/radiorevelacionfm.cl\/index.php?rest_route=\/wp\/v2\/types\/post"}],"author":[{"embeddable":true,"href":"https:\/\/radiorevelacionfm.cl\/index.php?rest_route=\/wp\/v2\/users\/1"}],"replies":[{"embeddable":true,"href":"https:\/\/radiorevelacionfm.cl\/index.php?rest_route=%2Fwp%2Fv2%2Fcomments&post=20895"}],"version-history":[{"count":2,"href":"https:\/\/radiorevelacionfm.cl\/index.php?rest_route=\/wp\/v2\/posts\/20895\/revisions"}],"predecessor-version":[{"id":20923,"href":"https:\/\/radiorevelacionfm.cl\/index.php?rest_route=\/wp\/v2\/posts\/20895\/revisions\/20923"}],"wp:featuredmedia":[{"embeddable":true,"href":"https:\/\/radiorevelacionfm.cl\/index.php?rest_route=\/wp\/v2\/media\/20896"}],"wp:attachment":[{"href":"https:\/\/radiorevelacionfm.cl\/index.php?rest_route=%2Fwp%2Fv2%2Fmedia&parent=20895"}],"wp:term":[{"taxonomy":"category","embeddable":true,"href":"https:\/\/radiorevelacionfm.cl\/index.php?rest_route=%2Fwp%2Fv2%2Fcategories&post=20895"},{"taxonomy":"post_tag","embeddable":true,"href":"https:\/\/radiorevelacionfm.cl\/index.php?rest_route=%2Fwp%2Fv2%2Ftags&post=20895"}],"curies":[{"name":"wp","href":"https:\/\/api.w.org\/{rel}","templated":true}]}}