{"id":20891,"date":"2022-08-23T17:29:18","date_gmt":"2022-08-23T20:29:18","guid":{"rendered":"https:\/\/radiorevelacionfm.cl\/?p=20891"},"modified":"2022-08-23T17:29:18","modified_gmt":"2022-08-23T20:29:18","slug":"club-andino-austral-una-nueva-agrupacion-deportiva-social-y-cultural-liderada-por-jovenes-de-la-region","status":"publish","type":"post","link":"https:\/\/radiorevelacionfm.cl\/?p=20891","title":{"rendered":"Club Andino Austral: Una nueva agrupaci\u00f3n deportiva, social y cultural liderada por j\u00f3venes de la regi\u00f3n"},"content":{"rendered":"<div class=\"flex_column av_one_full  flex_column_div av-zero-column-padding first  avia-builder-el-0  el_before_av_one_full  avia-builder-el-first  \" style='border-radius:0px; '><div  class='avia-image-container  av-styling-    avia-builder-el-1  avia-builder-el-no-sibling  avia-align-center '  itemprop=\"image\" itemscope=\"itemscope\" itemtype=\"https:\/\/schema.org\/ImageObject\"  ><div class='avia-image-container-inner'><div class='avia-image-overlay-wrap'><img decoding=\"async\" class='wp-image-20893 avia-img-lazy-loading-not-20893 avia_image' src=\"https:\/\/radiorevelacionfm.cl\/wp-content\/uploads\/2022\/08\/FOTO-1-21-1-1.jpg\" alt='' title='FOTO 1 (21) (1) (1)' height=\"600\" width=\"989\"  itemprop=\"thumbnailUrl\" srcset=\"https:\/\/radiorevelacionfm.cl\/wp-content\/uploads\/2022\/08\/FOTO-1-21-1-1.jpg 989w, https:\/\/radiorevelacionfm.cl\/wp-content\/uploads\/2022\/08\/FOTO-1-21-1-1-300x182.jpg 300w, https:\/\/radiorevelacionfm.cl\/wp-content\/uploads\/2022\/08\/FOTO-1-21-1-1-768x466.jpg 768w, https:\/\/radiorevelacionfm.cl\/wp-content\/uploads\/2022\/08\/FOTO-1-21-1-1-705x428.jpg 705w, https:\/\/radiorevelacionfm.cl\/wp-content\/uploads\/2022\/08\/FOTO-1-21-1-1-600x364.jpg 600w\" sizes=\"(max-width: 989px) 100vw, 989px\" \/><\/div><\/div><\/div><\/div><div class=\"flex_column av_one_full  flex_column_div av-zero-column-padding first  avia-builder-el-2  el_after_av_one_full  el_before_av_one_full  column-top-margin\" style='border-radius:0px; '><section class=\"av_textblock_section \"  itemscope=\"itemscope\" itemtype=\"https:\/\/schema.org\/BlogPosting\" itemprop=\"blogPost\" ><div class='avia_textblock  '   itemprop=\"text\" ><p style=\"text-align: center;\"><span style=\"font-size: 18pt;\"><strong>Club Andino Austral: Una nueva agrupaci\u00f3n deportiva, social y cultural liderada por j\u00f3venes de la regi\u00f3n<\/strong><\/span><\/p>\n<div id=\"gtx-trans\" style=\"position: absolute; left: -50px; top: 4.31534px;\">\n<div class=\"gtx-trans-icon\"><\/div>\n<\/div>\n<\/div><\/section><\/div><div class=\"flex_column av_one_full  flex_column_div av-zero-column-padding first  avia-builder-el-4  el_after_av_one_full  el_before_av_hr  column-top-margin\" style='border-radius:0px; '><section class=\"av_textblock_section \"  itemscope=\"itemscope\" itemtype=\"https:\/\/schema.org\/BlogPosting\" itemprop=\"blogPost\" ><div class='avia_textblock  '   itemprop=\"text\" ><p style=\"text-align: justify;\">En el Instituto Nacional de la Juventud de la regi\u00f3n de Ays\u00e9n se dieron cita distintos j\u00f3venes para llevar a cabo la constituci\u00f3n del Club Deportivo, Social y Cultural Andino Austral, iniciativa que tiene por objetivo potenciar el desarrollo de actividades al aire libre y la vinculaci\u00f3n con la naturaleza a trav\u00e9s de distintas actividades sociales, deportivas y culturales.<\/p>\n<p style=\"text-align: justify;\">\u201cTenemos una muy buena noticia para nuestra regi\u00f3n y en especial para la comuna de Coyhaique, contamos con una agrupaci\u00f3n deportiva social y cultural liderada por j\u00f3venes, se llama Club Andino Austral y su enfoque es la monta\u00f1a. \u00a0Como no felicitar a una agrupaci\u00f3n de j\u00f3venes que se ha reunido en torno\u00a0 a lo que m\u00e1s tenemos en la regi\u00f3n de Ays\u00e9n, monta\u00f1a, se van a organizar para poder no solamente capacitarse ellos, si no tambi\u00e9n generar actividad f\u00edsica, vinculaci\u00f3n directa con nuestro entorno. Quiero hacer extensiva esta felicitaci\u00f3n hoy d\u00eda a esta nueva agrupaci\u00f3n, especialmente a quienes hoy son su directiva, ellos partieron en la Universidad Austral formados por profesores, alumnos, y esto se extiende a todo el resto de la comunidad. Invitar a diferentes j\u00f3venes y a la comunidad en general que pueda participar de esta agrupaci\u00f3n, tomen contacto con ellos a trav\u00e9s de su Instagram @clubandinoaustral. Este es un primer gran pie para las organizaciones sociales y para \u00e9sta en particular, que reconoce en la monta\u00f1a nuestro gran desaf\u00edo como regi\u00f3n de Ays\u00e9n\u201d, explic\u00f3 la Seremi de Desarrollo Social y Familia, Karina Acevedo Auad.<\/p>\n<p style=\"text-align: justify;\">\u201cFelicitamos a las y los j\u00f3venes por tan importante iniciativa, nos damos cuenta del gran inter\u00e9s que tienen por colaborar en el \u00e1mbito deportivo, social, cultural y medioambiental. Como INJUV nos sentimos tremendamente orgullosos de que hayan hecho realidad su objetivo, les ofrecemos todo nuestro apoyo en las distintas iniciativas que lleven adelante. Sin duda son un grupo de j\u00f3venes l\u00edderes que dar\u00e1n mucho que hablar en nuestra regi\u00f3n\u201d, explic\u00f3 la directora regional (s) de INJUV Ays\u00e9n, G\u00e9nesis Arias Fuentes.<\/p>\n<p style=\"text-align: justify;\">El\u00a0 Presidente de Club Andino Austral, Jos\u00e9 Peiret sostuvo que \u201cla conformaci\u00f3n como club es muy bonita ya que es un primer paso que aporta al monta\u00f1ismo y a la cultura de monta\u00f1a en regi\u00f3n. Nuestro club nace de la Universidad Austral Campus Patagonia y la compon\u00edan en primera instancia estudiantes, profesores y\u00a0 egresados, ahora ya se expandi\u00f3 por lo que contamos con m\u00e1s personas que integran el club. Estamos s\u00faper contentos, entend\u00edamos que era un gran paso y ahora que ya se ha concretado nos impulsa a \u00a0planificar distintas\u00a0 en actividades que tenemos en mente\u201d.<\/p>\n<p style=\"text-align: justify;\">En tanto Alisson Alegr\u00eda, Tesorera \u00a0de la entidad,\u00a0 indic\u00f3 que \u00a0\u201ces una excelente instancia y oportunidad para que podamos organizar distintas actividades de monta\u00f1a,\u00a0 ya que en esta regi\u00f3n falta mucho, somos \u00a0un gran equipo y estamos con\u00a0 todas las ganas para lo que viene. Queremos ir capacit\u00e1ndonos y no solo las personas que les guste el turismo, si no que todas y todos. Estamos felices de comenzar a trabajar con la comunidad y con otros clubes, \u00a0ya hemos recibido solicitudes e invitaciones por lo que estamos muy entusiasmados\u201d.<\/p>\n<p style=\"text-align: justify;\">Las y los interesados en integrar o participar de las distintas actividades que desarrolle el Club Deportivo, Social y Cultural Andino Austral pueden escribir a su Instagram @clubandinoaustral.<\/p>\n<\/div><\/section><\/div><div  style='height:50px' class='hr hr-invisible   avia-builder-el-6  el_after_av_one_full  el_before_av_social_share '><span class='hr-inner ' ><span class='hr-inner-style'><\/span><\/span><\/div><\/p>\n<div  class='av-social-sharing-box  avia-builder-el-7  el_after_av_hr  el_before_av_hr  '><div class='av-share-box'><h5 class='av-share-link-description av-no-toc '>Compartir esta noticia<\/h5><ul class='av-share-box-list noLightbox'><li class='av-share-link av-social-link-facebook' ><a target=\"_blank\" aria-label=\"Compartir en Facebook\" href='https:\/\/www.facebook.com\/sharer.php?u=https:\/\/radiorevelacionfm.cl\/?p=20891&#038;t=Club%20Andino%20Austral%3A%20Una%20nueva%20agrupaci%C3%B3n%20deportiva%2C%20social%20y%20cultural%20liderada%20por%20j%C3%B3venes%20de%20la%20regi%C3%B3n' aria-hidden='false' data-av_icon='\ue8f3' data-av_iconfont='entypo-fontello' title='' data-avia-related-tooltip='Compartir en Facebook' rel=\"noopener\"><span class='avia_hidden_link_text'>Compartir en Facebook<\/span><\/a><\/li><li class='av-share-link av-social-link-twitter' ><a target=\"_blank\" aria-label=\"Compartir en Twitter\" href='https:\/\/twitter.com\/share?text=Club%20Andino%20Austral%3A%20Una%20nueva%20agrupaci%C3%B3n%20deportiva%2C%20social%20y%20cultural%20liderada%20por%20j%C3%B3venes%20de%20la%20regi%C3%B3n&#038;url=https:\/\/radiorevelacionfm.cl\/?p=20891' aria-hidden='false' data-av_icon='\ue8f1' data-av_iconfont='entypo-fontello' title='' data-avia-related-tooltip='Compartir en Twitter' rel=\"noopener\"><span class='avia_hidden_link_text'>Compartir en Twitter<\/span><\/a><\/li><li class='av-share-link av-social-link-whatsapp' ><a target=\"_blank\" aria-label=\"Compartir en Whatsapp\" href='https:\/\/api.whatsapp.com\/send?text=https:\/\/radiorevelacionfm.cl\/?p=20891' aria-hidden='false' data-av_icon='\uf232' data-av_iconfont='entypo-fontello' title='' data-avia-related-tooltip='Compartir en Whatsapp' rel=\"noopener\"><span class='avia_hidden_link_text'>Compartir en Whatsapp<\/span><\/a><\/li><li class='av-share-link av-social-link-linkedin' ><a target=\"_blank\" aria-label=\"Compartir en LinkedIn\" href='https:\/\/linkedin.com\/shareArticle?mini=true&#038;title=Club%20Andino%20Austral%3A%20Una%20nueva%20agrupaci%C3%B3n%20deportiva%2C%20social%20y%20cultural%20liderada%20por%20j%C3%B3venes%20de%20la%20regi%C3%B3n&#038;url=https:\/\/radiorevelacionfm.cl\/?p=20891' aria-hidden='false' data-av_icon='\ue8fc' data-av_iconfont='entypo-fontello' title='' data-avia-related-tooltip='Compartir en LinkedIn' rel=\"noopener\"><span class='avia_hidden_link_text'>Compartir en LinkedIn<\/span><\/a><\/li><li class='av-share-link av-social-link-mail' ><a  aria-label=\"Compartir por correo\" href='mailto:?subject=Club%20Andino%20Austral%3A%20Una%20nueva%20agrupaci%C3%B3n%20deportiva%2C%20social%20y%20cultural%20liderada%20por%20j%C3%B3venes%20de%20la%20regi%C3%B3n&#038;body=https:\/\/radiorevelacionfm.cl\/?p=20891' aria-hidden='false' data-av_icon='\ue805' data-av_iconfont='entypo-fontello' title='' data-avia-related-tooltip='Compartir por correo'><span class='avia_hidden_link_text'>Compartir por correo<\/span><\/a><\/li><\/ul><\/div><\/div>\n<div  style='height:50px' class='hr hr-invisible   avia-builder-el-8  el_after_av_social_share  el_before_av_comments_list '><span class='hr-inner ' ><span class='hr-inner-style'><\/span><\/span><\/div>\n<div  class='av-buildercomment  av-blog-meta-html-info-disabled av-blog-meta-tag-disabled  '><\/div>\n","protected":false},"excerpt":{"rendered":"","protected":false},"author":1,"featured_media":20893,"comment_status":"open","ping_status":"open","sticky":false,"template":"","format":"standard","meta":{"footnotes":""},"categories":[40],"tags":[],"class_list":["post-20891","post","type-post","status-publish","format-standard","has-post-thumbnail","hentry","category-deportes"],"jetpack_featured_media_url":"https:\/\/radiorevelacionfm.cl\/wp-content\/uploads\/2022\/08\/FOTO-1-21-1-1.jpg","_links":{"self":[{"href":"https:\/\/radiorevelacionfm.cl\/index.php?rest_route=\/wp\/v2\/posts\/20891","targetHints":{"allow":["GET"]}}],"collection":[{"href":"https:\/\/radiorevelacionfm.cl\/index.php?rest_route=\/wp\/v2\/posts"}],"about":[{"href":"https:\/\/radiorevelacionfm.cl\/index.php?rest_route=\/wp\/v2\/types\/post"}],"author":[{"embeddable":true,"href":"https:\/\/radiorevelacionfm.cl\/index.php?rest_route=\/wp\/v2\/users\/1"}],"replies":[{"embeddable":true,"href":"https:\/\/radiorevelacionfm.cl\/index.php?rest_route=%2Fwp%2Fv2%2Fcomments&post=20891"}],"version-history":[{"count":2,"href":"https:\/\/radiorevelacionfm.cl\/index.php?rest_route=\/wp\/v2\/posts\/20891\/revisions"}],"predecessor-version":[{"id":20898,"href":"https:\/\/radiorevelacionfm.cl\/index.php?rest_route=\/wp\/v2\/posts\/20891\/revisions\/20898"}],"wp:featuredmedia":[{"embeddable":true,"href":"https:\/\/radiorevelacionfm.cl\/index.php?rest_route=\/wp\/v2\/media\/20893"}],"wp:attachment":[{"href":"https:\/\/radiorevelacionfm.cl\/index.php?rest_route=%2Fwp%2Fv2%2Fmedia&parent=20891"}],"wp:term":[{"taxonomy":"category","embeddable":true,"href":"https:\/\/radiorevelacionfm.cl\/index.php?rest_route=%2Fwp%2Fv2%2Fcategories&post=20891"},{"taxonomy":"post_tag","embeddable":true,"href":"https:\/\/radiorevelacionfm.cl\/index.php?rest_route=%2Fwp%2Fv2%2Ftags&post=20891"}],"curies":[{"name":"wp","href":"https:\/\/api.w.org\/{rel}","templated":true}]}}