{"id":20883,"date":"2022-08-23T16:19:04","date_gmt":"2022-08-23T19:19:04","guid":{"rendered":"https:\/\/radiorevelacionfm.cl\/?p=20883"},"modified":"2022-08-23T16:19:04","modified_gmt":"2022-08-23T19:19:04","slug":"subsecretario-del-medio-ambiente-lanza-fondo-de-proteccion-ambiental-en-coyhaique","status":"publish","type":"post","link":"https:\/\/radiorevelacionfm.cl\/?p=20883","title":{"rendered":"Subsecretario del Medio Ambiente lanza Fondo de Protecci\u00f3n Ambiental en Coyhaique"},"content":{"rendered":"<div class=\"flex_column av_one_full  flex_column_div av-zero-column-padding first  avia-builder-el-0  el_before_av_one_full  avia-builder-el-first  \" style='border-radius:0px; '><div  class='avia-image-container  av-styling-    avia-builder-el-1  avia-builder-el-no-sibling  avia-align-center '  itemprop=\"image\" itemscope=\"itemscope\" itemtype=\"https:\/\/schema.org\/ImageObject\"  ><div class='avia-image-container-inner'><div class='avia-image-overlay-wrap'><img decoding=\"async\" class='wp-image-20885 avia-img-lazy-loading-not-20885 avia_image' src=\"https:\/\/radiorevelacionfm.cl\/wp-content\/uploads\/2022\/08\/whatsapp-image-2022-08-23-at-11_optimized.04.47-am-1.jpeg\" alt='' title='whatsapp-image-2022-08-23-at-11_optimized.04.47-am-(1)' height=\"600\" width=\"800\"  itemprop=\"thumbnailUrl\" srcset=\"https:\/\/radiorevelacionfm.cl\/wp-content\/uploads\/2022\/08\/whatsapp-image-2022-08-23-at-11_optimized.04.47-am-1.jpeg 800w, https:\/\/radiorevelacionfm.cl\/wp-content\/uploads\/2022\/08\/whatsapp-image-2022-08-23-at-11_optimized.04.47-am-1-300x225.jpeg 300w, https:\/\/radiorevelacionfm.cl\/wp-content\/uploads\/2022\/08\/whatsapp-image-2022-08-23-at-11_optimized.04.47-am-1-768x576.jpeg 768w, https:\/\/radiorevelacionfm.cl\/wp-content\/uploads\/2022\/08\/whatsapp-image-2022-08-23-at-11_optimized.04.47-am-1-705x529.jpeg 705w, https:\/\/radiorevelacionfm.cl\/wp-content\/uploads\/2022\/08\/whatsapp-image-2022-08-23-at-11_optimized.04.47-am-1-600x450.jpeg 600w\" sizes=\"(max-width: 800px) 100vw, 800px\" \/><\/div><\/div><\/div><\/div><div class=\"flex_column av_one_full  flex_column_div av-zero-column-padding first  avia-builder-el-2  el_after_av_one_full  el_before_av_one_full  column-top-margin\" style='border-radius:0px; '><section class=\"av_textblock_section \"  itemscope=\"itemscope\" itemtype=\"https:\/\/schema.org\/BlogPosting\" itemprop=\"blogPost\" ><div class='avia_textblock  '   itemprop=\"text\" ><p style=\"text-align: center;\"><strong><span style=\"font-size: 18pt;\">Subsecretario del Medio Ambiente lanza Fondo de Protecci\u00f3n Ambiental en Coyhaique<\/span><\/strong><\/p>\n<div id=\"gtx-trans\" style=\"position: absolute; left: -50px; top: 4.31534px;\">\n<div class=\"gtx-trans-icon\"><\/div>\n<\/div>\n<\/div><\/section><\/div><div class=\"flex_column av_one_full  flex_column_div av-zero-column-padding first  avia-builder-el-4  el_after_av_one_full  el_before_av_hr  column-top-margin\" style='border-radius:0px; '><section class=\"av_textblock_section \"  itemscope=\"itemscope\" itemtype=\"https:\/\/schema.org\/BlogPosting\" itemprop=\"blogPost\" ><div class='avia_textblock  '   itemprop=\"text\" ><p style=\"text-align: justify;\">En su visita a la Regi\u00f3n de Ays\u00e9n, el subsecretario del Medio Ambiente, Maximiliano Proa\u00f1o, anunci\u00f3 que los recursos del Fondo de Protecci\u00f3n Ambiental (FPA) se triplicar\u00e1n para su versi\u00f3n de 2023, lo que permitir\u00e1 financiar m\u00e1s proyectos e iniciativas ambientales. Adem\u00e1s, dio a conocer que, de forma in\u00e9dita, este a\u00f1o se lanzar\u00e1n cinco nuevas categor\u00edas de postulaci\u00f3n las que se sumar\u00e1n a las tres habituales.<\/p>\n<p style=\"text-align: justify;\">El FPA es el primer fondo concursable de car\u00e1cter nacional con el que cuenta el Estado de Chile para apoyar proyectos presentados por organizaciones. Desde el a\u00f1o 1998 a la fecha, se han financiado m\u00e1s de 3.500 iniciativas a lo largo de todo el territorio nacional, por un monto que supera los 19 mil millones de pesos.<\/p>\n<p style=\"text-align: justify;\">El anuncio se realiz\u00f3 en la Sede Raquiduantun, donde tambi\u00e9n estuvo presente el Delegado Presidencial Regional de Ays\u00e9n, Rodrigo Araya; la gobernadora regional de Ays\u00e9n, Andrea Mac\u00edas; la senadora Ximena \u00d3rdenes; el seremi del Medio Ambiente, Juli\u00e1n C\u00e1rdenas, entre otras autoridades regionales.<\/p>\n<p style=\"text-align: justify;\">El subsecretario Maximiliano Proa\u00f1o coment\u00f3 que \u201cnuestro compromiso es que este sea el primer gobierno ecol\u00f3gico en la historia de Chile. Para avanzar en un nuevo modelo de desarrollo, que ponga en el centro a las personas y el cuidado del medio ambiente, la participaci\u00f3n de la ciudadan\u00eda es clave. Por eso es muy importante que las organizaciones puedan participar del Fondo de Protecci\u00f3n Ambiental y postular proyectos que protejan la naturaleza y que mejoren la calidad de vida de los habitantes de la regi\u00f3n de Ays\u00e9n\u201d.<\/p>\n<p style=\"text-align: justify;\">El seremi del Medio Ambiente de Ays\u00e9n, Juli\u00e1n C\u00e1rdenas, a\u00f1adi\u00f3 que \u201cel trabajo de las comunidades y las organizaciones sociales de la regi\u00f3n es fundamental para impulsar un desarrollo sostenible. Contamos con una ciudadan\u00eda activa, que saben de la importancia del cuidado del medioambiente, por eso esperamos contar con mucho inter\u00e9s por postular a este Fondo de Protecci\u00f3n Ambiental\u201d.<\/p>\n<p style=\"text-align: justify;\">El concurso -que va dirigido a organizaciones, comunidades, juntas de vecinos, centros de madres, culturales y art\u00edsticos, entre otros- permite postular proyectos relacionados con cambio clim\u00e1tico y descontaminaci\u00f3n ambiental; econom\u00eda circular y gesti\u00f3n de residuos; eficiencia h\u00eddrica y energ\u00e9tica; y valoraci\u00f3n y conservaci\u00f3n de la biodiversidad, entre otras.<\/p>\n<p style=\"text-align: justify;\">Todas las iniciativas deber\u00e1n considerar aspectos de educaci\u00f3n ambiental como pilar transversal, con el objetivo de que sea la misma organizaci\u00f3n beneficiaria la que contribuya a la generaci\u00f3n de una cultura ambiental en el entorno en que se encuentra. Las postulaciones estar\u00e1n disponibles entre el 23 de agosto y el 11 de octubre de 2022 a las 14:00, a trav\u00e9s del sitio fondos.mma.gob.cl.<\/p>\n<p style=\"text-align: justify;\"><strong>XXVI CONCURSO FPA 2023<\/strong><\/p>\n<p style=\"text-align: justify;\">Para el proceso 2023 est\u00e1n planificadas ocho l\u00edneas de trabajo. Para tres de ellas se podr\u00e1 postular desde el 23 de agosto y los cinco restantes durante el \u00faltimo trimestre de 2022.<\/p>\n<p style=\"text-align: justify;\">Las tipolog\u00edas a las que se puede postular son: Iniciativas Sustentables de Pueblos Ind\u00edgenas, Iniciativas Sustentables Ciudadanas e Iniciativas Sustentables de Establecimientos Educacionales.<\/p>\n<p style=\"text-align: justify;\">Junto con esto, durante el \u00faltimo trimestre de 2022 se lanzar\u00e1n 5 concursos adicionales que responden a distintas necesidades ambientales. Las tem\u00e1ticas ser\u00e1n: Elaboraci\u00f3n e Implementaci\u00f3n Temprana de Planes de Gesti\u00f3n de Humedales Urbanos y Rurales, Fortalecimiento de Santuarios de la Naturaleza, Fortalecimiento de Santuarios de la Naturaleza, Archipi\u00e9lago Juan Fern\u00e1ndez End\u00e9mico, Gesti\u00f3n H\u00eddrica Local y Emprendimientos Circulares para Comunidades Chilotas.<\/p>\n<p style=\"text-align: justify;\">Durante el a\u00f1o 2022, correspondiente al XXV Concurso, el FPA aprob\u00f3 145 iniciativas a nivel nacional por un total de M$670.000.<\/p>\n<\/div><\/section><\/div><div  style='height:50px' class='hr hr-invisible   avia-builder-el-6  el_after_av_one_full  el_before_av_social_share '><span class='hr-inner ' ><span class='hr-inner-style'><\/span><\/span><\/div><\/p>\n<div  class='av-social-sharing-box  avia-builder-el-7  el_after_av_hr  el_before_av_hr  '><div class='av-share-box'><h5 class='av-share-link-description av-no-toc '>Compartir esta noticia<\/h5><ul class='av-share-box-list noLightbox'><li class='av-share-link av-social-link-facebook' ><a target=\"_blank\" aria-label=\"Compartir en Facebook\" href='https:\/\/www.facebook.com\/sharer.php?u=https:\/\/radiorevelacionfm.cl\/?p=20883&#038;t=Subsecretario%20del%20Medio%20Ambiente%20lanza%20Fondo%20de%20Protecci%C3%B3n%20Ambiental%20en%20Coyhaique' aria-hidden='false' data-av_icon='\ue8f3' data-av_iconfont='entypo-fontello' title='' data-avia-related-tooltip='Compartir en Facebook' rel=\"noopener\"><span class='avia_hidden_link_text'>Compartir en Facebook<\/span><\/a><\/li><li class='av-share-link av-social-link-twitter' ><a target=\"_blank\" aria-label=\"Compartir en Twitter\" href='https:\/\/twitter.com\/share?text=Subsecretario%20del%20Medio%20Ambiente%20lanza%20Fondo%20de%20Protecci%C3%B3n%20Ambiental%20en%20Coyhaique&#038;url=https:\/\/radiorevelacionfm.cl\/?p=20883' aria-hidden='false' data-av_icon='\ue8f1' data-av_iconfont='entypo-fontello' title='' data-avia-related-tooltip='Compartir en Twitter' rel=\"noopener\"><span class='avia_hidden_link_text'>Compartir en Twitter<\/span><\/a><\/li><li class='av-share-link av-social-link-whatsapp' ><a target=\"_blank\" aria-label=\"Compartir en Whatsapp\" href='https:\/\/api.whatsapp.com\/send?text=https:\/\/radiorevelacionfm.cl\/?p=20883' aria-hidden='false' data-av_icon='\uf232' data-av_iconfont='entypo-fontello' title='' data-avia-related-tooltip='Compartir en Whatsapp' rel=\"noopener\"><span class='avia_hidden_link_text'>Compartir en Whatsapp<\/span><\/a><\/li><li class='av-share-link av-social-link-linkedin' ><a target=\"_blank\" aria-label=\"Compartir en LinkedIn\" href='https:\/\/linkedin.com\/shareArticle?mini=true&#038;title=Subsecretario%20del%20Medio%20Ambiente%20lanza%20Fondo%20de%20Protecci%C3%B3n%20Ambiental%20en%20Coyhaique&#038;url=https:\/\/radiorevelacionfm.cl\/?p=20883' aria-hidden='false' data-av_icon='\ue8fc' data-av_iconfont='entypo-fontello' title='' data-avia-related-tooltip='Compartir en LinkedIn' rel=\"noopener\"><span class='avia_hidden_link_text'>Compartir en LinkedIn<\/span><\/a><\/li><li class='av-share-link av-social-link-mail' ><a  aria-label=\"Compartir por correo\" href='mailto:?subject=Subsecretario%20del%20Medio%20Ambiente%20lanza%20Fondo%20de%20Protecci%C3%B3n%20Ambiental%20en%20Coyhaique&#038;body=https:\/\/radiorevelacionfm.cl\/?p=20883' aria-hidden='false' data-av_icon='\ue805' data-av_iconfont='entypo-fontello' title='' data-avia-related-tooltip='Compartir por correo'><span class='avia_hidden_link_text'>Compartir por correo<\/span><\/a><\/li><\/ul><\/div><\/div>\n<div  style='height:50px' class='hr hr-invisible   avia-builder-el-8  el_after_av_social_share  el_before_av_comments_list '><span class='hr-inner ' ><span class='hr-inner-style'><\/span><\/span><\/div>\n<div  class='av-buildercomment  av-blog-meta-html-info-disabled av-blog-meta-tag-disabled  '><\/div>\n","protected":false},"excerpt":{"rendered":"","protected":false},"author":1,"featured_media":20885,"comment_status":"open","ping_status":"open","sticky":false,"template":"","format":"standard","meta":{"footnotes":""},"categories":[39],"tags":[],"class_list":["post-20883","post","type-post","status-publish","format-standard","has-post-thumbnail","hentry","category-medio-ambiente"],"jetpack_featured_media_url":"https:\/\/radiorevelacionfm.cl\/wp-content\/uploads\/2022\/08\/whatsapp-image-2022-08-23-at-11_optimized.04.47-am-1.jpeg","_links":{"self":[{"href":"https:\/\/radiorevelacionfm.cl\/index.php?rest_route=\/wp\/v2\/posts\/20883","targetHints":{"allow":["GET"]}}],"collection":[{"href":"https:\/\/radiorevelacionfm.cl\/index.php?rest_route=\/wp\/v2\/posts"}],"about":[{"href":"https:\/\/radiorevelacionfm.cl\/index.php?rest_route=\/wp\/v2\/types\/post"}],"author":[{"embeddable":true,"href":"https:\/\/radiorevelacionfm.cl\/index.php?rest_route=\/wp\/v2\/users\/1"}],"replies":[{"embeddable":true,"href":"https:\/\/radiorevelacionfm.cl\/index.php?rest_route=%2Fwp%2Fv2%2Fcomments&post=20883"}],"version-history":[{"count":2,"href":"https:\/\/radiorevelacionfm.cl\/index.php?rest_route=\/wp\/v2\/posts\/20883\/revisions"}],"predecessor-version":[{"id":20887,"href":"https:\/\/radiorevelacionfm.cl\/index.php?rest_route=\/wp\/v2\/posts\/20883\/revisions\/20887"}],"wp:featuredmedia":[{"embeddable":true,"href":"https:\/\/radiorevelacionfm.cl\/index.php?rest_route=\/wp\/v2\/media\/20885"}],"wp:attachment":[{"href":"https:\/\/radiorevelacionfm.cl\/index.php?rest_route=%2Fwp%2Fv2%2Fmedia&parent=20883"}],"wp:term":[{"taxonomy":"category","embeddable":true,"href":"https:\/\/radiorevelacionfm.cl\/index.php?rest_route=%2Fwp%2Fv2%2Fcategories&post=20883"},{"taxonomy":"post_tag","embeddable":true,"href":"https:\/\/radiorevelacionfm.cl\/index.php?rest_route=%2Fwp%2Fv2%2Ftags&post=20883"}],"curies":[{"name":"wp","href":"https:\/\/api.w.org\/{rel}","templated":true}]}}