{"id":20878,"date":"2022-08-23T13:13:00","date_gmt":"2022-08-23T16:13:00","guid":{"rendered":"https:\/\/radiorevelacionfm.cl\/?p=20878"},"modified":"2022-08-23T13:13:00","modified_gmt":"2022-08-23T16:13:00","slug":"pyme-de-la-region-es-fortalecida-en-su-digitalizacion-gracias-a-programa-fpyme-aysen","status":"publish","type":"post","link":"https:\/\/radiorevelacionfm.cl\/?p=20878","title":{"rendered":"Pyme de la regi\u00f3n es fortalecida en su digitalizaci\u00f3n gracias a programa Fpyme Ays\u00e9n"},"content":{"rendered":"<div class=\"flex_column av_one_full  flex_column_div av-zero-column-padding first  avia-builder-el-0  el_before_av_one_full  avia-builder-el-first  \" style='border-radius:0px; '><div  class='avia-image-container  av-styling-    avia-builder-el-1  avia-builder-el-no-sibling  avia-align-center '  itemprop=\"image\" itemscope=\"itemscope\" itemtype=\"https:\/\/schema.org\/ImageObject\"  ><div class='avia-image-container-inner'><div class='avia-image-overlay-wrap'><img decoding=\"async\" class='wp-image-20879 avia-img-lazy-loading-not-20879 avia_image' src=\"https:\/\/radiorevelacionfm.cl\/wp-content\/uploads\/2022\/08\/image-78-1_optimized.jpg\" alt='' title='image-(78)-(1)_optimized' height=\"600\" width=\"891\"  itemprop=\"thumbnailUrl\" srcset=\"https:\/\/radiorevelacionfm.cl\/wp-content\/uploads\/2022\/08\/image-78-1_optimized.jpg 891w, https:\/\/radiorevelacionfm.cl\/wp-content\/uploads\/2022\/08\/image-78-1_optimized-300x202.jpg 300w, https:\/\/radiorevelacionfm.cl\/wp-content\/uploads\/2022\/08\/image-78-1_optimized-768x517.jpg 768w, https:\/\/radiorevelacionfm.cl\/wp-content\/uploads\/2022\/08\/image-78-1_optimized-705x475.jpg 705w, https:\/\/radiorevelacionfm.cl\/wp-content\/uploads\/2022\/08\/image-78-1_optimized-600x404.jpg 600w\" sizes=\"(max-width: 891px) 100vw, 891px\" \/><\/div><\/div><\/div><\/div>\n<div class=\"flex_column av_one_full  flex_column_div av-zero-column-padding first  avia-builder-el-2  el_after_av_one_full  el_before_av_one_full  column-top-margin\" style='border-radius:0px; '><section class=\"av_textblock_section \"  itemscope=\"itemscope\" itemtype=\"https:\/\/schema.org\/BlogPosting\" itemprop=\"blogPost\" ><div class='avia_textblock  '   itemprop=\"text\" ><p style=\"text-align: center;\"><strong><span style=\"font-size: 18pt;\">Pyme de la regi\u00f3n es fortalecida en su digitalizaci\u00f3n gracias a programa Fpyme Ays\u00e9n<\/span><\/strong><\/p>\n<div id=\"gtx-trans\" style=\"position: absolute; left: -50px; top: 4.31534px;\">\n<div class=\"gtx-trans-icon\"><\/div>\n<\/div>\n<\/div><\/section><\/div><div class=\"flex_column av_one_full  flex_column_div av-zero-column-padding first  avia-builder-el-4  el_after_av_one_full  el_before_av_hr  column-top-margin\" style='border-radius:0px; '><section class=\"av_textblock_section \"  itemscope=\"itemscope\" itemtype=\"https:\/\/schema.org\/BlogPosting\" itemprop=\"blogPost\" ><div class='avia_textblock  '   itemprop=\"text\" ><p class=\"v1MsoNormal\" style=\"text-align: justify;\">La empresa regional con funcionamiento desde hace m\u00e1s de 8 a\u00f1os en la zona, recientemente ha incorporado dentro de su gesti\u00f3n de trabajo el sistema de ERPyme, que tiene como prop\u00f3sito eliminar la mortalidad de las pymes a trav\u00e9s del acceso y uso de herramientas de gesti\u00f3n que les permitan ordenar sus finanzas.<\/p>\n<p class=\"v1MsoNormal\" style=\"text-align: justify;\">Fue mediante el diagn\u00f3stico de ingreso realizado por el equipo del programa Fortalece Pyme de Corfo, que Enrique Mart\u00ednez, creador de Cortinaje Sur Austral encontr\u00f3 la soluci\u00f3n para la organizaci\u00f3n de su emprendimiento, para lo que indic\u00f3 que mediante la implementaci\u00f3n de este software logr\u00f3 sincronizar y concentrar toda su informaci\u00f3n en una sola plataforma digital.<\/p>\n<p class=\"v1MsoNormal\" style=\"text-align: justify;\">Este emprendimiento regional, se dedica principalmente al armado e instalaci\u00f3n de cortinas roller, donde adem\u00e1s cuenta con gran variedad de telas para ofrecer a sus clientes, junto con brindar asesor\u00eda de acuerdo a las preferencias de cada comprador para satisfacer finalmente sus gustos y necesidades.<\/p>\n<p class=\"v1MsoNormal\" style=\"text-align: justify;\">En tal sentido, y ya con la incorporaci\u00f3n de ERPyme a su empresa, Enrique Mart\u00ednez coment\u00f3 \u00abNosotros podemos cotizar, ver el contacto con los proveedores, facturar y tener una comunicaci\u00f3n m\u00e1s r\u00e1pida y \u00e1gil hacia los clientes. Recomiendo Fpyme desde un punto de vista estrat\u00e9gico para cualquier emprendedor, el ordenamiento y log\u00edstica ayudar\u00e1 a hacer mucho m\u00e1s eficiente la atenci\u00f3n hacia los clientes.\u00bb<\/p>\n<p class=\"v1MsoNormal\" style=\"text-align: justify;\">Tras el acompa\u00f1amiento para la digitalizaci\u00f3n de su emprendimiento, Enrique no solo quiere alcanzar un mayor n\u00famero de clientes, sino que tambi\u00e9n entregar un servicio de calidad, acorde a los tiempos en los que vivimos al d\u00eda de hoy.<\/p>\n<p class=\"v1MsoNormal\" style=\"text-align: justify;\">Por su parte Matias Broussangaray gerente del programa Fpyme destac\u00f3 que \u00abLos sistemas de gesti\u00f3n interna para la generaci\u00f3n y control de documentos, inventario y cobranza, es solamente uno de las herramientas digitales con las que contamos en nuestro portafolio. Tenemos m\u00e1s de 25 alianzas con proveedores tanto nacionales como internacionales para poder apoyar a las empresas de la regi\u00f3n, en todos los requerimientos que tengan\u00bb.<\/p>\n<p class=\"v1MsoNormal\" style=\"text-align: justify;\">Tal como a Enrique, podemos apoyarte tanto en tus necesidades digitales, ya sean paginas web, e commerce, sistemas de reservas y mucho m\u00e1s. Recuerda visitar\u00a0<a href=\"http:\/\/www.fpymeaysen.cl\/\" target=\"_blank\" rel=\"noopener noreferrer\">www.fpymeaysen.cl<\/a>\u00a0y nuestras redes sociales en Instagram fpyme_aysen y Facebook fpyme_aysen.<\/p>\n<div style=\"text-align: justify;\"><\/div>\n<\/div><\/section><\/div><\/p>\n<div  style='height:50px' class='hr hr-invisible   avia-builder-el-6  el_after_av_one_full  el_before_av_social_share '><span class='hr-inner ' ><span class='hr-inner-style'><\/span><\/span><\/div>\n<div  class='av-social-sharing-box  avia-builder-el-7  el_after_av_hr  el_before_av_hr  '><div class='av-share-box'><h5 class='av-share-link-description av-no-toc '>Compartir esta noticia<\/h5><ul class='av-share-box-list noLightbox'><li class='av-share-link av-social-link-facebook' ><a target=\"_blank\" aria-label=\"Compartir en Facebook\" href='https:\/\/www.facebook.com\/sharer.php?u=https:\/\/radiorevelacionfm.cl\/?p=20878&#038;t=Pyme%20de%20la%20regi%C3%B3n%20es%20fortalecida%20en%20su%20digitalizaci%C3%B3n%20gracias%20a%20programa%20Fpyme%20Ays%C3%A9n' aria-hidden='false' data-av_icon='\ue8f3' data-av_iconfont='entypo-fontello' title='' data-avia-related-tooltip='Compartir en Facebook' rel=\"noopener\"><span class='avia_hidden_link_text'>Compartir en Facebook<\/span><\/a><\/li><li class='av-share-link av-social-link-twitter' ><a target=\"_blank\" aria-label=\"Compartir en Twitter\" href='https:\/\/twitter.com\/share?text=Pyme%20de%20la%20regi%C3%B3n%20es%20fortalecida%20en%20su%20digitalizaci%C3%B3n%20gracias%20a%20programa%20Fpyme%20Ays%C3%A9n&#038;url=https:\/\/radiorevelacionfm.cl\/?p=20878' aria-hidden='false' data-av_icon='\ue8f1' data-av_iconfont='entypo-fontello' title='' data-avia-related-tooltip='Compartir en Twitter' rel=\"noopener\"><span class='avia_hidden_link_text'>Compartir en Twitter<\/span><\/a><\/li><li class='av-share-link av-social-link-whatsapp' ><a target=\"_blank\" aria-label=\"Compartir en Whatsapp\" href='https:\/\/api.whatsapp.com\/send?text=https:\/\/radiorevelacionfm.cl\/?p=20878' aria-hidden='false' data-av_icon='\uf232' data-av_iconfont='entypo-fontello' title='' data-avia-related-tooltip='Compartir en Whatsapp' rel=\"noopener\"><span class='avia_hidden_link_text'>Compartir en Whatsapp<\/span><\/a><\/li><li class='av-share-link av-social-link-linkedin' ><a target=\"_blank\" aria-label=\"Compartir en LinkedIn\" href='https:\/\/linkedin.com\/shareArticle?mini=true&#038;title=Pyme%20de%20la%20regi%C3%B3n%20es%20fortalecida%20en%20su%20digitalizaci%C3%B3n%20gracias%20a%20programa%20Fpyme%20Ays%C3%A9n&#038;url=https:\/\/radiorevelacionfm.cl\/?p=20878' aria-hidden='false' data-av_icon='\ue8fc' data-av_iconfont='entypo-fontello' title='' data-avia-related-tooltip='Compartir en LinkedIn' rel=\"noopener\"><span class='avia_hidden_link_text'>Compartir en LinkedIn<\/span><\/a><\/li><li class='av-share-link av-social-link-mail' ><a  aria-label=\"Compartir por correo\" href='mailto:?subject=Pyme%20de%20la%20regi%C3%B3n%20es%20fortalecida%20en%20su%20digitalizaci%C3%B3n%20gracias%20a%20programa%20Fpyme%20Ays%C3%A9n&#038;body=https:\/\/radiorevelacionfm.cl\/?p=20878' aria-hidden='false' data-av_icon='\ue805' data-av_iconfont='entypo-fontello' title='' data-avia-related-tooltip='Compartir por correo'><span class='avia_hidden_link_text'>Compartir por correo<\/span><\/a><\/li><\/ul><\/div><\/div>\n<div  style='height:50px' class='hr hr-invisible   avia-builder-el-8  el_after_av_social_share  el_before_av_comments_list '><span class='hr-inner ' ><span class='hr-inner-style'><\/span><\/span><\/div>\n<div  class='av-buildercomment  av-blog-meta-html-info-disabled av-blog-meta-tag-disabled  '><\/div>\n","protected":false},"excerpt":{"rendered":"","protected":false},"author":1,"featured_media":20879,"comment_status":"open","ping_status":"open","sticky":false,"template":"","format":"standard","meta":{"footnotes":""},"categories":[45],"tags":[],"class_list":["post-20878","post","type-post","status-publish","format-standard","has-post-thumbnail","hentry","category-comercio"],"jetpack_featured_media_url":"https:\/\/radiorevelacionfm.cl\/wp-content\/uploads\/2022\/08\/image-78-1_optimized.jpg","_links":{"self":[{"href":"https:\/\/radiorevelacionfm.cl\/index.php?rest_route=\/wp\/v2\/posts\/20878","targetHints":{"allow":["GET"]}}],"collection":[{"href":"https:\/\/radiorevelacionfm.cl\/index.php?rest_route=\/wp\/v2\/posts"}],"about":[{"href":"https:\/\/radiorevelacionfm.cl\/index.php?rest_route=\/wp\/v2\/types\/post"}],"author":[{"embeddable":true,"href":"https:\/\/radiorevelacionfm.cl\/index.php?rest_route=\/wp\/v2\/users\/1"}],"replies":[{"embeddable":true,"href":"https:\/\/radiorevelacionfm.cl\/index.php?rest_route=%2Fwp%2Fv2%2Fcomments&post=20878"}],"version-history":[{"count":3,"href":"https:\/\/radiorevelacionfm.cl\/index.php?rest_route=\/wp\/v2\/posts\/20878\/revisions"}],"predecessor-version":[{"id":20882,"href":"https:\/\/radiorevelacionfm.cl\/index.php?rest_route=\/wp\/v2\/posts\/20878\/revisions\/20882"}],"wp:featuredmedia":[{"embeddable":true,"href":"https:\/\/radiorevelacionfm.cl\/index.php?rest_route=\/wp\/v2\/media\/20879"}],"wp:attachment":[{"href":"https:\/\/radiorevelacionfm.cl\/index.php?rest_route=%2Fwp%2Fv2%2Fmedia&parent=20878"}],"wp:term":[{"taxonomy":"category","embeddable":true,"href":"https:\/\/radiorevelacionfm.cl\/index.php?rest_route=%2Fwp%2Fv2%2Fcategories&post=20878"},{"taxonomy":"post_tag","embeddable":true,"href":"https:\/\/radiorevelacionfm.cl\/index.php?rest_route=%2Fwp%2Fv2%2Ftags&post=20878"}],"curies":[{"name":"wp","href":"https:\/\/api.w.org\/{rel}","templated":true}]}}