{"id":20865,"date":"2022-08-23T10:27:18","date_gmt":"2022-08-23T13:27:18","guid":{"rendered":"https:\/\/radiorevelacionfm.cl\/?p=20865"},"modified":"2022-08-23T10:27:18","modified_gmt":"2022-08-23T13:27:18","slug":"dos-empresas-de-la-region-de-aysen-reciben-sello-40-horas-tras-reducir-su-jornada-laboral","status":"publish","type":"post","link":"https:\/\/radiorevelacionfm.cl\/?p=20865","title":{"rendered":"Dos empresas de la regi\u00f3n de Ays\u00e9n reciben Sello 40 horas tras reducir su jornada laboral"},"content":{"rendered":"<div class=\"flex_column av_one_full  flex_column_div av-zero-column-padding first  avia-builder-el-0  el_before_av_one_full  avia-builder-el-first  \" style='border-radius:0px; '><div  class='avia-image-container  av-styling-    avia-builder-el-1  avia-builder-el-no-sibling  avia-align-center '  itemprop=\"image\" itemscope=\"itemscope\" itemtype=\"https:\/\/schema.org\/ImageObject\"  ><div class='avia-image-container-inner'><div class='avia-image-overlay-wrap'><img decoding=\"async\" class='wp-image-20866 avia-img-lazy-loading-not-20866 avia_image' src=\"https:\/\/radiorevelacionfm.cl\/wp-content\/uploads\/2022\/08\/certificado_sello40horas_aysen_agosto-7b-1_optimized.jpg\" alt='' title='certificado_sello40horas_aysen_agosto-(7)b-(1)_optimized' height=\"600\" width=\"1001\"  itemprop=\"thumbnailUrl\" srcset=\"https:\/\/radiorevelacionfm.cl\/wp-content\/uploads\/2022\/08\/certificado_sello40horas_aysen_agosto-7b-1_optimized.jpg 1001w, https:\/\/radiorevelacionfm.cl\/wp-content\/uploads\/2022\/08\/certificado_sello40horas_aysen_agosto-7b-1_optimized-300x180.jpg 300w, https:\/\/radiorevelacionfm.cl\/wp-content\/uploads\/2022\/08\/certificado_sello40horas_aysen_agosto-7b-1_optimized-768x460.jpg 768w, https:\/\/radiorevelacionfm.cl\/wp-content\/uploads\/2022\/08\/certificado_sello40horas_aysen_agosto-7b-1_optimized-705x423.jpg 705w, https:\/\/radiorevelacionfm.cl\/wp-content\/uploads\/2022\/08\/certificado_sello40horas_aysen_agosto-7b-1_optimized-600x360.jpg 600w\" sizes=\"(max-width: 1001px) 100vw, 1001px\" \/><\/div><\/div><\/div><\/div><div class=\"flex_column av_one_full  flex_column_div av-zero-column-padding first  avia-builder-el-2  el_after_av_one_full  el_before_av_one_full  column-top-margin\" style='border-radius:0px; '><section class=\"av_textblock_section \"  itemscope=\"itemscope\" itemtype=\"https:\/\/schema.org\/BlogPosting\" itemprop=\"blogPost\" ><div class='avia_textblock  '   itemprop=\"text\" ><p style=\"text-align: center;\"><strong><span style=\"font-size: 18pt;\">Dos empresas de la regi\u00f3n de Ays\u00e9n reciben Sello 40 horas tras reducir su jornada laboral<\/span><\/strong><\/p>\n<div id=\"gtx-trans\" style=\"position: absolute; left: -50px; top: 4.31534px;\">\n<div class=\"gtx-trans-icon\"><\/div>\n<\/div>\n<\/div><\/section><\/div><div class=\"flex_column av_one_full  flex_column_div av-zero-column-padding first  avia-builder-el-4  el_after_av_one_full  el_before_av_hr  column-top-margin\" style='border-radius:0px; '><section class=\"av_textblock_section \"  itemscope=\"itemscope\" itemtype=\"https:\/\/schema.org\/BlogPosting\" itemprop=\"blogPost\" ><div class='avia_textblock  '   itemprop=\"text\" ><p class=\"v1MsoNormal\" style=\"text-align: justify;\"><span lang=\"ES-MX\">El Ministerio del Trabajo y Previsi\u00f3n Social de la Regi\u00f3n de Ays\u00e9n entreg\u00f3 el reconocimiento \u00abSello 40 Horas\u00bb a las primeras dos empresas de la regi\u00f3n: Oficina de contabilidad Osvaldo Gallardo y la Cl\u00ednica R\u00edo Tranquilo Ltda.<\/span><\/p>\n<p class=\"v1MsoNormal\" style=\"text-align: justify;\"><span lang=\"ES-MX\">Esta certificaci\u00f3n \u00abSello 40 horas\u00bb es un reconocimiento p\u00fablico, de car\u00e1cter promocional, que entrega el ministerio a las empresas\u00a0de todo tama\u00f1o o rubro, que implementen una\u00a0jornada laboral ordinaria de 40 o menos horas semanales,\u00a0como una\u00a0acci\u00f3n\u00a0concreta de fomento al trabajo\u00a0decente\u00a0y al desarrollo de un buen vivir.<\/span><\/p>\n<p style=\"text-align: justify;\"><span lang=\"ES-MX\">El Delegado Regional Presidencial, Rodrigo Araya, record\u00f3 el inicio de la discusi\u00f3n de la jornada semanal a 40 horas y su importancia en la calidad de vida de las y los trabajadores, \u00abEsta ley inici\u00f3 su tr\u00e1mite el a\u00f1o 2017 con la diputada Cariola y la diputada Vallejos, y el hito que estamos realizando en este Gobierno justamente es levantar este tema, que empiece la discusi\u00f3n, la conversaci\u00f3n, justamente considerando todos estos elementos, las diferencias que hay entre distintos sectores productivos, las distintas empresas, c\u00f3mo se pueden adaptar o no a estas 40 horas. La gradualidad, la adaptabilidad fundamentalmente tiene que estar en esta nueva legislaci\u00f3n. Y hemos visto y ahora reci\u00e9n hemos escuchado de parte de las mismas personas que trabajan en estas empresas, lo importante de esta reducci\u00f3n horaria. C\u00f3mo esa hora que se disminuye al d\u00eda genera tambi\u00e9n cambios positivos, sobre todo en la vida familiar. Pero tambi\u00e9n destacamos a las dos empresas, que si bien es cierto son de servicios, han implementado esta estrategia y tambi\u00e9n eso demuestra que se puede, se puede generar esa instancia, esa coordinaci\u00f3n, esa gesti\u00f3n administrativa para poder lograr esta reducci\u00f3n horaria de 40 horas. As\u00ed es que estamos muy contentos por ello y seguiremos con este trabajo legislativo para avanzar definitivamente en una ley que permita a la gran mayor\u00eda de nuestra poblaci\u00f3n trabajadora llegar a este horario\u00bb.<\/span><\/p>\n<p style=\"text-align: justify;\"><span lang=\"ES-MX\">\u00abDentro del Gobierno del Presidente Boric, este es un hito fundamental. Hoy estamos distinguiendo a dos empresas que antes que las 40 horas sea ley, ellos ya lo han adoptado en sus procesos, procedimiento, en su trabajo y nos demuestran que esto es posible. Nosotros entendemos que cada sector productivo es distinto, que cada sector hay que analizarlo, pero aqu\u00ed va a haber gradualidad, adaptabilidad. Por lo tanto, se va a buscar lo mejor para la empresa y para los trabajadores\u00bb, mencion\u00f3 el seremi del trabajo y Previsi\u00f3n Social, Rodrigo D\u00edaz.<\/span><\/p>\n<p class=\"v1MsoNormal\" style=\"text-align: justify;\"><span lang=\"ES-MX\">Al d\u00eda de hoy, ya se han distinguido a 101 empresas con este sello a nivel nacional, certific\u00e1ndose en todas las regiones durante estos d\u00edas a las primeras empresas. Se han recibido m\u00e1s de 15 postulaciones en la regi\u00f3n y 800 a nivel pa\u00eds.<\/span><\/p>\n<p class=\"v1MsoNormal\" style=\"text-align: justify;\"><span lang=\"ES-MX\">Las autoridades anunciaron que durante los pr\u00f3ximos d\u00edas habr\u00edan novedades con respecto al proyecto de ley.<\/span><\/p>\n<p style=\"text-align: justify;\"><strong><u><span lang=\"ES-MX\">La opini\u00f3n de las empresas certificadas<\/span><\/u><\/strong><u><\/u><\/p>\n<p style=\"text-align: justify;\"><span lang=\"ES-MX\">\u00abEl incentivo es para los trabajadores. Nosotros no somos una empresa productiva, somos una empresa de servicio, pero esos servicios se entregan a \u00a0\u00a0terceras personas, a nuestros clientes y en base a eso, implementar menos horario para las trabajadoras se sientan felices. Yo tengo una reflexi\u00f3n que quiero compartir, los momentos m\u00e1s felices de los trabajadores es cuando llega el fin de mes y sabe que va a llegar el sueldo el \u00faltimo d\u00eda que le van a pagar. Pero ese es un detalle, solamente uno de los de los momentos. Eso mismo es un incentivo para los empleadores para que reduzcan la jornada laboral y los trabajadores puedan compartir m\u00e1s con su familia. Porque es un momento muy feliz cuando salen de su turno y van a compartir con la familia. Eso es lo fundamental\u00bb,\u00a0Osvaldo Gallardo, empleador de oficina de contabilidad.<\/span><\/p>\n<p style=\"text-align: justify;\"><span lang=\"ES-MX\">\u00abNosotras, las tres trabajadoras estamos s\u00faper contentas por esta iniciativa de la reducci\u00f3n de la jornada laboral. Porque compartimos m\u00e1s con nuestra familia y tambi\u00e9n para nosotras como personas. Invitar a otras empresas a tomar esta iniciativa porque nos motiva m\u00e1s un ambiente laboral m\u00e1s c\u00f3modo, menos cansador\u00bb.\u00a0Francisca Saldivia, trabajadora oficina de Contabilidad Osvaldo Gallardo.<\/span><\/p>\n<p style=\"text-align: justify;\"><span lang=\"ES-MX\">\u00abEl emprendimiento privado es fundamental y clave para el desarrollo de la Regi\u00f3n de Ays\u00e9n. Nosotros estamos en el sector salud que requiere de mayor emprendimiento privado. El emprendimiento privado requiere un trabajo colaborativo con toda la gente que trabaja en \u00e9l. Nosotros tenemos empleados, tenemos colaboradores y cuando uno tiene una empresa, hace un trato social con el Estado. El Estado nos pide que le paguemos los impuestos y nosotros tambi\u00e9n tenemos que comprometernos, no solamente a pagar nuestro impuesto, sino que la gente que trabaja con nosotros tenga mejor calidad de vida, comparta con su familia y que el desarrollo de su vida dentro de la empresa le permita tambi\u00e9n ser feliz. Este concepto de rebajar las horas a 40 horas, una hora menos parece poco, pero es muy importante para la salud mental, para la calidad de vida y para el desarrollo de la regi\u00f3n\u00bb.\u00a0Dr. Claudio Vallejos, director m\u00e9dico Cl\u00ednica R\u00edo tranquilo.<\/span><\/p>\n<p style=\"text-align: justify;\"><span lang=\"ES-MX\">\u00abPara m\u00ed ha sido algo s\u00faper bueno. Uno tiene familia, tiene hijos, puede compartir m\u00e1s tiempo con ellos, m\u00e1s tiempo con la familia, con los amigos, el tema de los tr\u00e1mites igual que uno tiene cosas que hacer, as\u00ed que yo lo encuentro s\u00faper bueno y mis compa\u00f1eras tambi\u00e9n. Estamos s\u00faper contentas, s\u00faper felices por esas 40 horas semanales. Anteriormente yo trabajaba en un sistema de turnos en los cuales cuando uno trabaja, no tiene mucho tiempo para muchas cosas. Yo tengo una hija peque\u00f1ita, entonces salir temprano me facilita mucho m\u00e1s la vida, m\u00e1s la convivencia con mi familia y con mi hija\u00bb.\u00a0Carolina Ruiz, Tens Cl\u00ednica R\u00edo Tranquilo.<\/span><\/p>\n<p style=\"text-align: justify;\"><u><span lang=\"ES-MX\">Requisitos para postular<\/span><\/u><u><\/u><\/p>\n<p style=\"text-align: justify;\"><span lang=\"ES-MX\">Para postular, las empresas deben inscribirse en el sitio web\u00a0<a href=\"https:\/\/www.mintrab.gob.cl\/certificacion-sello-40h\/\" target=\"_blank\" rel=\"noopener noreferrer\">https:\/\/www.mintrab.gob.cl\/certificacion-sello-40h\/<\/a>. Entre los requisitos \u2013 que son cotejados por la Subsecretar\u00eda del Trabajo y la Direcci\u00f3n del Trabajo- est\u00e1n:<\/span><u><\/u><\/p>\n<p class=\"v1gmail-MsoNoSpacing\" style=\"text-align: justify;\"><span lang=\"ES-MX\">\u00b7\u00a0 <\/span><span lang=\"ES-MX\">Tener contratado a lo menos el 80% de sus trabajadores con una jornada ordinaria que no superen 40 horas ni menos de 30 horas semanales.<\/span><\/p>\n<p class=\"v1gmail-MsoNoSpacing\" style=\"text-align: justify;\"><span lang=\"ES-MX\">\u00b7\u00a0 <\/span><span lang=\"ES-MX\">No haber sido condenadas por vulneraci\u00f3n a los derechos fundamentales, como el derecho a la vida; respeto y protecci\u00f3n a la vida privada; inviolabilidad del hogar; libertad de conciencia; libertad de opini\u00f3n; libertad de trabajo<\/span><\/p>\n<p class=\"v1gmail-MsoListParagraph\" style=\"text-align: justify;\"><span lang=\"ES-MX\">\u00b7\u00a0 <\/span><span lang=\"ES-MX\">Estar al d\u00eda en el pago de las obligaciones previsionales de sus trabajadores.<\/span><\/p>\n<p style=\"text-align: justify;\"><span lang=\"ES-MX\">Cabe destacar que en la certificaci\u00f3n participaron tambi\u00e9n el diputado Ren\u00e9 Alinco, el Director regional(s) del Trabajo Christian Aros, el Observatorio Laboral y representantes del Sindicato de la Construcci\u00f3n. \u00a0<\/span><\/p>\n<\/div><\/section><\/div><div  style='height:50px' class='hr hr-invisible   avia-builder-el-6  el_after_av_one_full  el_before_av_social_share '><span class='hr-inner ' ><span class='hr-inner-style'><\/span><\/span><\/div><\/p>\n<div  class='av-social-sharing-box  avia-builder-el-7  el_after_av_hr  el_before_av_hr  '><div class='av-share-box'><h5 class='av-share-link-description av-no-toc '>Compartir esta noticia<\/h5><ul class='av-share-box-list noLightbox'><li class='av-share-link av-social-link-facebook' ><a target=\"_blank\" aria-label=\"Compartir en Facebook\" href='https:\/\/www.facebook.com\/sharer.php?u=https:\/\/radiorevelacionfm.cl\/?p=20865&#038;t=Dos%20empresas%20de%20la%20regi%C3%B3n%20de%20Ays%C3%A9n%20reciben%20Sello%2040%20horas%20tras%20reducir%20su%20jornada%20laboral' aria-hidden='false' data-av_icon='\ue8f3' data-av_iconfont='entypo-fontello' title='' data-avia-related-tooltip='Compartir en Facebook' rel=\"noopener\"><span class='avia_hidden_link_text'>Compartir en Facebook<\/span><\/a><\/li><li class='av-share-link av-social-link-twitter' ><a target=\"_blank\" aria-label=\"Compartir en Twitter\" href='https:\/\/twitter.com\/share?text=Dos%20empresas%20de%20la%20regi%C3%B3n%20de%20Ays%C3%A9n%20reciben%20Sello%2040%20horas%20tras%20reducir%20su%20jornada%20laboral&#038;url=https:\/\/radiorevelacionfm.cl\/?p=20865' aria-hidden='false' data-av_icon='\ue8f1' data-av_iconfont='entypo-fontello' title='' data-avia-related-tooltip='Compartir en Twitter' rel=\"noopener\"><span class='avia_hidden_link_text'>Compartir en Twitter<\/span><\/a><\/li><li class='av-share-link av-social-link-whatsapp' ><a target=\"_blank\" aria-label=\"Compartir en Whatsapp\" href='https:\/\/api.whatsapp.com\/send?text=https:\/\/radiorevelacionfm.cl\/?p=20865' aria-hidden='false' data-av_icon='\uf232' data-av_iconfont='entypo-fontello' title='' data-avia-related-tooltip='Compartir en Whatsapp' rel=\"noopener\"><span class='avia_hidden_link_text'>Compartir en Whatsapp<\/span><\/a><\/li><li class='av-share-link av-social-link-linkedin' ><a target=\"_blank\" aria-label=\"Compartir en LinkedIn\" href='https:\/\/linkedin.com\/shareArticle?mini=true&#038;title=Dos%20empresas%20de%20la%20regi%C3%B3n%20de%20Ays%C3%A9n%20reciben%20Sello%2040%20horas%20tras%20reducir%20su%20jornada%20laboral&#038;url=https:\/\/radiorevelacionfm.cl\/?p=20865' aria-hidden='false' data-av_icon='\ue8fc' data-av_iconfont='entypo-fontello' title='' data-avia-related-tooltip='Compartir en LinkedIn' rel=\"noopener\"><span class='avia_hidden_link_text'>Compartir en LinkedIn<\/span><\/a><\/li><li class='av-share-link av-social-link-mail' ><a  aria-label=\"Compartir por correo\" href='mailto:?subject=Dos%20empresas%20de%20la%20regi%C3%B3n%20de%20Ays%C3%A9n%20reciben%20Sello%2040%20horas%20tras%20reducir%20su%20jornada%20laboral&#038;body=https:\/\/radiorevelacionfm.cl\/?p=20865' aria-hidden='false' data-av_icon='\ue805' data-av_iconfont='entypo-fontello' title='' data-avia-related-tooltip='Compartir por correo'><span class='avia_hidden_link_text'>Compartir por correo<\/span><\/a><\/li><\/ul><\/div><\/div>\n<div  style='height:50px' class='hr hr-invisible   avia-builder-el-8  el_after_av_social_share  el_before_av_comments_list '><span class='hr-inner ' ><span class='hr-inner-style'><\/span><\/span><\/div>\n<div  class='av-buildercomment  av-blog-meta-html-info-disabled av-blog-meta-tag-disabled  '><\/div>\n","protected":false},"excerpt":{"rendered":"","protected":false},"author":1,"featured_media":20866,"comment_status":"open","ping_status":"open","sticky":false,"template":"","format":"standard","meta":{"footnotes":""},"categories":[56],"tags":[],"class_list":["post-20865","post","type-post","status-publish","format-standard","has-post-thumbnail","hentry","category-trabajo"],"jetpack_featured_media_url":"https:\/\/radiorevelacionfm.cl\/wp-content\/uploads\/2022\/08\/certificado_sello40horas_aysen_agosto-7b-1_optimized.jpg","_links":{"self":[{"href":"https:\/\/radiorevelacionfm.cl\/index.php?rest_route=\/wp\/v2\/posts\/20865","targetHints":{"allow":["GET"]}}],"collection":[{"href":"https:\/\/radiorevelacionfm.cl\/index.php?rest_route=\/wp\/v2\/posts"}],"about":[{"href":"https:\/\/radiorevelacionfm.cl\/index.php?rest_route=\/wp\/v2\/types\/post"}],"author":[{"embeddable":true,"href":"https:\/\/radiorevelacionfm.cl\/index.php?rest_route=\/wp\/v2\/users\/1"}],"replies":[{"embeddable":true,"href":"https:\/\/radiorevelacionfm.cl\/index.php?rest_route=%2Fwp%2Fv2%2Fcomments&post=20865"}],"version-history":[{"count":2,"href":"https:\/\/radiorevelacionfm.cl\/index.php?rest_route=\/wp\/v2\/posts\/20865\/revisions"}],"predecessor-version":[{"id":20873,"href":"https:\/\/radiorevelacionfm.cl\/index.php?rest_route=\/wp\/v2\/posts\/20865\/revisions\/20873"}],"wp:featuredmedia":[{"embeddable":true,"href":"https:\/\/radiorevelacionfm.cl\/index.php?rest_route=\/wp\/v2\/media\/20866"}],"wp:attachment":[{"href":"https:\/\/radiorevelacionfm.cl\/index.php?rest_route=%2Fwp%2Fv2%2Fmedia&parent=20865"}],"wp:term":[{"taxonomy":"category","embeddable":true,"href":"https:\/\/radiorevelacionfm.cl\/index.php?rest_route=%2Fwp%2Fv2%2Fcategories&post=20865"},{"taxonomy":"post_tag","embeddable":true,"href":"https:\/\/radiorevelacionfm.cl\/index.php?rest_route=%2Fwp%2Fv2%2Ftags&post=20865"}],"curies":[{"name":"wp","href":"https:\/\/api.w.org\/{rel}","templated":true}]}}