{"id":20862,"date":"2022-08-23T11:25:40","date_gmt":"2022-08-23T14:25:40","guid":{"rendered":"https:\/\/radiorevelacionfm.cl\/?p=20862"},"modified":"2022-08-23T11:25:40","modified_gmt":"2022-08-23T14:25:40","slug":"mop-refuerza-capacidades-de-comunidad-de-aguas-superficiales-carretera-austral-ruta-siete","status":"publish","type":"post","link":"https:\/\/radiorevelacionfm.cl\/?p=20862","title":{"rendered":"MOP refuerza capacidades de Comunidad de Aguas Superficiales Carretera Austral Ruta Siete"},"content":{"rendered":"<div class=\"flex_column av_one_full  flex_column_div av-zero-column-padding first  avia-builder-el-0  el_before_av_one_full  avia-builder-el-first  \" style='border-radius:0px; '><div  class='avia-image-container  av-styling-    avia-builder-el-1  avia-builder-el-no-sibling  avia-align-center '  itemprop=\"image\" itemscope=\"itemscope\" itemtype=\"https:\/\/schema.org\/ImageObject\"  ><div class='avia-image-container-inner'><div class='avia-image-overlay-wrap'><img decoding=\"async\" class='wp-image-20863 avia-img-lazy-loading-not-20863 avia_image' src=\"https:\/\/radiorevelacionfm.cl\/wp-content\/uploads\/2022\/08\/IMG-20220822-WA0016-1-1.jpg\" alt='' title='IMG-20220822-WA0016 (1) (1)' height=\"600\" width=\"1067\"  itemprop=\"thumbnailUrl\" srcset=\"https:\/\/radiorevelacionfm.cl\/wp-content\/uploads\/2022\/08\/IMG-20220822-WA0016-1-1.jpg 1067w, https:\/\/radiorevelacionfm.cl\/wp-content\/uploads\/2022\/08\/IMG-20220822-WA0016-1-1-300x169.jpg 300w, https:\/\/radiorevelacionfm.cl\/wp-content\/uploads\/2022\/08\/IMG-20220822-WA0016-1-1-1030x579.jpg 1030w, https:\/\/radiorevelacionfm.cl\/wp-content\/uploads\/2022\/08\/IMG-20220822-WA0016-1-1-768x432.jpg 768w, https:\/\/radiorevelacionfm.cl\/wp-content\/uploads\/2022\/08\/IMG-20220822-WA0016-1-1-705x396.jpg 705w, https:\/\/radiorevelacionfm.cl\/wp-content\/uploads\/2022\/08\/IMG-20220822-WA0016-1-1-600x337.jpg 600w\" sizes=\"(max-width: 1067px) 100vw, 1067px\" \/><\/div><\/div><\/div><\/div><div class=\"flex_column av_one_full  flex_column_div av-zero-column-padding first  avia-builder-el-2  el_after_av_one_full  el_before_av_one_full  column-top-margin\" style='border-radius:0px; '><section class=\"av_textblock_section \"  itemscope=\"itemscope\" itemtype=\"https:\/\/schema.org\/BlogPosting\" itemprop=\"blogPost\" ><div class='avia_textblock  '   itemprop=\"text\" ><p style=\"text-align: center;\"><strong><span style=\"font-size: 18pt;\">MOP refuerza capacidades de Comunidad de Aguas Superficiales Carretera Austral Ruta Siete<\/span><\/strong><\/p>\n<div id=\"gtx-trans\" style=\"position: absolute; left: -50px; top: 4.31534px;\">\n<div class=\"gtx-trans-icon\"><\/div>\n<\/div>\n<\/div><\/section><\/div><div class=\"flex_column av_one_full  flex_column_div av-zero-column-padding first  avia-builder-el-4  el_after_av_one_full  el_before_av_hr  column-top-margin\" style='border-radius:0px; '><section class=\"av_textblock_section \"  itemscope=\"itemscope\" itemtype=\"https:\/\/schema.org\/BlogPosting\" itemprop=\"blogPost\" ><div class='avia_textblock  '   itemprop=\"text\" ><p style=\"text-align: justify;\">Recientemente los integrantes de la Comunidad de Aguas Superficiales Carretera Austral Ruta Siete Norte Kil\u00f3metro 30 de la comuna de Coyhaique, tuvieron una capacitaci\u00f3n con miras a dirigir su primera Junta General Ordinaria el pr\u00f3ximo 10 de septiembre. La agrupaci\u00f3n, registrada el 10 de mayo de este a\u00f1o en la Direcci\u00f3n General de Aguas del Ministerio de Obras P\u00fablicas (MOP), cuenta con 17 comuneras y comuneros en su registro.<\/p>\n<p style=\"text-align: justify;\">H\u00e9ctor Cort\u00e9s, director de Aguas del MOP en la regi\u00f3n de Ays\u00e9n, se\u00f1al\u00f3 que la capacitaci\u00f3n la efectu\u00f3 Carlos Flores Olivares, abogado de la DGA-MOP Regional, quien expuso sobre las formalidades que debe tener una convocatoria de este tipo, poderes de representaci\u00f3n para aquellos comuneros que no puedan asistir, qu\u00f3rums con los cuales se puede sesionar, acuerdos que se pueden adoptar en este tipo de juntas y los pasos posteriores a la celebraci\u00f3n de la Junta, adem\u00e1s de resolver las dudas planteadas respecto de los estatutos que rigen la organizaci\u00f3n.<\/p>\n<p style=\"text-align: justify;\">Cort\u00e9s resalt\u00f3 la importancia de este tipo de organizaciones para hacer un manejo efectivo del recurso h\u00eddrico, con un ordenamiento y control interno que les permita realizar un adecuado manejo de la cuenca con un control de extracci\u00f3n oportuno y tomando decisiones colectivas desde el territorio. Agreg\u00f3 que, \u201cal estar conformados legalmente, como comunidad podr\u00e1n postular a fondos estatales para incrementar sus capacidades o sumar tecnolog\u00edas a su gesti\u00f3n\u201d.<\/p>\n<p style=\"text-align: justify;\">Con la reforma al C\u00f3digo de Aguas, publicada en abril pasado, ahora se establece que la DGA junto con supervigilar el funcionamiento de las organizaciones de usuarios y usuarias, debe brindarles la asesor\u00eda t\u00e9cnica y legal para su constituci\u00f3n y operaci\u00f3n.<\/p>\n<p style=\"text-align: justify;\">\u201cEs por eso que estamos apoyando tambi\u00e9n el registro de las futuras comunidades de aguas en las localidades de Fachinal y Puerto Guadal, comuna de Chile Chico; Puerto Ib\u00e1\u00f1ez y Levic\u00e1n, en la comuna de R\u00edo Ib\u00e1\u00f1ez. En Fachinal y Puerto Guadal se trabaja en forma conjunta con los funcionarios de la delegaci\u00f3n provincial de General Carrera, y en el caso de Puerto Ib\u00e1\u00f1ez y Levic\u00e1n con funcionarios de la SEREMI de Agricultura\u201d, coment\u00f3 el director regional de Agua del MOP.<\/p>\n<p style=\"text-align: justify;\">Actualmente, en la regi\u00f3n de Ays\u00e9n existen cinco comunidades de aguas registradas, todas de aguas superficiales. \u00c9stas son Comunidad de Aguas Canal Chile Chico, en la comuna de Chile Chico; Comunidad de Aguas El Claro, Comunidad de Aguas Mano Negra y Comunidad de Aguas Carretera Austral Ruta Siete Norte Kil\u00f3metro 30, en la comuna de Coyhaique; y Comunidad de Aguas Estero El Tamanguito, comuna de Cochrane.<\/p>\n<\/div><\/section><\/div><div  style='height:50px' class='hr hr-invisible   avia-builder-el-6  el_after_av_one_full  el_before_av_social_share '><span class='hr-inner ' ><span class='hr-inner-style'><\/span><\/span><\/div><\/p>\n<div  class='av-social-sharing-box  avia-builder-el-7  el_after_av_hr  el_before_av_hr  '><div class='av-share-box'><h5 class='av-share-link-description av-no-toc '>Compartir esta noticia<\/h5><ul class='av-share-box-list noLightbox'><li class='av-share-link av-social-link-facebook' ><a target=\"_blank\" aria-label=\"Compartir en Facebook\" href='https:\/\/www.facebook.com\/sharer.php?u=https:\/\/radiorevelacionfm.cl\/?p=20862&#038;t=MOP%20refuerza%20capacidades%20de%20Comunidad%20de%20Aguas%20Superficiales%20Carretera%20Austral%20Ruta%20Siete' aria-hidden='false' data-av_icon='\ue8f3' data-av_iconfont='entypo-fontello' title='' data-avia-related-tooltip='Compartir en Facebook' rel=\"noopener\"><span class='avia_hidden_link_text'>Compartir en Facebook<\/span><\/a><\/li><li class='av-share-link av-social-link-twitter' ><a target=\"_blank\" aria-label=\"Compartir en Twitter\" href='https:\/\/twitter.com\/share?text=MOP%20refuerza%20capacidades%20de%20Comunidad%20de%20Aguas%20Superficiales%20Carretera%20Austral%20Ruta%20Siete&#038;url=https:\/\/radiorevelacionfm.cl\/?p=20862' aria-hidden='false' data-av_icon='\ue8f1' data-av_iconfont='entypo-fontello' title='' data-avia-related-tooltip='Compartir en Twitter' rel=\"noopener\"><span class='avia_hidden_link_text'>Compartir en Twitter<\/span><\/a><\/li><li class='av-share-link av-social-link-whatsapp' ><a target=\"_blank\" aria-label=\"Compartir en Whatsapp\" href='https:\/\/api.whatsapp.com\/send?text=https:\/\/radiorevelacionfm.cl\/?p=20862' aria-hidden='false' data-av_icon='\uf232' data-av_iconfont='entypo-fontello' title='' data-avia-related-tooltip='Compartir en Whatsapp' rel=\"noopener\"><span class='avia_hidden_link_text'>Compartir en Whatsapp<\/span><\/a><\/li><li class='av-share-link av-social-link-linkedin' ><a target=\"_blank\" aria-label=\"Compartir en LinkedIn\" href='https:\/\/linkedin.com\/shareArticle?mini=true&#038;title=MOP%20refuerza%20capacidades%20de%20Comunidad%20de%20Aguas%20Superficiales%20Carretera%20Austral%20Ruta%20Siete&#038;url=https:\/\/radiorevelacionfm.cl\/?p=20862' aria-hidden='false' data-av_icon='\ue8fc' data-av_iconfont='entypo-fontello' title='' data-avia-related-tooltip='Compartir en LinkedIn' rel=\"noopener\"><span class='avia_hidden_link_text'>Compartir en LinkedIn<\/span><\/a><\/li><li class='av-share-link av-social-link-mail' ><a  aria-label=\"Compartir por correo\" href='mailto:?subject=MOP%20refuerza%20capacidades%20de%20Comunidad%20de%20Aguas%20Superficiales%20Carretera%20Austral%20Ruta%20Siete&#038;body=https:\/\/radiorevelacionfm.cl\/?p=20862' aria-hidden='false' data-av_icon='\ue805' data-av_iconfont='entypo-fontello' title='' data-avia-related-tooltip='Compartir por correo'><span class='avia_hidden_link_text'>Compartir por correo<\/span><\/a><\/li><\/ul><\/div><\/div>\n<div  style='height:50px' class='hr hr-invisible   avia-builder-el-8  el_after_av_social_share  el_before_av_comments_list '><span class='hr-inner ' ><span class='hr-inner-style'><\/span><\/span><\/div>\n<div  class='av-buildercomment  av-blog-meta-html-info-disabled av-blog-meta-tag-disabled  '><\/div>\n","protected":false},"excerpt":{"rendered":"","protected":false},"author":1,"featured_media":20863,"comment_status":"open","ping_status":"open","sticky":false,"template":"","format":"standard","meta":{"footnotes":""},"categories":[38],"tags":[],"class_list":["post-20862","post","type-post","status-publish","format-standard","has-post-thumbnail","hentry","category-regional"],"jetpack_featured_media_url":"https:\/\/radiorevelacionfm.cl\/wp-content\/uploads\/2022\/08\/IMG-20220822-WA0016-1-1.jpg","_links":{"self":[{"href":"https:\/\/radiorevelacionfm.cl\/index.php?rest_route=\/wp\/v2\/posts\/20862","targetHints":{"allow":["GET"]}}],"collection":[{"href":"https:\/\/radiorevelacionfm.cl\/index.php?rest_route=\/wp\/v2\/posts"}],"about":[{"href":"https:\/\/radiorevelacionfm.cl\/index.php?rest_route=\/wp\/v2\/types\/post"}],"author":[{"embeddable":true,"href":"https:\/\/radiorevelacionfm.cl\/index.php?rest_route=\/wp\/v2\/users\/1"}],"replies":[{"embeddable":true,"href":"https:\/\/radiorevelacionfm.cl\/index.php?rest_route=%2Fwp%2Fv2%2Fcomments&post=20862"}],"version-history":[{"count":2,"href":"https:\/\/radiorevelacionfm.cl\/index.php?rest_route=\/wp\/v2\/posts\/20862\/revisions"}],"predecessor-version":[{"id":20877,"href":"https:\/\/radiorevelacionfm.cl\/index.php?rest_route=\/wp\/v2\/posts\/20862\/revisions\/20877"}],"wp:featuredmedia":[{"embeddable":true,"href":"https:\/\/radiorevelacionfm.cl\/index.php?rest_route=\/wp\/v2\/media\/20863"}],"wp:attachment":[{"href":"https:\/\/radiorevelacionfm.cl\/index.php?rest_route=%2Fwp%2Fv2%2Fmedia&parent=20862"}],"wp:term":[{"taxonomy":"category","embeddable":true,"href":"https:\/\/radiorevelacionfm.cl\/index.php?rest_route=%2Fwp%2Fv2%2Fcategories&post=20862"},{"taxonomy":"post_tag","embeddable":true,"href":"https:\/\/radiorevelacionfm.cl\/index.php?rest_route=%2Fwp%2Fv2%2Ftags&post=20862"}],"curies":[{"name":"wp","href":"https:\/\/api.w.org\/{rel}","templated":true}]}}