{"id":20859,"date":"2022-08-23T10:40:33","date_gmt":"2022-08-23T13:40:33","guid":{"rendered":"https:\/\/radiorevelacionfm.cl\/?p=20859"},"modified":"2022-08-23T10:40:33","modified_gmt":"2022-08-23T13:40:33","slug":"se-da-inicio-a-expedicion-cientifica-istmo-de-ofqui-2022","status":"publish","type":"post","link":"https:\/\/radiorevelacionfm.cl\/?p=20859","title":{"rendered":"Se da inicio a Expedici\u00f3n Cient\u00edfica Istmo de Ofqui 2022"},"content":{"rendered":"<div class=\"flex_column av_one_full  flex_column_div av-zero-column-padding first  avia-builder-el-0  el_before_av_one_full  avia-builder-el-first  \" style='border-radius:0px; '><div  class='avia-image-container  av-styling-    avia-builder-el-1  avia-builder-el-no-sibling  avia-align-center '  itemprop=\"image\" itemscope=\"itemscope\" itemtype=\"https:\/\/schema.org\/ImageObject\"  ><div class='avia-image-container-inner'><div class='avia-image-overlay-wrap'><img decoding=\"async\" class='wp-image-20860 avia-img-lazy-loading-not-20860 avia_image' src=\"https:\/\/radiorevelacionfm.cl\/wp-content\/uploads\/2022\/08\/fotos-1_optimized-1.jpg\" alt='' title='fotos-(1)_optimized (1)' height=\"600\" width=\"1332\"  itemprop=\"thumbnailUrl\" srcset=\"https:\/\/radiorevelacionfm.cl\/wp-content\/uploads\/2022\/08\/fotos-1_optimized-1.jpg 1332w, https:\/\/radiorevelacionfm.cl\/wp-content\/uploads\/2022\/08\/fotos-1_optimized-1-300x135.jpg 300w, https:\/\/radiorevelacionfm.cl\/wp-content\/uploads\/2022\/08\/fotos-1_optimized-1-1030x464.jpg 1030w, https:\/\/radiorevelacionfm.cl\/wp-content\/uploads\/2022\/08\/fotos-1_optimized-1-768x346.jpg 768w, https:\/\/radiorevelacionfm.cl\/wp-content\/uploads\/2022\/08\/fotos-1_optimized-1-705x318.jpg 705w, https:\/\/radiorevelacionfm.cl\/wp-content\/uploads\/2022\/08\/fotos-1_optimized-1-600x270.jpg 600w\" sizes=\"(max-width: 1332px) 100vw, 1332px\" \/><\/div><\/div><\/div><\/div><div class=\"flex_column av_one_full  flex_column_div av-zero-column-padding first  avia-builder-el-2  el_after_av_one_full  el_before_av_one_full  column-top-margin\" style='border-radius:0px; '><section class=\"av_textblock_section \"  itemscope=\"itemscope\" itemtype=\"https:\/\/schema.org\/BlogPosting\" itemprop=\"blogPost\" ><div class='avia_textblock  '   itemprop=\"text\" ><p style=\"text-align: center;\"><strong><span style=\"font-size: 18pt;\">Se da inicio a Expedici\u00f3n Cient\u00edfica Istmo de Ofqui 2022<\/span><\/strong><\/p>\n<div id=\"gtx-trans\" style=\"position: absolute; left: -50px; top: 4.31534px;\">\n<div class=\"gtx-trans-icon\"><\/div>\n<\/div>\n<\/div><\/section><\/div><div class=\"flex_column av_one_full  flex_column_div av-zero-column-padding first  avia-builder-el-4  el_after_av_one_full  el_before_av_hr  column-top-margin\" style='border-radius:0px; '><section class=\"av_textblock_section \"  itemscope=\"itemscope\" itemtype=\"https:\/\/schema.org\/BlogPosting\" itemprop=\"blogPost\" ><div class='avia_textblock  '   itemprop=\"text\" ><p style=\"text-align: justify;\">Este 20 de agosto un grupo de cient\u00edficas y cient\u00edficos de tres centros de investigaci\u00f3n de Chile y uno de Italia partieron rumbo al Istmo de Ofqui, situado en la Regi\u00f3n de Ays\u00e9n, un extraordinario punto de la zona austral de nuestro pa\u00eds que alberga uno de los ecosistemas m\u00e1s inexplorados y \u00fanicos del mundo.<\/p>\n<p style=\"text-align: justify;\">Investigadores de diversas disciplinas del \u00e1mbito marino y terrestres estar\u00e1n durante 6 d\u00edas en la parte sur del Parque Nacional Laguna San Rafael, administrado por la Corporaci\u00f3n Nacional Forestal (CONAF), lugar al que ser\u00e1n trasladados desde el Valle Exploradores, por medio de embarcaciones y una dura caminata por una zona pantanosa, para luego instalar campamento en la Bah\u00eda San Quint\u00edn, Golfo de Penas, lugar que re\u00fane una de las playas m\u00e1s extensas de Chile, la desembocadura al mar del glaciar m\u00e1s grande de Campo de Hielo Norte, Glaciar San Quint\u00edn, el Istmo de Ofqui, que es el estrecho de tierra que separa la corriente del cabo de Hornos \u00a0de la Laguna San, el r\u00edo San Tadeo, desembocadura del R\u00edo Nevado y pen\u00ednsula de Forelius. El Istmo de Ofqui es un territorio \u201ccasi pr\u00edstino\u201d y como se ha podido comprobar en las dos \u00faltimas expediciones (2021 y 2019), el lugar elegido por la especie en peligro de extinci\u00f3n Ballena Franca, como sitio ideal para la reproducci\u00f3n de sus cr\u00edas. Todo esto gracias a su aislado acceso y bajo impacto antropog\u00e9nico.<\/p>\n<p style=\"text-align: justify;\">La expedici\u00f3n se enmarca en el proyecto \u201cEcosistemas, cambio clim\u00e1tico y v\u00ednculos socioambientales a lo largo del continuo oc\u00e9ano continental en Patagonia \u2013 PATSER\u201d, (c\u00f3digo R20F0002) financiado por ANID, ejecutado por el Centro de Investigaci\u00f3n en Ecosistemas de la Patagonia (CIEP), el cual lleva 17 a\u00f1os instalado en la Regi\u00f3n de Ays\u00e9n, quienes han convocado a otros importantes centros de Investigaci\u00f3n como son el Centro de Estudios Avanzados en Zonas \u00c1ridas (CEAZA) de la Regi\u00f3n de Coquimbo y al Centro COPAS COASTAL, de la Universidad de Concepci\u00f3n que tiene una importante presencia en los estudios marinos en la regi\u00f3n de Ays\u00e9n y que cuenta adem\u00e1s con un centro de investigaci\u00f3n en Caleta Tortel emplazado entre campos de hielo sur y campos de hielo norte. En la expedici\u00f3n participar\u00e1n tambi\u00e9n investigadores de la Universidad de G\u00e9nova, Italia, quienes llevan varios a\u00f1os colaborando con CIEP y con COPAS COASTAL en esta regi\u00f3n. El principal objetivo de la expedici\u00f3n es levantar informaci\u00f3n multidisciplinaria de l\u00ednea base de ecosistemas poco intervenidos considerando que la zona de estudio se ubica dentro de un parque nacional, y que, por lo tanto, representa una importante zona de contraste con la din\u00e1mica ambiental de otros fiordos altamente intervenidos de la Patagonia. Los estudios consideran la caracterizaci\u00f3n de los ecosistemas acu\u00e1ticos, tanto r\u00edos como oc\u00e9ano costero, considerando aspectos f\u00edsicos, qu\u00edmicos y biol\u00f3gicos. Estudios de biodiversidad incluyen el catastro de aves y mam\u00edferos marinos, as\u00ed como el estudio de los organismos invertebrados que habitan los fondos marinos del Golfo de Penas. Durante la expedici\u00f3n tambi\u00e9n se colectar\u00e1n muestras de polen y semillas presente en musgos, lo que permitir\u00e1 aportar importante informaci\u00f3n sobre la estructura y el funcionamiento de los ecosistemas terrestres del Istmo de Ofqui. En t\u00e9rminos generales, esta expedici\u00f3n permitir\u00e1 conocer la riqueza y composici\u00f3n de especies (desde micro a macroorganismos) que habitan el lugar y las condiciones ambientales de los ecosistemas acu\u00e1ticos que permiten su presencia.<\/p>\n<p style=\"text-align: justify;\">\u201cEs importante mencionar, que durante el a\u00f1o 2021 se realiz\u00f3 una campa\u00f1a de investigaci\u00f3n multidisciplinaria similar en esta \u00e1rea de estudio. En esa ocasi\u00f3n se incluyeron estudios arqueol\u00f3gicos, de din\u00e1mica del paisaje y de caracterizaci\u00f3n de la flora y fauna del sector siendo en esa ocasi\u00f3n, el principal hallazgo, la presencia de ballenas francas con sus cr\u00edas lo que permiti\u00f3 confirmar las conclusiones de investigadores del Centro CEAZA los cuales, en a\u00f1os anteriores hab\u00edan reportado la presencia de esta especie en la zona, aunque el motivo de su presencia era incierto. En esta expedici\u00f3n, el trabajo cient\u00edfico ser\u00e1 liderado por investigadores del \u00e1rea de la oceanograf\u00eda y limnolog\u00eda, en un esfuerzo por mantener un trabajo cient\u00edfico de largo plazo en esta zona, incorporando nuevas variables de estudio, que permitan describir desde otras disciplinas este ecosistema y as\u00ed complementar lo realizado en las campa\u00f1as anteriores. Cabe recalcar que toda esta informaci\u00f3n es el inicio para futuros estudios de mayor envergadura, que complementar\u00e1n los estudios de series de tiempo que realiza el Centro COPAS COASTAL a lo largo de todo el canal Baker y sus alrededores. \u201cCrear una l\u00ednea base robusta, que permita identificar el estado de salud de los ecosistemas del Istmo de Ofqui, tanto terrestres como acu\u00e1ticos es de vital importancia para poder proponer medidas de protecci\u00f3n de un medio ambiente con bajos niveles de intervenci\u00f3n\u201d coment\u00f3 el Doctor en oceanograf\u00eda Giovanni Daneri, director ejecutivo de CIEP.<\/p>\n<p style=\"text-align: justify;\">Por su parte, el centro cient\u00edfico CEAZA seg\u00fan el Dr. Carlos Olavarr\u00eda, director ejecutivo y especialista en mam\u00edferos marinos, se centrar\u00e1 en el estudio de cet\u00e1ceos. \u201cTenemos dos focos de investigaci\u00f3n que vamos a realizar ah\u00ed. El primero, centrado en las ballenas francas porque nosotros estamos apostando que esta es un \u00e1rea de crianza y reproducci\u00f3n para esta especie. En la poblaci\u00f3n del Pac\u00edfico Sur Oriental, que es a lo largo de la costa de Chile y sur de Per\u00fa se piensa que hay muy pocos animales, que no hay m\u00e1s de 50 animales maduros. Es una de las poblaciones de cet\u00e1ceo que tiene la mayor amenaza de desaparecer. Sin embargo, la presencia de ballenas francas en Ofqui nos permite ser m\u00e1s optimistas sobre el futuro de las ballenas francas; ahora sabemos que estos magn\u00edficos mam\u00edferos se estar\u00edan concentrando, durante el invierno, en \u00e1reas remotas de la Patagonia como el Golfo de Penas siendo en esas zonas aisladas y protegidas donde estar\u00edan reproduci\u00e9ndose y criando a sus juveniles. Otro foco de nuestras investigaciones estar\u00e1 centrado en la ballena Sei y en los varamientos y mortandad masiva que se ha venido registrando desde el a\u00f1o 2015, \u00a0a\u00f1o en el cual se registraron m\u00e1s de 300 animales muertos (varados en las playas de Ofqui) lo que se considera la mortandad m\u00e1s grande de cualquier especie de ballena registrada en el mundo. Aunque en menor grado, esta ha seguido repiti\u00e9ndose por lo que esta expedici\u00f3n que estamos iniciando nos permitir\u00e1 monitorear la presencia de nuevos animales muertos, varados en las costas, por causas a\u00fan desconocidas.<\/p>\n<p style=\"text-align: justify;\">La expedici\u00f3n, que se desarrollar\u00e1 entre el 20 al 26 agosto, presenta desaf\u00edos formidables en t\u00e9rminos de log\u00edstica y perseverancia en condiciones clim\u00e1ticas l\u00edmites de un grupo de 14 investigadores\/pioneros liderados por la Dra. Paulina Montero del centro CIEP y asociada al Centro COPAS COASTAL. Participar\u00e1n tambi\u00e9n la Dra. Paula Ortiz (CIEP), ocean\u00f3grafa, coordinadora de la expedici\u00f3n, el Dr. Carlos Olavarr\u00eda, director del Centro CEAZA, Guido Pavez, investigador CEAZA, Nicol\u00e1s Mu\u00f1oz (CEAZA), el Dr. Federico Betti de la Universidad de G\u00e9nova, Italia, Luis Uribe (CIEP) encargado de estudios de los sistemas fluviales, Tania Ponce (CIEP) y Nicolas Mayorga (COPAS COASTAL) como ayudantes de investigaci\u00f3n y Daniel P\u00e9rez (CIEP) junto a Miguel \u00c1ngel Herrera estar\u00e1n a cargo del apoyo log\u00edstico. En la expedici\u00f3n participan tambi\u00e9n los estudiantes Magda Tulipiero (U. de G\u00e9nova), Lydia Blanchet (USA) y Diego Galleani (CIEP).<\/p>\n<\/div><\/section><\/div><div  style='height:50px' class='hr hr-invisible   avia-builder-el-6  el_after_av_one_full  el_before_av_social_share '><span class='hr-inner ' ><span class='hr-inner-style'><\/span><\/span><\/div><\/p>\n<div  class='av-social-sharing-box  avia-builder-el-7  el_after_av_hr  el_before_av_hr  '><div class='av-share-box'><h5 class='av-share-link-description av-no-toc '>Compartir esta noticia<\/h5><ul class='av-share-box-list noLightbox'><li class='av-share-link av-social-link-facebook' ><a target=\"_blank\" aria-label=\"Compartir en Facebook\" href='https:\/\/www.facebook.com\/sharer.php?u=https:\/\/radiorevelacionfm.cl\/?p=20859&#038;t=Se%20da%20inicio%20a%20Expedici%C3%B3n%20Cient%C3%ADfica%20Istmo%20de%20Ofqui%202022' aria-hidden='false' data-av_icon='\ue8f3' data-av_iconfont='entypo-fontello' title='' data-avia-related-tooltip='Compartir en Facebook' rel=\"noopener\"><span class='avia_hidden_link_text'>Compartir en Facebook<\/span><\/a><\/li><li class='av-share-link av-social-link-twitter' ><a target=\"_blank\" aria-label=\"Compartir en Twitter\" href='https:\/\/twitter.com\/share?text=Se%20da%20inicio%20a%20Expedici%C3%B3n%20Cient%C3%ADfica%20Istmo%20de%20Ofqui%202022&#038;url=https:\/\/radiorevelacionfm.cl\/?p=20859' aria-hidden='false' data-av_icon='\ue8f1' data-av_iconfont='entypo-fontello' title='' data-avia-related-tooltip='Compartir en Twitter' rel=\"noopener\"><span class='avia_hidden_link_text'>Compartir en Twitter<\/span><\/a><\/li><li class='av-share-link av-social-link-whatsapp' ><a target=\"_blank\" aria-label=\"Compartir en Whatsapp\" href='https:\/\/api.whatsapp.com\/send?text=https:\/\/radiorevelacionfm.cl\/?p=20859' aria-hidden='false' data-av_icon='\uf232' data-av_iconfont='entypo-fontello' title='' data-avia-related-tooltip='Compartir en Whatsapp' rel=\"noopener\"><span class='avia_hidden_link_text'>Compartir en Whatsapp<\/span><\/a><\/li><li class='av-share-link av-social-link-linkedin' ><a target=\"_blank\" aria-label=\"Compartir en LinkedIn\" href='https:\/\/linkedin.com\/shareArticle?mini=true&#038;title=Se%20da%20inicio%20a%20Expedici%C3%B3n%20Cient%C3%ADfica%20Istmo%20de%20Ofqui%202022&#038;url=https:\/\/radiorevelacionfm.cl\/?p=20859' aria-hidden='false' data-av_icon='\ue8fc' data-av_iconfont='entypo-fontello' title='' data-avia-related-tooltip='Compartir en LinkedIn' rel=\"noopener\"><span class='avia_hidden_link_text'>Compartir en LinkedIn<\/span><\/a><\/li><li class='av-share-link av-social-link-mail' ><a  aria-label=\"Compartir por correo\" href='mailto:?subject=Se%20da%20inicio%20a%20Expedici%C3%B3n%20Cient%C3%ADfica%20Istmo%20de%20Ofqui%202022&#038;body=https:\/\/radiorevelacionfm.cl\/?p=20859' aria-hidden='false' data-av_icon='\ue805' data-av_iconfont='entypo-fontello' title='' data-avia-related-tooltip='Compartir por correo'><span class='avia_hidden_link_text'>Compartir por correo<\/span><\/a><\/li><\/ul><\/div><\/div>\n<div  style='height:50px' class='hr hr-invisible   avia-builder-el-8  el_after_av_social_share  el_before_av_comments_list '><span class='hr-inner ' ><span class='hr-inner-style'><\/span><\/span><\/div>\n<div  class='av-buildercomment  av-blog-meta-html-info-disabled av-blog-meta-tag-disabled  '><\/div>\n","protected":false},"excerpt":{"rendered":"","protected":false},"author":1,"featured_media":20860,"comment_status":"open","ping_status":"open","sticky":false,"template":"","format":"standard","meta":{"footnotes":""},"categories":[53],"tags":[],"class_list":["post-20859","post","type-post","status-publish","format-standard","has-post-thumbnail","hentry","category-ciencia"],"jetpack_featured_media_url":"https:\/\/radiorevelacionfm.cl\/wp-content\/uploads\/2022\/08\/fotos-1_optimized-1.jpg","_links":{"self":[{"href":"https:\/\/radiorevelacionfm.cl\/index.php?rest_route=\/wp\/v2\/posts\/20859","targetHints":{"allow":["GET"]}}],"collection":[{"href":"https:\/\/radiorevelacionfm.cl\/index.php?rest_route=\/wp\/v2\/posts"}],"about":[{"href":"https:\/\/radiorevelacionfm.cl\/index.php?rest_route=\/wp\/v2\/types\/post"}],"author":[{"embeddable":true,"href":"https:\/\/radiorevelacionfm.cl\/index.php?rest_route=\/wp\/v2\/users\/1"}],"replies":[{"embeddable":true,"href":"https:\/\/radiorevelacionfm.cl\/index.php?rest_route=%2Fwp%2Fv2%2Fcomments&post=20859"}],"version-history":[{"count":2,"href":"https:\/\/radiorevelacionfm.cl\/index.php?rest_route=\/wp\/v2\/posts\/20859\/revisions"}],"predecessor-version":[{"id":20874,"href":"https:\/\/radiorevelacionfm.cl\/index.php?rest_route=\/wp\/v2\/posts\/20859\/revisions\/20874"}],"wp:featuredmedia":[{"embeddable":true,"href":"https:\/\/radiorevelacionfm.cl\/index.php?rest_route=\/wp\/v2\/media\/20860"}],"wp:attachment":[{"href":"https:\/\/radiorevelacionfm.cl\/index.php?rest_route=%2Fwp%2Fv2%2Fmedia&parent=20859"}],"wp:term":[{"taxonomy":"category","embeddable":true,"href":"https:\/\/radiorevelacionfm.cl\/index.php?rest_route=%2Fwp%2Fv2%2Fcategories&post=20859"},{"taxonomy":"post_tag","embeddable":true,"href":"https:\/\/radiorevelacionfm.cl\/index.php?rest_route=%2Fwp%2Fv2%2Ftags&post=20859"}],"curies":[{"name":"wp","href":"https:\/\/api.w.org\/{rel}","templated":true}]}}