{"id":20852,"date":"2022-08-22T19:24:07","date_gmt":"2022-08-22T22:24:07","guid":{"rendered":"https:\/\/radiorevelacionfm.cl\/?p=20852"},"modified":"2022-08-22T19:24:07","modified_gmt":"2022-08-22T22:24:07","slug":"autoridades-chilenas-y-argentinas-participaron-en-ceremonia-de-lanzamiento-de-los-juegos-binacionales-de-la-araucania-los-lagos-2022","status":"publish","type":"post","link":"https:\/\/radiorevelacionfm.cl\/?p=20852","title":{"rendered":"Autoridades chilenas y argentinas participaron en Ceremonia de Lanzamiento de los Juegos Binacionales de la Araucan\u00eda Los Lagos 2022"},"content":{"rendered":"<div class=\"flex_column av_one_full  flex_column_div av-zero-column-padding first  avia-builder-el-0  el_before_av_one_full  avia-builder-el-first  \" style='border-radius:0px; '><div  class='avia-image-container  av-styling-    avia-builder-el-1  avia-builder-el-no-sibling  avia-align-center '  itemprop=\"image\" itemscope=\"itemscope\" itemtype=\"https:\/\/schema.org\/ImageObject\"  ><div class='avia-image-container-inner'><div class='avia-image-overlay-wrap'><img decoding=\"async\" class='wp-image-20853 avia-img-lazy-loading-not-20853 avia_image' src=\"https:\/\/radiorevelacionfm.cl\/wp-content\/uploads\/2022\/08\/los-lagos-3-1-1.jpg\" alt='' title='los lagos 3 (1) (1)' height=\"600\" width=\"800\"  itemprop=\"thumbnailUrl\" srcset=\"https:\/\/radiorevelacionfm.cl\/wp-content\/uploads\/2022\/08\/los-lagos-3-1-1.jpg 800w, https:\/\/radiorevelacionfm.cl\/wp-content\/uploads\/2022\/08\/los-lagos-3-1-1-300x225.jpg 300w, https:\/\/radiorevelacionfm.cl\/wp-content\/uploads\/2022\/08\/los-lagos-3-1-1-768x576.jpg 768w, https:\/\/radiorevelacionfm.cl\/wp-content\/uploads\/2022\/08\/los-lagos-3-1-1-705x529.jpg 705w, https:\/\/radiorevelacionfm.cl\/wp-content\/uploads\/2022\/08\/los-lagos-3-1-1-600x450.jpg 600w\" sizes=\"(max-width: 800px) 100vw, 800px\" \/><\/div><\/div><\/div><\/div>\n<div class=\"flex_column av_one_full  flex_column_div av-zero-column-padding first  avia-builder-el-2  el_after_av_one_full  el_before_av_one_full  column-top-margin\" style='border-radius:0px; '><section class=\"av_textblock_section \"  itemscope=\"itemscope\" itemtype=\"https:\/\/schema.org\/BlogPosting\" itemprop=\"blogPost\" ><div class='avia_textblock  '   itemprop=\"text\" ><p style=\"text-align: center;\"><span style=\"font-size: 18pt;\"><b>Autoridades chilenas y argentinas participaron en Ceremonia de Lanzamiento de los Juegos Binacionales de la Araucan\u00eda Los Lagos 2022<\/b><\/span><\/p>\n<div id=\"gtx-trans\" style=\"position: absolute; left: -50px; top: 4.31534px;\">\n<div class=\"gtx-trans-icon\"><\/div>\n<\/div>\n<\/div><\/section><\/div><div class=\"flex_column av_one_full  flex_column_div av-zero-column-padding first  avia-builder-el-4  el_after_av_one_full  el_before_av_hr  column-top-margin\" style='border-radius:0px; '><section class=\"av_textblock_section \"  itemscope=\"itemscope\" itemtype=\"https:\/\/schema.org\/BlogPosting\" itemprop=\"blogPost\" ><div class='avia_textblock  '   itemprop=\"text\" ><p class=\"v1MsoNormal\" style=\"text-align: justify;\">En Puerto Montt se realiz\u00f3 la ceremonia de Lanzamiento de los XXIX Juegos Binacionales de la Araucan\u00eda Los Lagos 2022, que ser\u00e1n organizados por Mindep IND de la Regi\u00f3n de Los Lagos, durante el mes de noviembre de este a\u00f1o.<\/p>\n<p class=\"v1MsoNormal\" style=\"text-align: justify;\">El evento cont\u00f3 con la presencia del Director Nacional (S) del IND, Israel Castro; el Presidente de los Juegos de la Araucan\u00eda, Ceferino Almudevar, \u00a0autoridades chilenas y argentinas, el Director Regional IND Ays\u00e9n Jos\u00e9 Manuel Sep\u00falveda Haugen y el Encargado de Actividad F\u00edsica y Competici\u00f3n Javier Medilla Mella.<\/p>\n<p class=\"v1MsoNormal\" style=\"text-align: justify;\">Al t\u00e9rmino de lanzamiento, Ceferino Mart\u00ednez Almudevar, Subsecretario de Deportes de la Provincia de La Pampa y Presidente de los Juegos de la Araucan\u00eda, sostuvo que \u00abpara nosotros es important\u00edsimo y lo que resalt\u00e1bamos, despu\u00e9s de dos a\u00f1os de mucha incertidumbre pudimos lograr con un trabajo mancomunado entre los Secretarios de Deportes argentinos y los Directores Regionales chilenos, poder llevar adelante estos juegos que son tan importantes y que son los Juegos Ol\u00edmpicos de la Patagonia chilena y argentina de los j\u00f3venes de esas edades\u00bb.<\/p>\n<p class=\"v1MsoNormal\" style=\"text-align: justify;\">Asimismo, el Director Regional de IND Ays\u00e9n Jos\u00e9 Manuel Sep\u00falveda se\u00f1al\u00f3 \u00abtal como lo se\u00f1al\u00f3 el Director Nacional (S) del IND Israel Castro, esta es la previa a los Panamericanos y Parapanamericanos Santiago 2023, adem\u00e1s nosotros como regi\u00f3n organizaremos los juegos Araucan\u00eda\u00a0 2024 por lo que ya estamos trabajando en ello en materia de infraestructura deportiva, as\u00ed como en la log\u00edstica, sabemos que es un desaf\u00edo importante para nuestra regi\u00f3n y tambi\u00e9n los es para nuestros deportistas quienes estar\u00e1n compitiendo en casa\u00bb.<\/p>\n<p class=\"v1MsoNormal\" style=\"text-align: justify;\">Por su parte la Seremi de Deportes Regi\u00f3n de Ays\u00e9n Mar\u00eda Eugenia Dur\u00e1n Jara precis\u00f3 \u00abPor su parte la Seremi de Deportes Regi\u00f3n de Ays\u00e9n Mar\u00eda Eugenia Dur\u00e1n Jara precis\u00f3 \u00abc\u00f3mo Gobierno del Presidente Gabriel Boric a trav\u00e9s del Ministerio del Deporte junto al IND, estamos abocados a fortalecer el deporte en todas sus expresiones, los meses de confinamiento por la pandemia afectaron a todos los \u00e1mbitos del quehacer nacional y en particular nuestra \u00e1rea deportiva que requiere de toda nuestra atenci\u00f3n, por lo que \u00e9sta es una gran oportunidad para que como pa\u00eds retomemos uno de los eventos deportivos m\u00e1s importantes de las regiones del sur del pa\u00eds junto a\u00a0las provincias argentinas y donde se espera que participen m\u00e1s de dos mil quinientos j\u00f3venes\u00bb.<\/p>\n<p class=\"v1MsoNormal\" style=\"text-align: justify;\"><u><\/u>Los Juegos Binacionales de la Araucan\u00eda se efectuar\u00e1n entre el 14 al 20 de noviembre en las subsedes de Osorno, Puerto Montt, Ancud y Castro y constaran con la participaci\u00f3n de seis provincias argentinas desde La Pampa \u2013 Tierra del Fuego y siete regiones chilenas, entre ellas Ays\u00e9n.<\/p>\n<div>\n<div style=\"text-align: justify;\"><\/div>\n<\/div>\n<\/div><\/section><\/div><\/p>\n<div  style='height:50px' class='hr hr-invisible   avia-builder-el-6  el_after_av_one_full  el_before_av_social_share '><span class='hr-inner ' ><span class='hr-inner-style'><\/span><\/span><\/div>\n<div  class='av-social-sharing-box  avia-builder-el-7  el_after_av_hr  el_before_av_hr  '><div class='av-share-box'><h5 class='av-share-link-description av-no-toc '>Compartir esta noticia<\/h5><ul class='av-share-box-list noLightbox'><li class='av-share-link av-social-link-facebook' ><a target=\"_blank\" aria-label=\"Compartir en Facebook\" href='https:\/\/www.facebook.com\/sharer.php?u=https:\/\/radiorevelacionfm.cl\/?p=20852&#038;t=Autoridades%20chilenas%20y%20argentinas%20participaron%20en%20Ceremonia%20de%20Lanzamiento%20de%20los%20Juegos%20Binacionales%20de%20la%20Araucan%C3%ADa%20Los%20Lagos%202022' aria-hidden='false' data-av_icon='\ue8f3' data-av_iconfont='entypo-fontello' title='' data-avia-related-tooltip='Compartir en Facebook' rel=\"noopener\"><span class='avia_hidden_link_text'>Compartir en Facebook<\/span><\/a><\/li><li class='av-share-link av-social-link-twitter' ><a target=\"_blank\" aria-label=\"Compartir en Twitter\" href='https:\/\/twitter.com\/share?text=Autoridades%20chilenas%20y%20argentinas%20participaron%20en%20Ceremonia%20de%20Lanzamiento%20de%20los%20Juegos%20Binacionales%20de%20la%20Araucan%C3%ADa%20Los%20Lagos%202022&#038;url=https:\/\/radiorevelacionfm.cl\/?p=20852' aria-hidden='false' data-av_icon='\ue8f1' data-av_iconfont='entypo-fontello' title='' data-avia-related-tooltip='Compartir en Twitter' rel=\"noopener\"><span class='avia_hidden_link_text'>Compartir en Twitter<\/span><\/a><\/li><li class='av-share-link av-social-link-whatsapp' ><a target=\"_blank\" aria-label=\"Compartir en Whatsapp\" href='https:\/\/api.whatsapp.com\/send?text=https:\/\/radiorevelacionfm.cl\/?p=20852' aria-hidden='false' data-av_icon='\uf232' data-av_iconfont='entypo-fontello' title='' data-avia-related-tooltip='Compartir en Whatsapp' rel=\"noopener\"><span class='avia_hidden_link_text'>Compartir en Whatsapp<\/span><\/a><\/li><li class='av-share-link av-social-link-linkedin' ><a target=\"_blank\" aria-label=\"Compartir en LinkedIn\" href='https:\/\/linkedin.com\/shareArticle?mini=true&#038;title=Autoridades%20chilenas%20y%20argentinas%20participaron%20en%20Ceremonia%20de%20Lanzamiento%20de%20los%20Juegos%20Binacionales%20de%20la%20Araucan%C3%ADa%20Los%20Lagos%202022&#038;url=https:\/\/radiorevelacionfm.cl\/?p=20852' aria-hidden='false' data-av_icon='\ue8fc' data-av_iconfont='entypo-fontello' title='' data-avia-related-tooltip='Compartir en LinkedIn' rel=\"noopener\"><span class='avia_hidden_link_text'>Compartir en LinkedIn<\/span><\/a><\/li><li class='av-share-link av-social-link-mail' ><a  aria-label=\"Compartir por correo\" href='mailto:?subject=Autoridades%20chilenas%20y%20argentinas%20participaron%20en%20Ceremonia%20de%20Lanzamiento%20de%20los%20Juegos%20Binacionales%20de%20la%20Araucan%C3%ADa%20Los%20Lagos%202022&#038;body=https:\/\/radiorevelacionfm.cl\/?p=20852' aria-hidden='false' data-av_icon='\ue805' data-av_iconfont='entypo-fontello' title='' data-avia-related-tooltip='Compartir por correo'><span class='avia_hidden_link_text'>Compartir por correo<\/span><\/a><\/li><\/ul><\/div><\/div>\n<div  style='height:50px' class='hr hr-invisible   avia-builder-el-8  el_after_av_social_share  el_before_av_comments_list '><span class='hr-inner ' ><span class='hr-inner-style'><\/span><\/span><\/div>\n<div  class='av-buildercomment  av-blog-meta-html-info-disabled av-blog-meta-tag-disabled  '><\/div>\n","protected":false},"excerpt":{"rendered":"","protected":false},"author":1,"featured_media":20853,"comment_status":"open","ping_status":"open","sticky":false,"template":"","format":"standard","meta":{"footnotes":""},"categories":[40],"tags":[],"class_list":["post-20852","post","type-post","status-publish","format-standard","has-post-thumbnail","hentry","category-deportes"],"jetpack_featured_media_url":"https:\/\/radiorevelacionfm.cl\/wp-content\/uploads\/2022\/08\/los-lagos-3-1-1.jpg","_links":{"self":[{"href":"https:\/\/radiorevelacionfm.cl\/index.php?rest_route=\/wp\/v2\/posts\/20852","targetHints":{"allow":["GET"]}}],"collection":[{"href":"https:\/\/radiorevelacionfm.cl\/index.php?rest_route=\/wp\/v2\/posts"}],"about":[{"href":"https:\/\/radiorevelacionfm.cl\/index.php?rest_route=\/wp\/v2\/types\/post"}],"author":[{"embeddable":true,"href":"https:\/\/radiorevelacionfm.cl\/index.php?rest_route=\/wp\/v2\/users\/1"}],"replies":[{"embeddable":true,"href":"https:\/\/radiorevelacionfm.cl\/index.php?rest_route=%2Fwp%2Fv2%2Fcomments&post=20852"}],"version-history":[{"count":3,"href":"https:\/\/radiorevelacionfm.cl\/index.php?rest_route=\/wp\/v2\/posts\/20852\/revisions"}],"predecessor-version":[{"id":20869,"href":"https:\/\/radiorevelacionfm.cl\/index.php?rest_route=\/wp\/v2\/posts\/20852\/revisions\/20869"}],"wp:featuredmedia":[{"embeddable":true,"href":"https:\/\/radiorevelacionfm.cl\/index.php?rest_route=\/wp\/v2\/media\/20853"}],"wp:attachment":[{"href":"https:\/\/radiorevelacionfm.cl\/index.php?rest_route=%2Fwp%2Fv2%2Fmedia&parent=20852"}],"wp:term":[{"taxonomy":"category","embeddable":true,"href":"https:\/\/radiorevelacionfm.cl\/index.php?rest_route=%2Fwp%2Fv2%2Fcategories&post=20852"},{"taxonomy":"post_tag","embeddable":true,"href":"https:\/\/radiorevelacionfm.cl\/index.php?rest_route=%2Fwp%2Fv2%2Ftags&post=20852"}],"curies":[{"name":"wp","href":"https:\/\/api.w.org\/{rel}","templated":true}]}}