{"id":20849,"date":"2022-08-24T11:37:55","date_gmt":"2022-08-24T14:37:55","guid":{"rendered":"https:\/\/radiorevelacionfm.cl\/?p=20849"},"modified":"2022-08-24T11:37:55","modified_gmt":"2022-08-24T14:37:55","slug":"prodemu-crea-fondo-en-dinero-para-investigacion-sobre-mujeres-y-disidencias","status":"publish","type":"post","link":"https:\/\/radiorevelacionfm.cl\/?p=20849","title":{"rendered":"Prodemu crea fondo en dinero para investigaci\u00f3n sobre mujeres y disidencias"},"content":{"rendered":"<div class=\"flex_column av_one_full  flex_column_div av-zero-column-padding first  avia-builder-el-0  el_before_av_one_full  avia-builder-el-first  \" style='border-radius:0px; '><div  class='avia-image-container  av-styling-    avia-builder-el-1  avia-builder-el-no-sibling  avia-align-center '  itemprop=\"image\" itemscope=\"itemscope\" itemtype=\"https:\/\/schema.org\/ImageObject\"  ><div class='avia-image-container-inner'><div class='avia-image-overlay-wrap'><img decoding=\"async\" class='wp-image-20850 avia-img-lazy-loading-not-20850 avia_image' src=\"https:\/\/radiorevelacionfm.cl\/wp-content\/uploads\/2022\/08\/investigacion-prodemu-1-1-1-1_optimized-1.jpeg\" alt='' title='investigaci\u00f3n-prodemu-(1)-(1)-(1)-(1)_optimized (1)' height=\"600\" width=\"798\"  itemprop=\"thumbnailUrl\" srcset=\"https:\/\/radiorevelacionfm.cl\/wp-content\/uploads\/2022\/08\/investigacion-prodemu-1-1-1-1_optimized-1.jpeg 798w, https:\/\/radiorevelacionfm.cl\/wp-content\/uploads\/2022\/08\/investigacion-prodemu-1-1-1-1_optimized-1-300x226.jpeg 300w, https:\/\/radiorevelacionfm.cl\/wp-content\/uploads\/2022\/08\/investigacion-prodemu-1-1-1-1_optimized-1-768x577.jpeg 768w, https:\/\/radiorevelacionfm.cl\/wp-content\/uploads\/2022\/08\/investigacion-prodemu-1-1-1-1_optimized-1-705x530.jpeg 705w, https:\/\/radiorevelacionfm.cl\/wp-content\/uploads\/2022\/08\/investigacion-prodemu-1-1-1-1_optimized-1-600x451.jpeg 600w\" sizes=\"(max-width: 798px) 100vw, 798px\" \/><\/div><\/div><\/div><\/div><div class=\"flex_column av_one_full  flex_column_div av-zero-column-padding first  avia-builder-el-2  el_after_av_one_full  el_before_av_one_full  column-top-margin\" style='border-radius:0px; '><section class=\"av_textblock_section \"  itemscope=\"itemscope\" itemtype=\"https:\/\/schema.org\/BlogPosting\" itemprop=\"blogPost\" ><div class='avia_textblock  '   itemprop=\"text\" ><p style=\"text-align: center;\"><span style=\"font-size: 18pt;\"><strong>Prodemu crea fondo en dinero para investigaci\u00f3n sobre mujeres y disidencias<\/strong><\/span><\/p>\n<div id=\"gtx-trans\" style=\"position: absolute; left: -50px; top: 4.31534px;\">\n<div class=\"gtx-trans-icon\"><\/div>\n<\/div>\n<\/div><\/section><\/div><div class=\"flex_column av_one_full  flex_column_div av-zero-column-padding first  avia-builder-el-4  el_after_av_one_full  el_before_av_hr  column-top-margin\" style='border-radius:0px; '><section class=\"av_textblock_section \"  itemscope=\"itemscope\" itemtype=\"https:\/\/schema.org\/BlogPosting\" itemprop=\"blogPost\" ><div class='avia_textblock  '   itemprop=\"text\" ><p style=\"text-align: justify;\">Con el objeto de incentivar el estudio sobre colectivos de mujeres en el pa\u00eds, a trav\u00e9s de recursos econ\u00f3micos y acompa\u00f1amiento, la Fundaci\u00f3n para la Promoci\u00f3n y Desarrollo de la Mujer, Prodemu, ha implementado el programa \u201cInvestiga con Prodemu: g\u00e9nero, territorio, diversidad y derechos\u201d, cuyo lanzamiento se realiz\u00f3 la semana reci\u00e9n pasada en un conversatorio que incluy\u00f3 a autoridades de la fundaci\u00f3n, acad\u00e9micos de universidades y organismos internacionales, en el edificio del Nivel Central de la Instituci\u00f3n.<\/p>\n<p style=\"text-align: justify;\">La iniciativa apoya a estudiantes, con asesor\u00eda te\u00f3rica, metodol\u00f3gica y en materias de g\u00e9nero e igualmente contempla un fondo econ\u00f3mico de 300 mil pesos para pregrado y 800 mil pesos para postgrado. Las tem\u00e1ticas de trabajo son, formaci\u00f3n, reconversi\u00f3n e inserci\u00f3n laboral de mujeres y disidencias, comprensi\u00f3n de las desigualdades de g\u00e9nero y su articulaci\u00f3n con otras injusticias, impactos socio ambientales en comunidades de mujeres y en condiciones de vulnerabilidad, empoderamiento de mujeres y disidencias e igualmente procesos de memoria y rescate de patrimonio inmaterial.<\/p>\n<p style=\"text-align: justify;\">En la cita, estuvo presente la directora nacional de Prodemu, Marcela Sandoval Osorio; la decana de la Facultad de Ciencias Sociales de la Universidad de Chile, Teresa Matus; la vicerrectora acad\u00e9mica de Universidad SEK, Alejandra R\u00edos, y el director interino de Unesco, Valtencir Mendes, instituciones que integran este proyecto.<\/p>\n<p style=\"text-align: justify;\">En la oportunidad, la directora nacional de Prodemu, se\u00f1al\u00f3 que los debates m\u00e1s contingentes sobre los derechos de las mujeres tienen que ver con las demandas ciudadana y que \u201cpara ello, se debe generar conocimiento para la acci\u00f3n, los feminismos requieren adem\u00e1s del debate pol\u00edtico, (saber) qu\u00e9 es lo que est\u00e1 pasando en la realidad de las mujeres, c\u00f3mo las interpela y afecta en sus m\u00faltiples \u00e1mbitos, las discriminaciones cruzadas que enfrentan y qu\u00e9 es lo que queremos abordar con nuestras investigaciones, producir conocimiento que sirva como insumo para la pol\u00edtica p\u00fablica\u201d.<\/p>\n<p style=\"text-align: justify;\">Por su parte, Teresa Matus enfatiz\u00f3 en que en el pa\u00eds es un desaf\u00edo producir conocimiento y coment\u00f3 que, \u201cme alegra esta iniciativa tanto en t\u00e9rminos de articular el lazo de Prodemu con la Universidad (de Chile) como de poner a disposici\u00f3n una especie de plataforma que hemos denominado Ciencias Sociales para Chile, donde tambi\u00e9n las distintas organizaciones en una idea de ciencia abierta, no s\u00f3lo estimulen la producci\u00f3n de tesis de pre y postgrado de los estudiantes, sino tambi\u00e9n que los acad\u00e9micos y acad\u00e9micas demos un salto (\u2026) para hacer estudios comparados y poner sus resultados y hacer todo eso para ayudar a una transformaci\u00f3n en Chile en t\u00e9rminos de perspectiva de g\u00e9nero, ser\u00eda una de las transformaciones m\u00e1s sustantivas que necesitamos en el pa\u00eds\u201d.<\/p>\n<p style=\"text-align: justify;\">En la reflexi\u00f3n sobre el estudio con perspectiva de g\u00e9nero, Alejandra R\u00edos, destac\u00f3 que \u201cesta oportunidad de hacer investigaci\u00f3n da sustento te\u00f3rico que permite tener herramientas para hacer un cambio social, soy profesora y me gusta todo lo que podemos cambiar en nuestros estudiantes (\u2026) aportar a la inquietud, la masa cr\u00edtica y la reflexi\u00f3n\u201d.<\/p>\n<p style=\"text-align: justify;\">Por otro lado, Valtencir M\u00e9ndez agradeci\u00f3 la invitaci\u00f3n al conversatorio e indic\u00f3 que, \u201cpara Naciones Unidas el tema del g\u00e9nero, es un tema principal, es la prioridad que tenemos y que cruza todos los programas (\u2026) es clave la generaci\u00f3n de datos para informar la toma de decisiones, porque tenemos muchas veces una sociedad civil que est\u00e1 comprometida, luchando, pero a veces nos falta la evidencia para mostrar, la que se haya basado en reunir las voces de las mujeres y disidencias\u201d.<\/p>\n<p style=\"text-align: justify;\">Cabe destacar, que esta es la primera actividad de convocatoria a la comunidad de la reci\u00e9n creada Direcci\u00f3n de Estudios de Prodemu, liderada por Caterine Galaz.<\/p>\n<p style=\"text-align: justify;\">Mayores informaciones, aqu\u00ed: <a href=\"https:\/\/www.prodemu.cl\/programa-investiga-con-nosotros\/\">https:\/\/www.prodemu.cl\/programa-investiga-con-nosotros\/<\/a><\/p>\n<\/div><\/section><\/div><div  style='height:50px' class='hr hr-invisible   avia-builder-el-6  el_after_av_one_full  el_before_av_social_share '><span class='hr-inner ' ><span class='hr-inner-style'><\/span><\/span><\/div><\/p>\n<div  class='av-social-sharing-box  avia-builder-el-7  el_after_av_hr  el_before_av_hr  '><div class='av-share-box'><h5 class='av-share-link-description av-no-toc '>Compartir esta noticia<\/h5><ul class='av-share-box-list noLightbox'><li class='av-share-link av-social-link-facebook' ><a target=\"_blank\" aria-label=\"Compartir en Facebook\" href='https:\/\/www.facebook.com\/sharer.php?u=https:\/\/radiorevelacionfm.cl\/?p=20849&#038;t=Prodemu%20crea%20fondo%20en%20dinero%20para%20investigaci%C3%B3n%20sobre%20mujeres%20y%20disidencias' aria-hidden='false' data-av_icon='\ue8f3' data-av_iconfont='entypo-fontello' title='' data-avia-related-tooltip='Compartir en Facebook' rel=\"noopener\"><span class='avia_hidden_link_text'>Compartir en Facebook<\/span><\/a><\/li><li class='av-share-link av-social-link-twitter' ><a target=\"_blank\" aria-label=\"Compartir en Twitter\" href='https:\/\/twitter.com\/share?text=Prodemu%20crea%20fondo%20en%20dinero%20para%20investigaci%C3%B3n%20sobre%20mujeres%20y%20disidencias&#038;url=https:\/\/radiorevelacionfm.cl\/?p=20849' aria-hidden='false' data-av_icon='\ue8f1' data-av_iconfont='entypo-fontello' title='' data-avia-related-tooltip='Compartir en Twitter' rel=\"noopener\"><span class='avia_hidden_link_text'>Compartir en Twitter<\/span><\/a><\/li><li class='av-share-link av-social-link-whatsapp' ><a target=\"_blank\" aria-label=\"Compartir en Whatsapp\" href='https:\/\/api.whatsapp.com\/send?text=https:\/\/radiorevelacionfm.cl\/?p=20849' aria-hidden='false' data-av_icon='\uf232' data-av_iconfont='entypo-fontello' title='' data-avia-related-tooltip='Compartir en Whatsapp' rel=\"noopener\"><span class='avia_hidden_link_text'>Compartir en Whatsapp<\/span><\/a><\/li><li class='av-share-link av-social-link-linkedin' ><a target=\"_blank\" aria-label=\"Compartir en LinkedIn\" href='https:\/\/linkedin.com\/shareArticle?mini=true&#038;title=Prodemu%20crea%20fondo%20en%20dinero%20para%20investigaci%C3%B3n%20sobre%20mujeres%20y%20disidencias&#038;url=https:\/\/radiorevelacionfm.cl\/?p=20849' aria-hidden='false' data-av_icon='\ue8fc' data-av_iconfont='entypo-fontello' title='' data-avia-related-tooltip='Compartir en LinkedIn' rel=\"noopener\"><span class='avia_hidden_link_text'>Compartir en LinkedIn<\/span><\/a><\/li><li class='av-share-link av-social-link-mail' ><a  aria-label=\"Compartir por correo\" href='mailto:?subject=Prodemu%20crea%20fondo%20en%20dinero%20para%20investigaci%C3%B3n%20sobre%20mujeres%20y%20disidencias&#038;body=https:\/\/radiorevelacionfm.cl\/?p=20849' aria-hidden='false' data-av_icon='\ue805' data-av_iconfont='entypo-fontello' title='' data-avia-related-tooltip='Compartir por correo'><span class='avia_hidden_link_text'>Compartir por correo<\/span><\/a><\/li><\/ul><\/div><\/div>\n<div  style='height:50px' class='hr hr-invisible   avia-builder-el-8  el_after_av_social_share  el_before_av_comments_list '><span class='hr-inner ' ><span class='hr-inner-style'><\/span><\/span><\/div>\n<div  class='av-buildercomment  av-blog-meta-html-info-disabled av-blog-meta-tag-disabled  '><\/div>\n","protected":false},"excerpt":{"rendered":"","protected":false},"author":1,"featured_media":20850,"comment_status":"open","ping_status":"open","sticky":false,"template":"","format":"standard","meta":{"footnotes":""},"categories":[61],"tags":[],"class_list":["post-20849","post","type-post","status-publish","format-standard","has-post-thumbnail","hentry","category-nacional"],"jetpack_featured_media_url":"https:\/\/radiorevelacionfm.cl\/wp-content\/uploads\/2022\/08\/investigacion-prodemu-1-1-1-1_optimized-1.jpeg","_links":{"self":[{"href":"https:\/\/radiorevelacionfm.cl\/index.php?rest_route=\/wp\/v2\/posts\/20849","targetHints":{"allow":["GET"]}}],"collection":[{"href":"https:\/\/radiorevelacionfm.cl\/index.php?rest_route=\/wp\/v2\/posts"}],"about":[{"href":"https:\/\/radiorevelacionfm.cl\/index.php?rest_route=\/wp\/v2\/types\/post"}],"author":[{"embeddable":true,"href":"https:\/\/radiorevelacionfm.cl\/index.php?rest_route=\/wp\/v2\/users\/1"}],"replies":[{"embeddable":true,"href":"https:\/\/radiorevelacionfm.cl\/index.php?rest_route=%2Fwp%2Fv2%2Fcomments&post=20849"}],"version-history":[{"count":2,"href":"https:\/\/radiorevelacionfm.cl\/index.php?rest_route=\/wp\/v2\/posts\/20849\/revisions"}],"predecessor-version":[{"id":20927,"href":"https:\/\/radiorevelacionfm.cl\/index.php?rest_route=\/wp\/v2\/posts\/20849\/revisions\/20927"}],"wp:featuredmedia":[{"embeddable":true,"href":"https:\/\/radiorevelacionfm.cl\/index.php?rest_route=\/wp\/v2\/media\/20850"}],"wp:attachment":[{"href":"https:\/\/radiorevelacionfm.cl\/index.php?rest_route=%2Fwp%2Fv2%2Fmedia&parent=20849"}],"wp:term":[{"taxonomy":"category","embeddable":true,"href":"https:\/\/radiorevelacionfm.cl\/index.php?rest_route=%2Fwp%2Fv2%2Fcategories&post=20849"},{"taxonomy":"post_tag","embeddable":true,"href":"https:\/\/radiorevelacionfm.cl\/index.php?rest_route=%2Fwp%2Fv2%2Ftags&post=20849"}],"curies":[{"name":"wp","href":"https:\/\/api.w.org\/{rel}","templated":true}]}}