{"id":20840,"date":"2022-08-23T11:06:08","date_gmt":"2022-08-23T14:06:08","guid":{"rendered":"https:\/\/radiorevelacionfm.cl\/?p=20840"},"modified":"2022-08-23T11:21:42","modified_gmt":"2022-08-23T14:21:42","slug":"familias-de-melinka-y-los-lagos-recibiran-vermicomposteras-para-reduccion-de-residuos-organicos-del-programa-boyacompostar","status":"publish","type":"post","link":"https:\/\/radiorevelacionfm.cl\/?p=20840","title":{"rendered":"Familias de Los Lagos y Melinka recibir\u00e1n vermicomposteras para reducci\u00f3n de residuos org\u00e1nicos del Programa #Boyacompostar"},"content":{"rendered":"<div class=\"flex_column av_one_full  flex_column_div av-zero-column-padding first  avia-builder-el-0  el_before_av_one_full  avia-builder-el-first  \" style='border-radius:0px; '><div  class='avia-image-container  av-styling-    avia-builder-el-1  avia-builder-el-no-sibling  avia-align-center '  itemprop=\"image\" itemscope=\"itemscope\" itemtype=\"https:\/\/schema.org\/ImageObject\"  ><div class='avia-image-container-inner'><div class='avia-image-overlay-wrap'><img decoding=\"async\" class='wp-image-20841 avia-img-lazy-loading-not-20841 avia_image' src=\"https:\/\/radiorevelacionfm.cl\/wp-content\/uploads\/2022\/08\/boyacompostar-2-1-1_optimized-1.jpg\" alt='' title='boyacompostar-2-(1)-(1)_optimized (1)' height=\"600\" width=\"900\"  itemprop=\"thumbnailUrl\" srcset=\"https:\/\/radiorevelacionfm.cl\/wp-content\/uploads\/2022\/08\/boyacompostar-2-1-1_optimized-1.jpg 900w, https:\/\/radiorevelacionfm.cl\/wp-content\/uploads\/2022\/08\/boyacompostar-2-1-1_optimized-1-300x200.jpg 300w, https:\/\/radiorevelacionfm.cl\/wp-content\/uploads\/2022\/08\/boyacompostar-2-1-1_optimized-1-768x512.jpg 768w, https:\/\/radiorevelacionfm.cl\/wp-content\/uploads\/2022\/08\/boyacompostar-2-1-1_optimized-1-705x470.jpg 705w, https:\/\/radiorevelacionfm.cl\/wp-content\/uploads\/2022\/08\/boyacompostar-2-1-1_optimized-1-600x400.jpg 600w\" sizes=\"(max-width: 900px) 100vw, 900px\" \/><\/div><\/div><\/div><\/div>\n<div class=\"flex_column av_one_full  flex_column_div av-zero-column-padding first  avia-builder-el-2  el_after_av_one_full  el_before_av_one_full  column-top-margin\" style='border-radius:0px; '><section class=\"av_textblock_section \"  itemscope=\"itemscope\" itemtype=\"https:\/\/schema.org\/BlogPosting\" itemprop=\"blogPost\" ><div class='avia_textblock  '   itemprop=\"text\" ><p style=\"text-align: center;\"><strong><span style=\"font-size: 18pt;\">Familias de Los Lagos y Melinka recibir\u00e1n vermicomposteras para reducci\u00f3n de residuos org\u00e1nicos del Programa #Boyacompostar<\/span><\/strong><\/p>\n<div id=\"gtx-trans\" style=\"position: absolute; left: -50px; top: 4.31534px;\">\n<div class=\"gtx-trans-icon\"><\/div>\n<\/div>\n<\/div><\/section><\/div><div class=\"flex_column av_one_full  flex_column_div av-zero-column-padding first  avia-builder-el-4  el_after_av_one_full  el_before_av_hr  column-top-margin\" style='border-radius:0px; '><section class=\"av_textblock_section \"  itemscope=\"itemscope\" itemtype=\"https:\/\/schema.org\/BlogPosting\" itemprop=\"blogPost\" ><div class='avia_textblock  '   itemprop=\"text\" ><p style=\"font-weight: 400; text-align: justify;\">Como parte de su segunda versi\u00f3n, el Programa #Boyacompostar de Salmones Camanchaca, entregar\u00e1 45 vermicomposteras a familias de las localidades de Ral\u00fan, Melinka y Hornopir\u00e9n, en la regi\u00f3n de Los Lagos y Ays\u00e9n. Su objetivo es promover una soluci\u00f3n concreta, eficaz y f\u00e1cil de reducir residuos domiciliarios entre las comunidades donde opera la compa\u00f1\u00eda. Al mismo tiempo, las vermicomposteras son parte de un proceso que busca promover la econom\u00eda circular, ya que son fabricadas a partir de boyas en desuso de la misma localidad de Melinka, que luego de un proceso de reciclaje, vuelven a tener esta segunda vida \u00fatil.<\/p>\n<p style=\"font-weight: 400; text-align: justify;\">El programa no solo considera la entrega de la compostera y todos los implementos para realizar la gesti\u00f3n de los residuos, sino que tambi\u00e9n capacitaci\u00f3n en vermicompostaje y acompa\u00f1amiento t\u00e9cnico durante 6 meses.<\/p>\n<p style=\"font-weight: 400; text-align: justify;\">\u201cEstoy muy contenta de recibir esta compostera para preparar mi propio abono y as\u00ed poder alimentar de ricos nutrientes mi propio invernadero para cultivar mejor mis verduras y frutas. Me encanta que las empresas de salmonicultura se preocupen de los vecinos y especialmente de las peque\u00f1as agricultoras como yo\u201d, asegur\u00f3 Miriam Barr\u00eda Vel\u00e1squez, vecina de Ral\u00fan.<\/p>\n<p style=\"font-weight: 400; text-align: justify;\">El vermicompostaje es un m\u00e9todo que se utiliza para gestionar los desechos org\u00e1nicos a trav\u00e9s de lombrices californianas, las cuales, al comer los alimentos, generan dos tipos de hummus: l\u00edquido y s\u00f3lido, ambos muy beneficiosos para abono de la agricultura dom\u00e9stica.<\/p>\n<p style=\"font-weight: 400; text-align: justify;\">\u201cEl enfoque de este programa es promover la econom\u00eda circular en la empresa, d\u00e1ndole una segunda vida a sus pl\u00e1sticos en desuso, favoreciendo a familias de la regi\u00f3n, entreg\u00e1ndole herramientas concretas para la reducci\u00f3n de la basura org\u00e1nica y, por otro lado, la generaci\u00f3n de abono o humus que sirve para mejorar la calidad de las huertas e invernaderos que son claves para promover el auto sustento\u201d, destac\u00f3 Mar\u00eda Elena Ramdohr de FUE.<\/p>\n<p style=\"font-weight: 400; text-align: justify;\">Con cada boya en desuso de 3000 litros, se hacen 2,85 vermicomposteras, es decir, casi 3 vermis con 1 boya. Adem\u00e1s, una sola vermicompostera equivale a la reutilizaci\u00f3n de 12 kilos de pl\u00e1stico, 180 kilos de residuos org\u00e1nicos compostados al a\u00f1o y 50 kilos de abono anuales. Con las 45 vermicomposteras entregadas se reducen 14.580 kg de CO2 al a\u00f1o, lo que equivale a las emisiones por la producci\u00f3n de 1.500 kg de carne de vacuno.<\/p>\n<p style=\"font-weight: 400; text-align: justify;\">\u201cMe parece una s\u00faper buena iniciativa para generar un cambio en la comunidad, que muchas veces no est\u00e1 preparada para este tipo de actividades o no reconoce muy bien lo que es el compostaje o formas del reciclaje que tambi\u00e9n son una s\u00faper buena alternativa para ayudar al medio ambiente\u201d, agreg\u00f3 Liliana Almonacid, vecina de Ral\u00fan.<\/p>\n<p style=\"font-weight: 400; text-align: justify;\">\u201cQueremos ser un integrante activo en el desarrollo y las oportunidades de las localidades donde operamos, apoyar las necesidades de cada comunidad desde nuestra realidad organizacional y potenciar un relacionamiento transparente. En este contexto, buscamos implementar y llevar a cabo actividades con ese foco, siempre teniendo en cuenta la realidad local, con el fin de entregar herramientas \u00fatiles, atingentes y que permitan mejoras en la calidad de vida. Estamos orgullosos de lo que hemos logrado hasta ahora y del impacto que hemos tenido. Son pocas las empresas que abren espacios de comunicaci\u00f3n directa con sus comunidades para trabajar mejoras mutuas, y nosotros hemos logrado implementar este trabajo de manera sistem\u00e1tica con nuestras comunidades\u201d, dijo Alfredo Tello, Gerente de Sostenibilidad de Salmones Camanchaca.<\/p>\n<p style=\"font-weight: 400; text-align: justify;\">El programa #Boyacompostar de Salmones Camanchaca junto a Fomento Upcycling Empresarial y CORFO naci\u00f3 el a\u00f1o 2020 y ya ha beneficiado a cerca de 75 familias. Cada entrega de una vermicompostera tiene un proceso que dura seis meses y considera tres etapas claves: capacitaciones en la t\u00e9cnica de lombricultura y compostaje, seguimientos peri\u00f3dicos para conocer los avances de las familias, y una ceremonia final de cierre del programa donde se celebra la cosecha del hummus elaborado por las vermicomposteras.<\/p>\n<\/div><\/section><\/div><\/p>\n<div  style='height:50px' class='hr hr-invisible   avia-builder-el-6  el_after_av_one_full  el_before_av_social_share '><span class='hr-inner ' ><span class='hr-inner-style'><\/span><\/span><\/div>\n<div  class='av-social-sharing-box  avia-builder-el-7  el_after_av_hr  el_before_av_hr  '><div class='av-share-box'><h5 class='av-share-link-description av-no-toc '>Compartir esta noticia<\/h5><ul class='av-share-box-list noLightbox'><li class='av-share-link av-social-link-facebook' ><a target=\"_blank\" aria-label=\"Compartir en Facebook\" href='https:\/\/www.facebook.com\/sharer.php?u=https:\/\/radiorevelacionfm.cl\/?p=20840&#038;t=Familias%20de%20Los%20Lagos%20y%20Melinka%20recibir%C3%A1n%20vermicomposteras%20para%20reducci%C3%B3n%20de%20residuos%20org%C3%A1nicos%20del%20Programa%20%23Boyacompostar' aria-hidden='false' data-av_icon='\ue8f3' data-av_iconfont='entypo-fontello' title='' data-avia-related-tooltip='Compartir en Facebook' rel=\"noopener\"><span class='avia_hidden_link_text'>Compartir en Facebook<\/span><\/a><\/li><li class='av-share-link av-social-link-twitter' ><a target=\"_blank\" aria-label=\"Compartir en Twitter\" href='https:\/\/twitter.com\/share?text=Familias%20de%20Los%20Lagos%20y%20Melinka%20recibir%C3%A1n%20vermicomposteras%20para%20reducci%C3%B3n%20de%20residuos%20org%C3%A1nicos%20del%20Programa%20%23Boyacompostar&#038;url=https:\/\/radiorevelacionfm.cl\/?p=20840' aria-hidden='false' data-av_icon='\ue8f1' data-av_iconfont='entypo-fontello' title='' data-avia-related-tooltip='Compartir en Twitter' rel=\"noopener\"><span class='avia_hidden_link_text'>Compartir en Twitter<\/span><\/a><\/li><li class='av-share-link av-social-link-whatsapp' ><a target=\"_blank\" aria-label=\"Compartir en Whatsapp\" href='https:\/\/api.whatsapp.com\/send?text=https:\/\/radiorevelacionfm.cl\/?p=20840' aria-hidden='false' data-av_icon='\uf232' data-av_iconfont='entypo-fontello' title='' data-avia-related-tooltip='Compartir en Whatsapp' rel=\"noopener\"><span class='avia_hidden_link_text'>Compartir en Whatsapp<\/span><\/a><\/li><li class='av-share-link av-social-link-linkedin' ><a target=\"_blank\" aria-label=\"Compartir en LinkedIn\" href='https:\/\/linkedin.com\/shareArticle?mini=true&#038;title=Familias%20de%20Los%20Lagos%20y%20Melinka%20recibir%C3%A1n%20vermicomposteras%20para%20reducci%C3%B3n%20de%20residuos%20org%C3%A1nicos%20del%20Programa%20%23Boyacompostar&#038;url=https:\/\/radiorevelacionfm.cl\/?p=20840' aria-hidden='false' data-av_icon='\ue8fc' data-av_iconfont='entypo-fontello' title='' data-avia-related-tooltip='Compartir en LinkedIn' rel=\"noopener\"><span class='avia_hidden_link_text'>Compartir en LinkedIn<\/span><\/a><\/li><li class='av-share-link av-social-link-mail' ><a  aria-label=\"Compartir por correo\" href='mailto:?subject=Familias%20de%20Los%20Lagos%20y%20Melinka%20recibir%C3%A1n%20vermicomposteras%20para%20reducci%C3%B3n%20de%20residuos%20org%C3%A1nicos%20del%20Programa%20%23Boyacompostar&#038;body=https:\/\/radiorevelacionfm.cl\/?p=20840' aria-hidden='false' data-av_icon='\ue805' data-av_iconfont='entypo-fontello' title='' data-avia-related-tooltip='Compartir por correo'><span class='avia_hidden_link_text'>Compartir por correo<\/span><\/a><\/li><\/ul><\/div><\/div>\n<div  style='height:50px' class='hr hr-invisible   avia-builder-el-8  el_after_av_social_share  el_before_av_comments_list '><span class='hr-inner ' ><span class='hr-inner-style'><\/span><\/span><\/div>\n<div  class='av-buildercomment  av-blog-meta-html-info-disabled av-blog-meta-tag-disabled  '><\/div>\n","protected":false},"excerpt":{"rendered":"","protected":false},"author":1,"featured_media":20841,"comment_status":"open","ping_status":"open","sticky":false,"template":"","format":"standard","meta":{"footnotes":""},"categories":[39],"tags":[],"class_list":["post-20840","post","type-post","status-publish","format-standard","has-post-thumbnail","hentry","category-medio-ambiente"],"jetpack_featured_media_url":"https:\/\/radiorevelacionfm.cl\/wp-content\/uploads\/2022\/08\/boyacompostar-2-1-1_optimized-1.jpg","_links":{"self":[{"href":"https:\/\/radiorevelacionfm.cl\/index.php?rest_route=\/wp\/v2\/posts\/20840","targetHints":{"allow":["GET"]}}],"collection":[{"href":"https:\/\/radiorevelacionfm.cl\/index.php?rest_route=\/wp\/v2\/posts"}],"about":[{"href":"https:\/\/radiorevelacionfm.cl\/index.php?rest_route=\/wp\/v2\/types\/post"}],"author":[{"embeddable":true,"href":"https:\/\/radiorevelacionfm.cl\/index.php?rest_route=\/wp\/v2\/users\/1"}],"replies":[{"embeddable":true,"href":"https:\/\/radiorevelacionfm.cl\/index.php?rest_route=%2Fwp%2Fv2%2Fcomments&post=20840"}],"version-history":[{"count":3,"href":"https:\/\/radiorevelacionfm.cl\/index.php?rest_route=\/wp\/v2\/posts\/20840\/revisions"}],"predecessor-version":[{"id":20875,"href":"https:\/\/radiorevelacionfm.cl\/index.php?rest_route=\/wp\/v2\/posts\/20840\/revisions\/20875"}],"wp:featuredmedia":[{"embeddable":true,"href":"https:\/\/radiorevelacionfm.cl\/index.php?rest_route=\/wp\/v2\/media\/20841"}],"wp:attachment":[{"href":"https:\/\/radiorevelacionfm.cl\/index.php?rest_route=%2Fwp%2Fv2%2Fmedia&parent=20840"}],"wp:term":[{"taxonomy":"category","embeddable":true,"href":"https:\/\/radiorevelacionfm.cl\/index.php?rest_route=%2Fwp%2Fv2%2Fcategories&post=20840"},{"taxonomy":"post_tag","embeddable":true,"href":"https:\/\/radiorevelacionfm.cl\/index.php?rest_route=%2Fwp%2Fv2%2Ftags&post=20840"}],"curies":[{"name":"wp","href":"https:\/\/api.w.org\/{rel}","templated":true}]}}