{"id":20833,"date":"2022-08-22T16:32:54","date_gmt":"2022-08-22T19:32:54","guid":{"rendered":"https:\/\/radiorevelacionfm.cl\/?p=20833"},"modified":"2022-08-22T16:32:54","modified_gmt":"2022-08-22T19:32:54","slug":"comunidades-educativas-ayseninas-cautivan-en-concierto-comunal-orquestas-de-aysen","status":"publish","type":"post","link":"https:\/\/radiorevelacionfm.cl\/?p=20833","title":{"rendered":"Comunidades educativas ayseninas cautivan en Concierto comunal \u201cOrquestas de Ays\u00e9n\u201d"},"content":{"rendered":"<div class=\"flex_column av_one_full  flex_column_div av-zero-column-padding first  avia-builder-el-0  el_before_av_one_full  avia-builder-el-first  \" style='border-radius:0px; '><div  class='avia-image-container  av-styling-    avia-builder-el-1  avia-builder-el-no-sibling  avia-align-center '  itemprop=\"image\" itemscope=\"itemscope\" itemtype=\"https:\/\/schema.org\/ImageObject\"  ><div class='avia-image-container-inner'><div class='avia-image-overlay-wrap'><img decoding=\"async\" class='wp-image-20834 avia-img-lazy-loading-not-20834 avia_image' src=\"https:\/\/radiorevelacionfm.cl\/wp-content\/uploads\/2022\/08\/299996396_455840176583068_3941170127806867387_n-1-1.jpg\" alt='' title='299996396_455840176583068_3941170127806867387_n (1) (1)' height=\"600\" width=\"804\"  itemprop=\"thumbnailUrl\" srcset=\"https:\/\/radiorevelacionfm.cl\/wp-content\/uploads\/2022\/08\/299996396_455840176583068_3941170127806867387_n-1-1.jpg 804w, https:\/\/radiorevelacionfm.cl\/wp-content\/uploads\/2022\/08\/299996396_455840176583068_3941170127806867387_n-1-1-300x224.jpg 300w, https:\/\/radiorevelacionfm.cl\/wp-content\/uploads\/2022\/08\/299996396_455840176583068_3941170127806867387_n-1-1-768x573.jpg 768w, https:\/\/radiorevelacionfm.cl\/wp-content\/uploads\/2022\/08\/299996396_455840176583068_3941170127806867387_n-1-1-705x526.jpg 705w, https:\/\/radiorevelacionfm.cl\/wp-content\/uploads\/2022\/08\/299996396_455840176583068_3941170127806867387_n-1-1-600x448.jpg 600w\" sizes=\"(max-width: 804px) 100vw, 804px\" \/><\/div><\/div><\/div><\/div><div class=\"flex_column av_one_full  flex_column_div av-zero-column-padding first  avia-builder-el-2  el_after_av_one_full  el_before_av_one_full  column-top-margin\" style='border-radius:0px; '><section class=\"av_textblock_section \"  itemscope=\"itemscope\" itemtype=\"https:\/\/schema.org\/BlogPosting\" itemprop=\"blogPost\" ><div class='avia_textblock  '   itemprop=\"text\" ><p style=\"text-align: center;\"><span style=\"font-size: 18pt;\"><strong>Comunidades educativas ayseninas cautivan en Concierto comunal \u201cOrquestas de Ays\u00e9n\u201d<\/strong><\/span><\/p>\n<div id=\"gtx-trans\" style=\"position: absolute; left: -50px; top: 4.31534px;\">\n<div class=\"gtx-trans-icon\"><\/div>\n<\/div>\n<\/div><\/section><\/div><div class=\"flex_column av_one_full  flex_column_div av-zero-column-padding first  avia-builder-el-4  el_after_av_one_full  el_before_av_hr  column-top-margin\" style='border-radius:0px; '><section class=\"av_textblock_section \"  itemscope=\"itemscope\" itemtype=\"https:\/\/schema.org\/BlogPosting\" itemprop=\"blogPost\" ><div class='avia_textblock  '   itemprop=\"text\" ><p style=\"text-align: justify;\">Una maravillosa jornada se vivi\u00f3 este viernes \u00faltimo en Puerto Ays\u00e9n, cuando se llev\u00f3 a cabo un concierto comunal denominado \u201cOrquestas de Ays\u00e9n\u201d, que congreg\u00f3 a los cuerpos musicales de siete establecimientos educacionales municipalizados, integrantes de la unidad de Orquestas Escolares de la Direcci\u00f3n de Educaci\u00f3n Municipal.<\/p>\n<p style=\"text-align: justify;\">Esto, para cerrar con broche de oro la visita que realizaran esta semana a la regi\u00f3n los directivos nacionales de la Fundaci\u00f3n de Orquestas Juveniles e Infantiles, FOJI Chile -presidido por Irina Karamanos-, quienes recorrieron los recintos educacionales de Puerto Ays\u00e9n y Puerto Chacabuco, traslad\u00e1ndose adem\u00e1s a otras comunas en territorio regional con el fin de conocer el trabajo de los educandos en la m\u00fasica.<\/p>\n<p style=\"text-align: justify;\">El concierto, en que estuvieron presentes autoridades comunales, provinciales y regionales, tuvo como escenario el recinto deportivo Polideportivo 21 de Abril, y como protagonistas a los ni\u00f1os, ni\u00f1as y adolescentes de las escuelas Ays\u00e9n, Despertar, Almirante Simpson, Litoral austral y Gabriela Mistral; y los liceos Polit\u00e9cnico y Ra\u00fal Broussain Campino, quienes fueron acompa\u00f1ados por sus profesores musicales, Valeska Herrera, M\u00f3nica Rojas y Marko Kaelin; y dirigidos por la Coordinadora de la Unidad de Orquestas Escolares, Patricia Araya.<\/p>\n<p style=\"text-align: justify;\">Esta \u00faltima manifest\u00f3 su satisfacci\u00f3n tras el cierre del evento, definiendo lo vivido en la jornada como \u201corgullo, alegr\u00eda y emoci\u00f3n para todos quienes fuimos parte de este concierto. Se percibi\u00f3 la alegr\u00eda de los ni\u00f1os por compartir la m\u00fasica, y eso se contagi\u00f3. Feliz por cada uno de sus logros alcanzados. Porque hayan podido mostrar su trabajo, y esperamos poder continuar cultivando los talentos ayseninos\u201d.<\/p>\n<p style=\"text-align: justify;\">Es que la actividad estuvo llena de hitos, como es la primera presentaci\u00f3n conjunta de la orquesta juvenil del liceo Polit\u00e9cnico desde su conformaci\u00f3n en el mes de mayo de 2022, quienes al son de violines, violas, violonchelos y contrabajo, interpretaron un sentido \u201cGracias a la vida\u201d, de Violeta Parra.<\/p>\n<p style=\"text-align: justify;\">Asimismo, destac\u00f3 el n\u00famero de la escuela Poetisa Gabriela Mistral, quienes presentaron un septeto de cuerdas, que iniciara en las \u00faltimas semanas, y que congreg\u00f3 a ni\u00f1os en diversos niveles de aprendizaje musical, y que alcanzaron su primera pieza musical, present\u00e1ndose por vez primera en p\u00fablico con \u201cEstrellita\u201d.<\/p>\n<p style=\"text-align: justify;\">La escuela Despertar, en tanto, mostr\u00f3 un d\u00fao de violines -de Yeray Gonz\u00e1lez y Juan Gatica-, acompa\u00f1ados por su profesora Valeska Herrera, dando cuenta de sus habilidades y talentos en este trabajo que se realiza d\u00eda a d\u00eda, en pos de avanzar en una educaci\u00f3n integral. \u201cCreo que se evidenci\u00f3 todo el trabajo realizado por a\u00f1os. Esta fue una semana muy especial, desde que tuvimos una reuni\u00f3n con los directivos FOJI, donde como directores pudimos dar a conocer lo que se hac\u00eda en cada uno de los establecimientos, y ver hoy d\u00eda plasmado este concierto maravilloso, es muy emotivo. No puedo dejar de mencionar el trabajo con mis estudiantes, destacar su perseverancia; as\u00ed como la constancia de Patricia y la profesora Valeska. La presentaci\u00f3n de hoy fue brillante, nos vamos muy emocionados\u201d, se\u00f1al\u00f3 la directora de la escuela Despertar, Claudia Retamal.<\/p>\n<p style=\"text-align: justify;\">El evento cont\u00f3 tambi\u00e9n con la presentaci\u00f3n de la orquesta preinfantil de la escuela Ays\u00e9n y la Camerata de cuerdas de la escuela Litoral Austral, quienes cerraron interpretando \u201cTodos juntos\u201d, de Los Jaivas que, a juicio del concejal por Ays\u00e9n, Alejandro Soto, fue \u201cmuy destacable, por el esfuerzo que hay detr\u00e1s. Para llegar s\u00f3lo a una nota musical en estos instrumentos hay un trabajo de meses que permiten lograr el objetivo. Fue una hermosa presentaci\u00f3n con la presencia de la FOJI, que en estos d\u00edas de recorrido en la comuna y regi\u00f3n conoci\u00f3 las distancias y la lejan\u00eda, as\u00ed se podr\u00e1 visibilizar el trabajo que aqu\u00ed se desarrolla\u201d.<\/p>\n<p style=\"text-align: justify;\">Finalmente, la presidenta de la Fundaci\u00f3n de Orquestas Juveniles e Infantiles de Chile, Irina Karamanos, relev\u00f3 este trabajo, coronado por este concierto que les signific\u00f3 un balance totalmente positivo de su arribo hasta la comuna aysenina. \u201cHa sido enriquecedor. Respecto a los desaf\u00edos, siempre lo m\u00e1s importante es trabajar en redes. Que las instituciones se pongan de acuerdo y aseguremos as\u00ed la estabilidad de este trabajo en el largo plazo. El arte y la cultura tiene un impacto mucho mayor a nivel social de lo que se cree, y para construir comunidad, para tener mejor convivencia el arte es crucial\u201d.<\/p>\n<p style=\"text-align: justify;\">Karamanos Adri\u00e1n agreg\u00f3 que \u201clo importante ahora es recoger lo que nos han dicho -que es mucho-, as\u00ed es que nos vamos con muchas tareas, para poder ampliarla a nuestro gran equipo, que es el gobierno entero. Por ejemplo, tenemos mucha pega que contarle al ministro de transportes, de salud, de educaci\u00f3n, y de cultura. Y as\u00ed conectarse entre la FOJI y los ministerios para poder mejorar el trabajo, especialmente en una regi\u00f3n como esta, tan extensa y que, aunque tenga pocos habitantes, eso no sea lo m\u00e1s importante. Sino las familias, los ni\u00f1os, y su acceso a la educaci\u00f3n de calidad, y tambi\u00e9n a estos procesos art\u00edsticos\u201d, finaliz\u00f3.<\/p>\n<\/div><\/section><\/div><div  style='height:50px' class='hr hr-invisible   avia-builder-el-6  el_after_av_one_full  el_before_av_social_share '><span class='hr-inner ' ><span class='hr-inner-style'><\/span><\/span><\/div><\/p>\n<div  class='av-social-sharing-box  avia-builder-el-7  el_after_av_hr  el_before_av_hr  '><div class='av-share-box'><h5 class='av-share-link-description av-no-toc '>Compartir esta noticia<\/h5><ul class='av-share-box-list noLightbox'><li class='av-share-link av-social-link-facebook' ><a target=\"_blank\" aria-label=\"Compartir en Facebook\" href='https:\/\/www.facebook.com\/sharer.php?u=https:\/\/radiorevelacionfm.cl\/?p=20833&#038;t=Comunidades%20educativas%20ayseninas%20cautivan%20en%20Concierto%20comunal%20%E2%80%9COrquestas%20de%20Ays%C3%A9n%E2%80%9D' aria-hidden='false' data-av_icon='\ue8f3' data-av_iconfont='entypo-fontello' title='' data-avia-related-tooltip='Compartir en Facebook' rel=\"noopener\"><span class='avia_hidden_link_text'>Compartir en Facebook<\/span><\/a><\/li><li class='av-share-link av-social-link-twitter' ><a target=\"_blank\" aria-label=\"Compartir en Twitter\" href='https:\/\/twitter.com\/share?text=Comunidades%20educativas%20ayseninas%20cautivan%20en%20Concierto%20comunal%20%E2%80%9COrquestas%20de%20Ays%C3%A9n%E2%80%9D&#038;url=https:\/\/radiorevelacionfm.cl\/?p=20833' aria-hidden='false' data-av_icon='\ue8f1' data-av_iconfont='entypo-fontello' title='' data-avia-related-tooltip='Compartir en Twitter' rel=\"noopener\"><span class='avia_hidden_link_text'>Compartir en Twitter<\/span><\/a><\/li><li class='av-share-link av-social-link-whatsapp' ><a target=\"_blank\" aria-label=\"Compartir en Whatsapp\" href='https:\/\/api.whatsapp.com\/send?text=https:\/\/radiorevelacionfm.cl\/?p=20833' aria-hidden='false' data-av_icon='\uf232' data-av_iconfont='entypo-fontello' title='' data-avia-related-tooltip='Compartir en Whatsapp' rel=\"noopener\"><span class='avia_hidden_link_text'>Compartir en Whatsapp<\/span><\/a><\/li><li class='av-share-link av-social-link-linkedin' ><a target=\"_blank\" aria-label=\"Compartir en LinkedIn\" href='https:\/\/linkedin.com\/shareArticle?mini=true&#038;title=Comunidades%20educativas%20ayseninas%20cautivan%20en%20Concierto%20comunal%20%E2%80%9COrquestas%20de%20Ays%C3%A9n%E2%80%9D&#038;url=https:\/\/radiorevelacionfm.cl\/?p=20833' aria-hidden='false' data-av_icon='\ue8fc' data-av_iconfont='entypo-fontello' title='' data-avia-related-tooltip='Compartir en LinkedIn' rel=\"noopener\"><span class='avia_hidden_link_text'>Compartir en LinkedIn<\/span><\/a><\/li><li class='av-share-link av-social-link-mail' ><a  aria-label=\"Compartir por correo\" href='mailto:?subject=Comunidades%20educativas%20ayseninas%20cautivan%20en%20Concierto%20comunal%20%E2%80%9COrquestas%20de%20Ays%C3%A9n%E2%80%9D&#038;body=https:\/\/radiorevelacionfm.cl\/?p=20833' aria-hidden='false' data-av_icon='\ue805' data-av_iconfont='entypo-fontello' title='' data-avia-related-tooltip='Compartir por correo'><span class='avia_hidden_link_text'>Compartir por correo<\/span><\/a><\/li><\/ul><\/div><\/div>\n<div  style='height:50px' class='hr hr-invisible   avia-builder-el-8  el_after_av_social_share  el_before_av_comments_list '><span class='hr-inner ' ><span class='hr-inner-style'><\/span><\/span><\/div>\n<div  class='av-buildercomment  av-blog-meta-html-info-disabled av-blog-meta-tag-disabled  '><\/div>\n","protected":false},"excerpt":{"rendered":"","protected":false},"author":1,"featured_media":20834,"comment_status":"open","ping_status":"open","sticky":false,"template":"","format":"standard","meta":{"footnotes":""},"categories":[43],"tags":[],"class_list":["post-20833","post","type-post","status-publish","format-standard","has-post-thumbnail","hentry","category-musica"],"jetpack_featured_media_url":"https:\/\/radiorevelacionfm.cl\/wp-content\/uploads\/2022\/08\/299996396_455840176583068_3941170127806867387_n-1-1.jpg","_links":{"self":[{"href":"https:\/\/radiorevelacionfm.cl\/index.php?rest_route=\/wp\/v2\/posts\/20833","targetHints":{"allow":["GET"]}}],"collection":[{"href":"https:\/\/radiorevelacionfm.cl\/index.php?rest_route=\/wp\/v2\/posts"}],"about":[{"href":"https:\/\/radiorevelacionfm.cl\/index.php?rest_route=\/wp\/v2\/types\/post"}],"author":[{"embeddable":true,"href":"https:\/\/radiorevelacionfm.cl\/index.php?rest_route=\/wp\/v2\/users\/1"}],"replies":[{"embeddable":true,"href":"https:\/\/radiorevelacionfm.cl\/index.php?rest_route=%2Fwp%2Fv2%2Fcomments&post=20833"}],"version-history":[{"count":2,"href":"https:\/\/radiorevelacionfm.cl\/index.php?rest_route=\/wp\/v2\/posts\/20833\/revisions"}],"predecessor-version":[{"id":20844,"href":"https:\/\/radiorevelacionfm.cl\/index.php?rest_route=\/wp\/v2\/posts\/20833\/revisions\/20844"}],"wp:featuredmedia":[{"embeddable":true,"href":"https:\/\/radiorevelacionfm.cl\/index.php?rest_route=\/wp\/v2\/media\/20834"}],"wp:attachment":[{"href":"https:\/\/radiorevelacionfm.cl\/index.php?rest_route=%2Fwp%2Fv2%2Fmedia&parent=20833"}],"wp:term":[{"taxonomy":"category","embeddable":true,"href":"https:\/\/radiorevelacionfm.cl\/index.php?rest_route=%2Fwp%2Fv2%2Fcategories&post=20833"},{"taxonomy":"post_tag","embeddable":true,"href":"https:\/\/radiorevelacionfm.cl\/index.php?rest_route=%2Fwp%2Fv2%2Ftags&post=20833"}],"curies":[{"name":"wp","href":"https:\/\/api.w.org\/{rel}","templated":true}]}}