{"id":20830,"date":"2022-08-22T17:59:03","date_gmt":"2022-08-22T20:59:03","guid":{"rendered":"https:\/\/radiorevelacionfm.cl\/?p=20830"},"modified":"2022-08-22T17:59:03","modified_gmt":"2022-08-22T20:59:03","slug":"refuerzan-llamado-a-utilizar-la-app-registro-e-identidad-para-reimpresion-de-cedulas-de-identidad-en-caso-de-perdida-o-robo","status":"publish","type":"post","link":"https:\/\/radiorevelacionfm.cl\/?p=20830","title":{"rendered":"Refuerzan llamado a utilizar la App Registro e Identidad para reimpresi\u00f3n de c\u00e9dulas de identidad en caso de p\u00e9rdida o robo"},"content":{"rendered":"<div class=\"flex_column av_one_full  flex_column_div av-zero-column-padding first  avia-builder-el-0  el_before_av_one_full  avia-builder-el-first  \" style='border-radius:0px; '><div  class='avia-image-container  av-styling-    avia-builder-el-1  avia-builder-el-no-sibling  avia-align-center '  itemprop=\"image\" itemscope=\"itemscope\" itemtype=\"https:\/\/schema.org\/ImageObject\"  ><div class='avia-image-container-inner'><div class='avia-image-overlay-wrap'><img decoding=\"async\" class='wp-image-20831 avia-img-lazy-loading-not-20831 avia_image' src=\"https:\/\/radiorevelacionfm.cl\/wp-content\/uploads\/2022\/08\/reimpresion-cedula-1-1.jpeg\" alt='' title='reimpresion c\u00e9dula (1) (1)' height=\"600\" width=\"895\"  itemprop=\"thumbnailUrl\" srcset=\"https:\/\/radiorevelacionfm.cl\/wp-content\/uploads\/2022\/08\/reimpresion-cedula-1-1.jpeg 895w, https:\/\/radiorevelacionfm.cl\/wp-content\/uploads\/2022\/08\/reimpresion-cedula-1-1-300x201.jpeg 300w, https:\/\/radiorevelacionfm.cl\/wp-content\/uploads\/2022\/08\/reimpresion-cedula-1-1-768x515.jpeg 768w, https:\/\/radiorevelacionfm.cl\/wp-content\/uploads\/2022\/08\/reimpresion-cedula-1-1-705x473.jpeg 705w, https:\/\/radiorevelacionfm.cl\/wp-content\/uploads\/2022\/08\/reimpresion-cedula-1-1-600x402.jpeg 600w\" sizes=\"(max-width: 895px) 100vw, 895px\" \/><\/div><\/div><\/div><\/div><div class=\"flex_column av_one_full  flex_column_div av-zero-column-padding first  avia-builder-el-2  el_after_av_one_full  el_before_av_one_full  column-top-margin\" style='border-radius:0px; '><section class=\"av_textblock_section \"  itemscope=\"itemscope\" itemtype=\"https:\/\/schema.org\/BlogPosting\" itemprop=\"blogPost\" ><div class='avia_textblock  '   itemprop=\"text\" ><p style=\"text-align: center;\"><strong><span style=\"font-size: 18pt;\">Refuerzan llamado a utilizar la App Registro e Identidad para reimpresi\u00f3n de c\u00e9dulas de identidad en caso de p\u00e9rdida o robo<\/span><\/strong><\/p>\n<div id=\"gtx-trans\" style=\"position: absolute; left: -50px; top: 4.31534px;\">\n<div class=\"gtx-trans-icon\"><\/div>\n<\/div>\n<\/div><\/section><\/div><div class=\"flex_column av_one_full  flex_column_div av-zero-column-padding first  avia-builder-el-4  el_after_av_one_full  el_before_av_hr  column-top-margin\" style='border-radius:0px; '><section class=\"av_textblock_section \"  itemscope=\"itemscope\" itemtype=\"https:\/\/schema.org\/BlogPosting\" itemprop=\"blogPost\" ><div class='avia_textblock  '   itemprop=\"text\" ><p style=\"text-align: justify;\">Recientemente, el Seremi de Justicia y Derechos Humanos Samuel Navarro Castro acompa\u00f1ado del Director Regional del Servicio de Registro Civil e Identificaci\u00f3n Rodrigo Aguilera, hicieron un llamado a la ciudadan\u00eda a utilizar la aplicaci\u00f3n que permite solicitar la reimpresi\u00f3n de c\u00e9dulas de identidad en caso de sufrir alg\u00fan robo, da\u00f1o o p\u00e9rdida de este documento.<\/p>\n<p style=\"text-align: justify;\">En este sentido, el Seremi de Justicia y Derechos Humanos Samuel Navarro Castro explic\u00f3 \u201cquer\u00edamos reforzar en esta oportunidad, esta campa\u00f1a de reimpresi\u00f3n de la c\u00e9dula de identidad extraviada, robada o da\u00f1ada bajando una aplicaci\u00f3n en el celular, el equipo va a hacer un reconocimiento facial, biom\u00e9trico, se paga en el celular y en los 8 d\u00edas siguientes podr\u00e1 retirarla en la oficina m\u00e1s cercana a su domicilio, de esta forma permitimos que usted no tenga que venir a la oficina a hacer este tr\u00e1mite, sino que puede recuperar su documento, va a salir con la misma fotograf\u00eda, con los mismos datos que ya hab\u00eda entregado, ya que se trata de c\u00e9dulas vigentes que han sido extraviadas o perdidas, y de esta forma le permite a usted recuperar el documento con la aplicaci\u00f3n en su celular que usted descarga, sigue las indicaciones y pide la reimpresi\u00f3n de la c\u00e9dula que est\u00e1 vigente y que est\u00e1 en la base de datos del Registro Civil\u201d.<\/p>\n<p style=\"text-align: justify;\">Por su parte, el director regional del Servicio de Registro Civil e Identificaci\u00f3n Rodrigo Aguilera se refiri\u00f3 a la realizaci\u00f3n del tr\u00e1mite propiamente tal se\u00f1alando que \u201clas personas deben bajar la aplicaci\u00f3n\u00a0Registro e Identidad que est\u00e1 disponible para su descarga gratuita, luego el sistema solicitar\u00e1 el RUN de la persona que pide el duplicado, el primer nombre de la madre y la comuna del domicilio que registr\u00f3 en el Registro Civil, posteriormente se enviar\u00e1 un c\u00f3digo al correo electr\u00f3nico del solicitante que deber\u00e1 ser ingresado en la app. Despu\u00e9s el sistema pedir\u00e1 hacer un reconocimiento facial (validaci\u00f3n biom\u00e9trica), en tanto el nuevo documento estar\u00e1 disponible luego de siete d\u00edas de ser solicitado y podr\u00e1 retirarlo en la oficina que m\u00e1s le acomode\u201d.<\/p>\n<p style=\"text-align: justify;\">Finalmente, cabe mencionar que la aplicaci\u00f3n est\u00e1 disponible de forma gratuita en las tiendas Play Store y App Store (Android y Iphone respectivamente), en tanto la solicitud de duplicado de c\u00e9dula de identidad mantiene los datos, fotograf\u00eda y fecha de vencimiento de la \u00faltima c\u00e9dula vigente, solo cambia el n\u00famero de documento.<\/p>\n<p style=\"text-align: justify;\"><strong>\u00a0<\/strong><\/p>\n<\/div><\/section><\/div><div  style='height:50px' class='hr hr-invisible   avia-builder-el-6  el_after_av_one_full  el_before_av_social_share '><span class='hr-inner ' ><span class='hr-inner-style'><\/span><\/span><\/div><\/p>\n<div  class='av-social-sharing-box  avia-builder-el-7  el_after_av_hr  el_before_av_hr  '><div class='av-share-box'><h5 class='av-share-link-description av-no-toc '>Compartir esta noticia<\/h5><ul class='av-share-box-list noLightbox'><li class='av-share-link av-social-link-facebook' ><a target=\"_blank\" aria-label=\"Compartir en Facebook\" href='https:\/\/www.facebook.com\/sharer.php?u=https:\/\/radiorevelacionfm.cl\/?p=20830&#038;t=Refuerzan%20llamado%20a%20utilizar%20la%20App%20Registro%20e%20Identidad%20para%20reimpresi%C3%B3n%20de%20c%C3%A9dulas%20de%20identidad%20en%20caso%20de%20p%C3%A9rdida%20o%20robo' aria-hidden='false' data-av_icon='\ue8f3' data-av_iconfont='entypo-fontello' title='' data-avia-related-tooltip='Compartir en Facebook' rel=\"noopener\"><span class='avia_hidden_link_text'>Compartir en Facebook<\/span><\/a><\/li><li class='av-share-link av-social-link-twitter' ><a target=\"_blank\" aria-label=\"Compartir en Twitter\" href='https:\/\/twitter.com\/share?text=Refuerzan%20llamado%20a%20utilizar%20la%20App%20Registro%20e%20Identidad%20para%20reimpresi%C3%B3n%20de%20c%C3%A9dulas%20de%20identidad%20en%20caso%20de%20p%C3%A9rdida%20o%20robo&#038;url=https:\/\/radiorevelacionfm.cl\/?p=20830' aria-hidden='false' data-av_icon='\ue8f1' data-av_iconfont='entypo-fontello' title='' data-avia-related-tooltip='Compartir en Twitter' rel=\"noopener\"><span class='avia_hidden_link_text'>Compartir en Twitter<\/span><\/a><\/li><li class='av-share-link av-social-link-whatsapp' ><a target=\"_blank\" aria-label=\"Compartir en Whatsapp\" href='https:\/\/api.whatsapp.com\/send?text=https:\/\/radiorevelacionfm.cl\/?p=20830' aria-hidden='false' data-av_icon='\uf232' data-av_iconfont='entypo-fontello' title='' data-avia-related-tooltip='Compartir en Whatsapp' rel=\"noopener\"><span class='avia_hidden_link_text'>Compartir en Whatsapp<\/span><\/a><\/li><li class='av-share-link av-social-link-linkedin' ><a target=\"_blank\" aria-label=\"Compartir en LinkedIn\" href='https:\/\/linkedin.com\/shareArticle?mini=true&#038;title=Refuerzan%20llamado%20a%20utilizar%20la%20App%20Registro%20e%20Identidad%20para%20reimpresi%C3%B3n%20de%20c%C3%A9dulas%20de%20identidad%20en%20caso%20de%20p%C3%A9rdida%20o%20robo&#038;url=https:\/\/radiorevelacionfm.cl\/?p=20830' aria-hidden='false' data-av_icon='\ue8fc' data-av_iconfont='entypo-fontello' title='' data-avia-related-tooltip='Compartir en LinkedIn' rel=\"noopener\"><span class='avia_hidden_link_text'>Compartir en LinkedIn<\/span><\/a><\/li><li class='av-share-link av-social-link-mail' ><a  aria-label=\"Compartir por correo\" href='mailto:?subject=Refuerzan%20llamado%20a%20utilizar%20la%20App%20Registro%20e%20Identidad%20para%20reimpresi%C3%B3n%20de%20c%C3%A9dulas%20de%20identidad%20en%20caso%20de%20p%C3%A9rdida%20o%20robo&#038;body=https:\/\/radiorevelacionfm.cl\/?p=20830' aria-hidden='false' data-av_icon='\ue805' data-av_iconfont='entypo-fontello' title='' data-avia-related-tooltip='Compartir por correo'><span class='avia_hidden_link_text'>Compartir por correo<\/span><\/a><\/li><\/ul><\/div><\/div>\n<div  style='height:50px' class='hr hr-invisible   avia-builder-el-8  el_after_av_social_share  el_before_av_comments_list '><span class='hr-inner ' ><span class='hr-inner-style'><\/span><\/span><\/div>\n<div  class='av-buildercomment  av-blog-meta-html-info-disabled av-blog-meta-tag-disabled  '><\/div>\n","protected":false},"excerpt":{"rendered":"","protected":false},"author":1,"featured_media":20831,"comment_status":"open","ping_status":"open","sticky":false,"template":"","format":"standard","meta":{"footnotes":""},"categories":[55],"tags":[],"class_list":["post-20830","post","type-post","status-publish","format-standard","has-post-thumbnail","hentry","category-justicia"],"jetpack_featured_media_url":"https:\/\/radiorevelacionfm.cl\/wp-content\/uploads\/2022\/08\/reimpresion-cedula-1-1.jpeg","_links":{"self":[{"href":"https:\/\/radiorevelacionfm.cl\/index.php?rest_route=\/wp\/v2\/posts\/20830","targetHints":{"allow":["GET"]}}],"collection":[{"href":"https:\/\/radiorevelacionfm.cl\/index.php?rest_route=\/wp\/v2\/posts"}],"about":[{"href":"https:\/\/radiorevelacionfm.cl\/index.php?rest_route=\/wp\/v2\/types\/post"}],"author":[{"embeddable":true,"href":"https:\/\/radiorevelacionfm.cl\/index.php?rest_route=\/wp\/v2\/users\/1"}],"replies":[{"embeddable":true,"href":"https:\/\/radiorevelacionfm.cl\/index.php?rest_route=%2Fwp%2Fv2%2Fcomments&post=20830"}],"version-history":[{"count":2,"href":"https:\/\/radiorevelacionfm.cl\/index.php?rest_route=\/wp\/v2\/posts\/20830\/revisions"}],"predecessor-version":[{"id":20848,"href":"https:\/\/radiorevelacionfm.cl\/index.php?rest_route=\/wp\/v2\/posts\/20830\/revisions\/20848"}],"wp:featuredmedia":[{"embeddable":true,"href":"https:\/\/radiorevelacionfm.cl\/index.php?rest_route=\/wp\/v2\/media\/20831"}],"wp:attachment":[{"href":"https:\/\/radiorevelacionfm.cl\/index.php?rest_route=%2Fwp%2Fv2%2Fmedia&parent=20830"}],"wp:term":[{"taxonomy":"category","embeddable":true,"href":"https:\/\/radiorevelacionfm.cl\/index.php?rest_route=%2Fwp%2Fv2%2Fcategories&post=20830"},{"taxonomy":"post_tag","embeddable":true,"href":"https:\/\/radiorevelacionfm.cl\/index.php?rest_route=%2Fwp%2Fv2%2Ftags&post=20830"}],"curies":[{"name":"wp","href":"https:\/\/api.w.org\/{rel}","templated":true}]}}