{"id":20827,"date":"2022-08-22T18:42:02","date_gmt":"2022-08-22T21:42:02","guid":{"rendered":"https:\/\/radiorevelacionfm.cl\/?p=20827"},"modified":"2022-08-22T18:42:02","modified_gmt":"2022-08-22T21:42:02","slug":"cinco-comunas-intercambian-conocimientos-y-saberes-en-el-encuentro-territorial-con-identidad-norte-de-culturas-aysen","status":"publish","type":"post","link":"https:\/\/radiorevelacionfm.cl\/?p=20827","title":{"rendered":"Cinco comunas intercambian conocimientos y saberes en el encuentro territorial con identidad norte de Culturas Ays\u00e9n"},"content":{"rendered":"<div class=\"flex_column av_one_full  flex_column_div av-zero-column-padding first  avia-builder-el-0  el_before_av_one_full  avia-builder-el-first  \" style='border-radius:0px; '><div  class='avia-image-container  av-styling-    avia-builder-el-1  avia-builder-el-no-sibling  avia-align-center '  itemprop=\"image\" itemscope=\"itemscope\" itemtype=\"https:\/\/schema.org\/ImageObject\"  ><div class='avia-image-container-inner'><div class='avia-image-overlay-wrap'><img decoding=\"async\" class='wp-image-20828 avia-img-lazy-loading-not-20828 avia_image' src=\"https:\/\/radiorevelacionfm.cl\/wp-content\/uploads\/2022\/08\/encuentro-norte-3_1-1-1.jpg\" alt='' title='encuentro norte 3_1 (1) (1)' height=\"600\" width=\"1174\"  itemprop=\"thumbnailUrl\" srcset=\"https:\/\/radiorevelacionfm.cl\/wp-content\/uploads\/2022\/08\/encuentro-norte-3_1-1-1.jpg 1174w, https:\/\/radiorevelacionfm.cl\/wp-content\/uploads\/2022\/08\/encuentro-norte-3_1-1-1-300x153.jpg 300w, https:\/\/radiorevelacionfm.cl\/wp-content\/uploads\/2022\/08\/encuentro-norte-3_1-1-1-1030x526.jpg 1030w, https:\/\/radiorevelacionfm.cl\/wp-content\/uploads\/2022\/08\/encuentro-norte-3_1-1-1-768x393.jpg 768w, https:\/\/radiorevelacionfm.cl\/wp-content\/uploads\/2022\/08\/encuentro-norte-3_1-1-1-705x360.jpg 705w, https:\/\/radiorevelacionfm.cl\/wp-content\/uploads\/2022\/08\/encuentro-norte-3_1-1-1-600x307.jpg 600w\" sizes=\"(max-width: 1174px) 100vw, 1174px\" \/><\/div><\/div><\/div><\/div><div class=\"flex_column av_one_full  flex_column_div av-zero-column-padding first  avia-builder-el-2  el_after_av_one_full  el_before_av_one_full  column-top-margin\" style='border-radius:0px; '><section class=\"av_textblock_section \"  itemscope=\"itemscope\" itemtype=\"https:\/\/schema.org\/BlogPosting\" itemprop=\"blogPost\" ><div class='avia_textblock  '   itemprop=\"text\" ><p style=\"text-align: center;\"><span style=\"font-size: 18pt;\"><b>Cinco comunas intercambian conocimientos y saberes en el encuentro territorial con identidad norte de Culturas Ays\u00e9n<\/b><\/span><\/p>\n<div id=\"gtx-trans\" style=\"position: absolute; left: -50px; top: 4.31534px;\">\n<div class=\"gtx-trans-icon\"><\/div>\n<\/div>\n<\/div><\/section><\/div><div class=\"flex_column av_one_full  flex_column_div av-zero-column-padding first  avia-builder-el-4  el_after_av_one_full  el_before_av_hr  column-top-margin\" style='border-radius:0px; '><section class=\"av_textblock_section \"  itemscope=\"itemscope\" itemtype=\"https:\/\/schema.org\/BlogPosting\" itemprop=\"blogPost\" ><div class='avia_textblock  '   itemprop=\"text\" ><p class=\"v1p3\" style=\"text-align: justify;\">Durante tres jornadas, 30 agentes culturales de cinco comunas de la zona norte de nuestra regi\u00f3n se reunieron en el Encuentro Territorial con Identidad Zona Norte, organizado por la Seremi de Culturas Ays\u00e9n, a trav\u00e9s de su Departamento de Ciudadan\u00eda y los programas Red Cultura y de Fortalecimiento de la Identidad Cultural Regional.<\/p>\n<p class=\"v1p3\" style=\"text-align: justify;\">El encuentro comenz\u00f3 con mesas de trabajo de organizaciones culturales comunitarias de Cisnes, Ays\u00e9n, Coyhaique, Guaitecas y Lago Verde. En ellas se intercambiaron pr\u00e1cticas, herramientas y conocimientos de los diferentes quehaceres art\u00edsticos y culturales que desarrollan los agentes y las agentes en sus territorios.<\/p>\n<p class=\"v1p3\" style=\"text-align: justify;\">El encuentro culmin\u00f3 con la muestra de expresiones art\u00edsticas en el Gimnasio Municipal de Puerto Cisnes, que incluy\u00f3 n\u00fameros musicales y exhibiciones de diversa producci\u00f3n regional.<\/p>\n<p class=\"v1p3\" style=\"text-align: justify;\">El seremi de Culturas Ays\u00e9n, Felipe Quiroz, coment\u00f3 que \u00abnos estamos reencontrando con agentes culturales de todo el territorio. En este caso, hemos reunido a cinco comunas de la zona norte en este Encuentro Territorial con Identidad Zona Norte, en que se han intercambiado experiencias, herramientas y saberes para ir potenciando el trabajo que desempe\u00f1a el sector cultural en nuestra regi\u00f3n. Estamos muy contentos y los y las participantes regresan muy satisfechos a sus localidades, sabiendo que con estas actividades estamos fortaleciendo la asociatividad\u00bb.<\/p>\n<p class=\"v1p3\" style=\"text-align: justify;\">La cuentacuentos y artista Leyla Nates, quien viaj\u00f3 desde Los Torreones, dijo que \u00abla verdad es que ha sido supernutritivo, encaus\u00f3 necesidades y uno lo puede ver a nivel humano, como posibles. Como que hay caminos donde uno puede llegar para abrir y seguir dignificando el arte a los artistas, los cultores; uno entiende que es un proceso que va de a poco, pero yo siento que hoy hay m\u00e1s cercan\u00eda para que sea posible el proceso de reivindicar todo lo que es el acceso al arte y a la cultura\u00bb.<\/p>\n<p class=\"v1p3\" style=\"text-align: justify;\">Para la cineasta de Ma\u00f1ihuales, Cynthia Ferrada, fue \u00absuperprovechoso hacer estos encuentros territoriales porque as\u00ed los integrantes de agrupaciones o artistas independientes nos podemos encontrar para conocer qu\u00e9 est\u00e1n haciendo otros compa\u00f1eros que est\u00e1n cerca, para intercambiar herramientas y hacer contactos para ir focalizando objetivos y potenciar las ideas que tenemos en nuestras localidades\u00bb.<\/p>\n<p class=\"v1p3\" style=\"text-align: justify;\">La artesana Doralisa Lincoman viaj\u00f3 desde Melinka para estar representando a su comuna de Las Guaitecas en el encuentro: \u00abVengo de Melinka a exponer mis trabajos. Para m\u00ed fue una experiencia muy bonita porque pudimos participar de todas las comunas y nos reencontramos, a la vez compartimos y me encuentro feliz por haber participado\u00bb.<\/p>\n<p class=\"v1p3\" style=\"text-align: justify;\">Entre las actividades, el taller dictado por la actriz y gestora cultural, M\u00f3nica Mel\u00e9ndez, tuvo gran acogida y permiti\u00f3 fortalecer las acciones de cada organizaci\u00f3n con tem\u00e1ticas como Derechos culturales, Cohesi\u00f3n social y Herramientas para la gesti\u00f3n participativa. Adem\u00e1s, se sum\u00f3 la jornada realizada el d\u00eda s\u00e1bado por Katherine Caballero, sobre Redes y asociatividad.<span class=\"v1Apple-converted-space\">\u00a0<\/span><\/p>\n<p class=\"v1p3\" style=\"text-align: justify;\">Francisco Hern\u00e1ndez, integrante de la Mesa de Organizaciones Culturales Comunitarias de Ays\u00e9n y miembro de la Agrupaci\u00f3n Narradores del Fin del Mundo, manifest\u00f3 que \u00abcomo siempre, es una excelente experiencia participar en lo que organiza el ministerio, Red Cultura en particular. Yo llevo mucho tiempo trabajando con ellos, uno va compartiendo y va adquiriendo una confianza y avances en el trabajo, va entendiendo los objetivos que quieren plantear. Te escuchan y toman en cuenta las cosas que t\u00fa planteas. Adem\u00e1s, conoces gente espectacular\u00bb.<\/p>\n<p class=\"v1p3\" style=\"text-align: justify;\">Los siguientes encuentros son los d\u00edas 22 al 24 de septiembre en la ciudad de Cochrane, donde se reunir\u00e1n creadores y creadoras de las comunas de Tortel, O\u00b4Higgins, Chile Chico, R\u00edo Ib\u00e1\u00f1ez y Cochrane. Del 20 al 22 de octubre en la ciudad de Puerto Ays\u00e9n, Red Cultura cierra<span class=\"v1Apple-converted-space\">\u00a0\u00a0<\/span>estos encuentros con una gran jornada regional.<\/p>\n<\/div><\/section><\/div><div  style='height:50px' class='hr hr-invisible   avia-builder-el-6  el_after_av_one_full  el_before_av_social_share '><span class='hr-inner ' ><span class='hr-inner-style'><\/span><\/span><\/div><\/p>\n<div  class='av-social-sharing-box  avia-builder-el-7  el_after_av_hr  el_before_av_hr  '><div class='av-share-box'><h5 class='av-share-link-description av-no-toc '>Compartir esta noticia<\/h5><ul class='av-share-box-list noLightbox'><li class='av-share-link av-social-link-facebook' ><a target=\"_blank\" aria-label=\"Compartir en Facebook\" href='https:\/\/www.facebook.com\/sharer.php?u=https:\/\/radiorevelacionfm.cl\/?p=20827&#038;t=Cinco%20comunas%20intercambian%20conocimientos%20y%20saberes%20en%20el%20encuentro%20territorial%20con%20identidad%20norte%20de%20Culturas%20Ays%C3%A9n' aria-hidden='false' data-av_icon='\ue8f3' data-av_iconfont='entypo-fontello' title='' data-avia-related-tooltip='Compartir en Facebook' rel=\"noopener\"><span class='avia_hidden_link_text'>Compartir en Facebook<\/span><\/a><\/li><li class='av-share-link av-social-link-twitter' ><a target=\"_blank\" aria-label=\"Compartir en Twitter\" href='https:\/\/twitter.com\/share?text=Cinco%20comunas%20intercambian%20conocimientos%20y%20saberes%20en%20el%20encuentro%20territorial%20con%20identidad%20norte%20de%20Culturas%20Ays%C3%A9n&#038;url=https:\/\/radiorevelacionfm.cl\/?p=20827' aria-hidden='false' data-av_icon='\ue8f1' data-av_iconfont='entypo-fontello' title='' data-avia-related-tooltip='Compartir en Twitter' rel=\"noopener\"><span class='avia_hidden_link_text'>Compartir en Twitter<\/span><\/a><\/li><li class='av-share-link av-social-link-whatsapp' ><a target=\"_blank\" aria-label=\"Compartir en Whatsapp\" href='https:\/\/api.whatsapp.com\/send?text=https:\/\/radiorevelacionfm.cl\/?p=20827' aria-hidden='false' data-av_icon='\uf232' data-av_iconfont='entypo-fontello' title='' data-avia-related-tooltip='Compartir en Whatsapp' rel=\"noopener\"><span class='avia_hidden_link_text'>Compartir en Whatsapp<\/span><\/a><\/li><li class='av-share-link av-social-link-linkedin' ><a target=\"_blank\" aria-label=\"Compartir en LinkedIn\" href='https:\/\/linkedin.com\/shareArticle?mini=true&#038;title=Cinco%20comunas%20intercambian%20conocimientos%20y%20saberes%20en%20el%20encuentro%20territorial%20con%20identidad%20norte%20de%20Culturas%20Ays%C3%A9n&#038;url=https:\/\/radiorevelacionfm.cl\/?p=20827' aria-hidden='false' data-av_icon='\ue8fc' data-av_iconfont='entypo-fontello' title='' data-avia-related-tooltip='Compartir en LinkedIn' rel=\"noopener\"><span class='avia_hidden_link_text'>Compartir en LinkedIn<\/span><\/a><\/li><li class='av-share-link av-social-link-mail' ><a  aria-label=\"Compartir por correo\" href='mailto:?subject=Cinco%20comunas%20intercambian%20conocimientos%20y%20saberes%20en%20el%20encuentro%20territorial%20con%20identidad%20norte%20de%20Culturas%20Ays%C3%A9n&#038;body=https:\/\/radiorevelacionfm.cl\/?p=20827' aria-hidden='false' data-av_icon='\ue805' data-av_iconfont='entypo-fontello' title='' data-avia-related-tooltip='Compartir por correo'><span class='avia_hidden_link_text'>Compartir por correo<\/span><\/a><\/li><\/ul><\/div><\/div>\n<div  style='height:50px' class='hr hr-invisible   avia-builder-el-8  el_after_av_social_share  el_before_av_comments_list '><span class='hr-inner ' ><span class='hr-inner-style'><\/span><\/span><\/div>\n<div  class='av-buildercomment  av-blog-meta-html-info-disabled av-blog-meta-tag-disabled  '><\/div>\n","protected":false},"excerpt":{"rendered":"","protected":false},"author":1,"featured_media":20828,"comment_status":"open","ping_status":"open","sticky":false,"template":"","format":"standard","meta":{"footnotes":""},"categories":[52],"tags":[],"class_list":["post-20827","post","type-post","status-publish","format-standard","has-post-thumbnail","hentry","category-cultura"],"jetpack_featured_media_url":"https:\/\/radiorevelacionfm.cl\/wp-content\/uploads\/2022\/08\/encuentro-norte-3_1-1-1.jpg","_links":{"self":[{"href":"https:\/\/radiorevelacionfm.cl\/index.php?rest_route=\/wp\/v2\/posts\/20827","targetHints":{"allow":["GET"]}}],"collection":[{"href":"https:\/\/radiorevelacionfm.cl\/index.php?rest_route=\/wp\/v2\/posts"}],"about":[{"href":"https:\/\/radiorevelacionfm.cl\/index.php?rest_route=\/wp\/v2\/types\/post"}],"author":[{"embeddable":true,"href":"https:\/\/radiorevelacionfm.cl\/index.php?rest_route=\/wp\/v2\/users\/1"}],"replies":[{"embeddable":true,"href":"https:\/\/radiorevelacionfm.cl\/index.php?rest_route=%2Fwp%2Fv2%2Fcomments&post=20827"}],"version-history":[{"count":2,"href":"https:\/\/radiorevelacionfm.cl\/index.php?rest_route=\/wp\/v2\/posts\/20827\/revisions"}],"predecessor-version":[{"id":20858,"href":"https:\/\/radiorevelacionfm.cl\/index.php?rest_route=\/wp\/v2\/posts\/20827\/revisions\/20858"}],"wp:featuredmedia":[{"embeddable":true,"href":"https:\/\/radiorevelacionfm.cl\/index.php?rest_route=\/wp\/v2\/media\/20828"}],"wp:attachment":[{"href":"https:\/\/radiorevelacionfm.cl\/index.php?rest_route=%2Fwp%2Fv2%2Fmedia&parent=20827"}],"wp:term":[{"taxonomy":"category","embeddable":true,"href":"https:\/\/radiorevelacionfm.cl\/index.php?rest_route=%2Fwp%2Fv2%2Fcategories&post=20827"},{"taxonomy":"post_tag","embeddable":true,"href":"https:\/\/radiorevelacionfm.cl\/index.php?rest_route=%2Fwp%2Fv2%2Ftags&post=20827"}],"curies":[{"name":"wp","href":"https:\/\/api.w.org\/{rel}","templated":true}]}}