{"id":20823,"date":"2022-08-22T12:48:39","date_gmt":"2022-08-22T15:48:39","guid":{"rendered":"https:\/\/radiorevelacionfm.cl\/?p=20823"},"modified":"2022-08-22T12:48:39","modified_gmt":"2022-08-22T15:48:39","slug":"prevencionistas-de-riesgos-se-capacitan-en-investigacion-de-accidentes-laborales","status":"publish","type":"post","link":"https:\/\/radiorevelacionfm.cl\/?p=20823","title":{"rendered":"Prevencionistas de Riesgos se capacitan en investigaci\u00f3n de accidentes laborales"},"content":{"rendered":"<div class=\"flex_column av_one_full  flex_column_div av-zero-column-padding first  avia-builder-el-0  el_before_av_one_full  avia-builder-el-first  \" style='border-radius:0px; '><div  class='avia-image-container  av-styling-    avia-builder-el-1  avia-builder-el-no-sibling  avia-align-center '  itemprop=\"image\" itemscope=\"itemscope\" itemtype=\"https:\/\/schema.org\/ImageObject\"  ><div class='avia-image-container-inner'><div class='avia-image-overlay-wrap'><img decoding=\"async\" class='wp-image-20824 avia-img-lazy-loading-not-20824 avia_image' src=\"https:\/\/radiorevelacionfm.cl\/wp-content\/uploads\/2022\/08\/grupo-1-1.jpg\" alt='' title='grupo (1) (1)' height=\"600\" width=\"878\"  itemprop=\"thumbnailUrl\" srcset=\"https:\/\/radiorevelacionfm.cl\/wp-content\/uploads\/2022\/08\/grupo-1-1.jpg 878w, https:\/\/radiorevelacionfm.cl\/wp-content\/uploads\/2022\/08\/grupo-1-1-300x205.jpg 300w, https:\/\/radiorevelacionfm.cl\/wp-content\/uploads\/2022\/08\/grupo-1-1-768x525.jpg 768w, https:\/\/radiorevelacionfm.cl\/wp-content\/uploads\/2022\/08\/grupo-1-1-705x482.jpg 705w, https:\/\/radiorevelacionfm.cl\/wp-content\/uploads\/2022\/08\/grupo-1-1-600x410.jpg 600w\" sizes=\"(max-width: 878px) 100vw, 878px\" \/><\/div><\/div><\/div><\/div><div class=\"flex_column av_one_full  flex_column_div av-zero-column-padding first  avia-builder-el-2  el_after_av_one_full  el_before_av_one_full  column-top-margin\" style='border-radius:0px; '><section class=\"av_textblock_section \"  itemscope=\"itemscope\" itemtype=\"https:\/\/schema.org\/BlogPosting\" itemprop=\"blogPost\" ><div class='avia_textblock  '   itemprop=\"text\" ><p style=\"text-align: center;\"><strong><span style=\"font-size: 18pt;\">Prevencionistas de Riesgos se capacitan en investigaci\u00f3n de accidentes laborales<\/span><\/strong><\/p>\n<div id=\"gtx-trans\" style=\"position: absolute; left: -50px; top: 4.31534px;\">\n<div class=\"gtx-trans-icon\"><\/div>\n<\/div>\n<\/div><\/section><\/div><div class=\"flex_column av_one_full  flex_column_div av-zero-column-padding first  avia-builder-el-4  el_after_av_one_full  el_before_av_hr  column-top-margin\" style='border-radius:0px; '><section class=\"av_textblock_section \"  itemscope=\"itemscope\" itemtype=\"https:\/\/schema.org\/BlogPosting\" itemprop=\"blogPost\" ><div class='avia_textblock  '   itemprop=\"text\" ><p style=\"text-align: justify;\">Por espacio de dos d\u00edas, alrededor de treinta profesionales expertos en Prevenci\u00f3n de Riesgos, tanto de entidades p\u00fablicas y privadas de toda la regi\u00f3n, participaron de una capacitaci\u00f3n organizada por la Secretar\u00eda Ministerial de Salud sobre accidentes laborales y su metodolog\u00eda de investigaci\u00f3n para establecer los protocolos de acci\u00f3n frente a este tipo de situaciones; actividad que finaliz\u00f3 con la \u00a0correspondiente certificaci\u00f3n de los participantes en investigaci\u00f3n de accidentes con metodolog\u00eda \u00c1rbol de Causa.<\/p>\n<p style=\"text-align: justify;\">Durante esta actividad, los profesionales actualizaron sus competencias t\u00e9cnicas para efectuar una correcta y adecuada recolecci\u00f3n de la informaci\u00f3n, construcci\u00f3n de relatos, listado de hechos, diagrama del \u00c1rbol y posterior administraci\u00f3n de la informaci\u00f3n. Tal como lo explic\u00f3 Manuel C\u00e1rdenas, funcionario de la Unidad de Salud Ocupacional de la Seremi de Salud.\u00a0 \u201cEsta capacitaci\u00f3n estuvo dirigida hacia los expertos en prevenci\u00f3n de riesgo de la regi\u00f3n, y su funci\u00f3n es capacitarlos en materia de investigaci\u00f3n de accidentes y metodolog\u00eda de investigaci\u00f3n denomina \u00e1rbol de causas.\u00a0 Esta metodolog\u00eda es muy importante, ya que se usa en distintos pa\u00edses, y hoy en d\u00eda en nuestro sistema legal nos indica que todos los accidentes graves y fatales deben ser investigados con este m\u00e9todo, donde hemos detectado que a nivel de empresas existe una falencia respecto del an\u00e1lisis y uso de este mecanismo de investigaci\u00f3n que permite llegar a las causas de los accidentes y entregar medidas preventivas para que estos no vuelvan a ocurrir\u201d.<\/p>\n<p style=\"text-align: justify;\">Esta iniciativa, liderada por la Seremi de Salud a trav\u00e9s del Departamento de Salud Ocupacional, busca as\u00ed generar las competencias t\u00e9cnicas entre los profesionales a cargo de resguardar la salud de los trabajadores en los \u00e1mbitos p\u00fablicos y privados, adem\u00e1s de notificar e investigar los accidentes laborales.\u00a0 Un hecho que fue destacado por Jorge Godoy, funcionario del Servicio de Mejor Ni\u00f1ez, \u201cquiero agradecer a la seremi de salud por la oportunidad de conocer esta herramienta y poder aplicarla, tanto para los profesionales del \u00e1rea de salud ocupacional y prevenci\u00f3n de riesgo, como en mi caso que soy integrante del comit\u00e9 paritario, es importante partir con todas las herramientas disponibles y en este sentido la seremi nos hace un tremendo aporte al capacitarnos en esta herramienta para la detecci\u00f3n e identificaci\u00f3n de accidentes, as\u00ed protegemos de mejor manera a los trabajadores\u201d.<\/p>\n<p style=\"text-align: justify;\">Finalmente, la Seremi de Salud Ays\u00e9n, Carmen Monsalve, valor\u00f3 el inter\u00e9s de organismos p\u00fablicos y privados por participar de esta actividad.\u00a0 \u201cQueremos destacar y valorar la participaci\u00f3n de todos estos expertos en el \u00e1rea de prevenci\u00f3n de riesgos que participaron en este taller de accidentes laborales y metodolog\u00eda del \u00e1rbol de causas, dictado por nuestro profesional de la Unidad de Salud Ocupacional con el objetivo de poder entregar herramientas para que estos profesionales desde sus respectivas \u00e1reas de trabajo puedan colaborar activamente en la seguridad de los trabajadores, identificar riesgos, investigar accidentes graves que son de notificaci\u00f3n obligatoria, analizar las posibles causas y evitar\u00a0 que estas situaciones se repitan en las instituciones,\u201d puntualiz\u00f3.<\/p>\n<p style=\"text-align: justify;\">Otro de los objetivos de esta capacitaci\u00f3n fue reforzar y actualizar las metodolog\u00edas de investigaci\u00f3n en los accidentes del trabajo, identificando las \u201ccausas\u201d de tales hechos, lo cual significa que se debe buscar el origen, el motivo o la raz\u00f3n por la que \u00e9stos se producen, elaborando medidas de control, correctivas y preventivas para evitar la ocurrencia de otros accidentes por las mismas causas.<\/p>\n<\/div><\/section><\/div><div  style='height:50px' class='hr hr-invisible   avia-builder-el-6  el_after_av_one_full  el_before_av_social_share '><span class='hr-inner ' ><span class='hr-inner-style'><\/span><\/span><\/div><\/p>\n<div  class='av-social-sharing-box  avia-builder-el-7  el_after_av_hr  el_before_av_hr  '><div class='av-share-box'><h5 class='av-share-link-description av-no-toc '>Compartir esta noticia<\/h5><ul class='av-share-box-list noLightbox'><li class='av-share-link av-social-link-facebook' ><a target=\"_blank\" aria-label=\"Compartir en Facebook\" href='https:\/\/www.facebook.com\/sharer.php?u=https:\/\/radiorevelacionfm.cl\/?p=20823&#038;t=Prevencionistas%20de%20Riesgos%20se%20capacitan%20en%20investigaci%C3%B3n%20de%20accidentes%20laborales' aria-hidden='false' data-av_icon='\ue8f3' data-av_iconfont='entypo-fontello' title='' data-avia-related-tooltip='Compartir en Facebook' rel=\"noopener\"><span class='avia_hidden_link_text'>Compartir en Facebook<\/span><\/a><\/li><li class='av-share-link av-social-link-twitter' ><a target=\"_blank\" aria-label=\"Compartir en Twitter\" href='https:\/\/twitter.com\/share?text=Prevencionistas%20de%20Riesgos%20se%20capacitan%20en%20investigaci%C3%B3n%20de%20accidentes%20laborales&#038;url=https:\/\/radiorevelacionfm.cl\/?p=20823' aria-hidden='false' data-av_icon='\ue8f1' data-av_iconfont='entypo-fontello' title='' data-avia-related-tooltip='Compartir en Twitter' rel=\"noopener\"><span class='avia_hidden_link_text'>Compartir en Twitter<\/span><\/a><\/li><li class='av-share-link av-social-link-whatsapp' ><a target=\"_blank\" aria-label=\"Compartir en Whatsapp\" href='https:\/\/api.whatsapp.com\/send?text=https:\/\/radiorevelacionfm.cl\/?p=20823' aria-hidden='false' data-av_icon='\uf232' data-av_iconfont='entypo-fontello' title='' data-avia-related-tooltip='Compartir en Whatsapp' rel=\"noopener\"><span class='avia_hidden_link_text'>Compartir en Whatsapp<\/span><\/a><\/li><li class='av-share-link av-social-link-linkedin' ><a target=\"_blank\" aria-label=\"Compartir en LinkedIn\" href='https:\/\/linkedin.com\/shareArticle?mini=true&#038;title=Prevencionistas%20de%20Riesgos%20se%20capacitan%20en%20investigaci%C3%B3n%20de%20accidentes%20laborales&#038;url=https:\/\/radiorevelacionfm.cl\/?p=20823' aria-hidden='false' data-av_icon='\ue8fc' data-av_iconfont='entypo-fontello' title='' data-avia-related-tooltip='Compartir en LinkedIn' rel=\"noopener\"><span class='avia_hidden_link_text'>Compartir en LinkedIn<\/span><\/a><\/li><li class='av-share-link av-social-link-mail' ><a  aria-label=\"Compartir por correo\" href='mailto:?subject=Prevencionistas%20de%20Riesgos%20se%20capacitan%20en%20investigaci%C3%B3n%20de%20accidentes%20laborales&#038;body=https:\/\/radiorevelacionfm.cl\/?p=20823' aria-hidden='false' data-av_icon='\ue805' data-av_iconfont='entypo-fontello' title='' data-avia-related-tooltip='Compartir por correo'><span class='avia_hidden_link_text'>Compartir por correo<\/span><\/a><\/li><\/ul><\/div><\/div>\n<div  style='height:50px' class='hr hr-invisible   avia-builder-el-8  el_after_av_social_share  el_before_av_comments_list '><span class='hr-inner ' ><span class='hr-inner-style'><\/span><\/span><\/div>\n<div  class='av-buildercomment  av-blog-meta-html-info-disabled av-blog-meta-tag-disabled  '><\/div>\n","protected":false},"excerpt":{"rendered":"","protected":false},"author":1,"featured_media":20824,"comment_status":"open","ping_status":"open","sticky":false,"template":"","format":"standard","meta":{"footnotes":""},"categories":[46],"tags":[],"class_list":["post-20823","post","type-post","status-publish","format-standard","has-post-thumbnail","hentry","category-salud"],"jetpack_featured_media_url":"https:\/\/radiorevelacionfm.cl\/wp-content\/uploads\/2022\/08\/grupo-1-1.jpg","_links":{"self":[{"href":"https:\/\/radiorevelacionfm.cl\/index.php?rest_route=\/wp\/v2\/posts\/20823","targetHints":{"allow":["GET"]}}],"collection":[{"href":"https:\/\/radiorevelacionfm.cl\/index.php?rest_route=\/wp\/v2\/posts"}],"about":[{"href":"https:\/\/radiorevelacionfm.cl\/index.php?rest_route=\/wp\/v2\/types\/post"}],"author":[{"embeddable":true,"href":"https:\/\/radiorevelacionfm.cl\/index.php?rest_route=\/wp\/v2\/users\/1"}],"replies":[{"embeddable":true,"href":"https:\/\/radiorevelacionfm.cl\/index.php?rest_route=%2Fwp%2Fv2%2Fcomments&post=20823"}],"version-history":[{"count":2,"href":"https:\/\/radiorevelacionfm.cl\/index.php?rest_route=\/wp\/v2\/posts\/20823\/revisions"}],"predecessor-version":[{"id":20826,"href":"https:\/\/radiorevelacionfm.cl\/index.php?rest_route=\/wp\/v2\/posts\/20823\/revisions\/20826"}],"wp:featuredmedia":[{"embeddable":true,"href":"https:\/\/radiorevelacionfm.cl\/index.php?rest_route=\/wp\/v2\/media\/20824"}],"wp:attachment":[{"href":"https:\/\/radiorevelacionfm.cl\/index.php?rest_route=%2Fwp%2Fv2%2Fmedia&parent=20823"}],"wp:term":[{"taxonomy":"category","embeddable":true,"href":"https:\/\/radiorevelacionfm.cl\/index.php?rest_route=%2Fwp%2Fv2%2Fcategories&post=20823"},{"taxonomy":"post_tag","embeddable":true,"href":"https:\/\/radiorevelacionfm.cl\/index.php?rest_route=%2Fwp%2Fv2%2Ftags&post=20823"}],"curies":[{"name":"wp","href":"https:\/\/api.w.org\/{rel}","templated":true}]}}