{"id":20816,"date":"2022-08-22T10:54:34","date_gmt":"2022-08-22T13:54:34","guid":{"rendered":"https:\/\/radiorevelacionfm.cl\/?p=20816"},"modified":"2022-08-22T10:54:34","modified_gmt":"2022-08-22T13:54:34","slug":"un-50-de-avance-tiene-construccion-de-infraestructura-para-uso-publico-en-la-reserva-nacional-lago-rosselot","status":"publish","type":"post","link":"https:\/\/radiorevelacionfm.cl\/?p=20816","title":{"rendered":"Un 50% de avance tiene construcci\u00f3n de infraestructura para uso p\u00fablico en la Reserva Nacional Lago Rosselot"},"content":{"rendered":"<div class=\"flex_column av_one_full  flex_column_div av-zero-column-padding first  avia-builder-el-0  el_before_av_one_full  avia-builder-el-first  \" style='border-radius:0px; '><div  class='avia-image-container  av-styling-    avia-builder-el-1  avia-builder-el-no-sibling  avia-align-center '  itemprop=\"image\" itemscope=\"itemscope\" itemtype=\"https:\/\/schema.org\/ImageObject\"  ><div class='avia-image-container-inner'><div class='avia-image-overlay-wrap'><img decoding=\"async\" class='wp-image-20817 avia-img-lazy-loading-not-20817 avia_image' src=\"https:\/\/radiorevelacionfm.cl\/wp-content\/uploads\/2022\/08\/image-77_optimized.jpg\" alt='' title='image-(77)_optimized' height=\"600\" width=\"797\"  itemprop=\"thumbnailUrl\" srcset=\"https:\/\/radiorevelacionfm.cl\/wp-content\/uploads\/2022\/08\/image-77_optimized.jpg 797w, https:\/\/radiorevelacionfm.cl\/wp-content\/uploads\/2022\/08\/image-77_optimized-300x226.jpg 300w, https:\/\/radiorevelacionfm.cl\/wp-content\/uploads\/2022\/08\/image-77_optimized-768x578.jpg 768w, https:\/\/radiorevelacionfm.cl\/wp-content\/uploads\/2022\/08\/image-77_optimized-705x531.jpg 705w, https:\/\/radiorevelacionfm.cl\/wp-content\/uploads\/2022\/08\/image-77_optimized-600x452.jpg 600w\" sizes=\"(max-width: 797px) 100vw, 797px\" \/><\/div><\/div><\/div><\/div><div class=\"flex_column av_one_full  flex_column_div av-zero-column-padding first  avia-builder-el-2  el_after_av_one_full  el_before_av_one_full  column-top-margin\" style='border-radius:0px; '><section class=\"av_textblock_section \"  itemscope=\"itemscope\" itemtype=\"https:\/\/schema.org\/BlogPosting\" itemprop=\"blogPost\" ><div class='avia_textblock  '   itemprop=\"text\" ><p style=\"text-align: center;\"><strong><span style=\"font-size: 18pt;\">Un 50% de avance tiene construcci\u00f3n de infraestructura para uso p\u00fablico en la Reserva Nacional Lago Rosselot<\/span><\/strong><\/p>\n<div id=\"gtx-trans\" style=\"position: absolute; left: -50px; top: 4.31534px;\">\n<div class=\"gtx-trans-icon\"><\/div>\n<\/div>\n<\/div><\/section><\/div><div class=\"flex_column av_one_full  flex_column_div av-zero-column-padding first  avia-builder-el-4  el_after_av_one_full  el_before_av_hr  column-top-margin\" style='border-radius:0px; '><section class=\"av_textblock_section \"  itemscope=\"itemscope\" itemtype=\"https:\/\/schema.org\/BlogPosting\" itemprop=\"blogPost\" ><div class='avia_textblock  '   itemprop=\"text\" ><p style=\"text-align: justify;\">El Secretario Regional Ministerial de Obras P\u00fablicas, Patricio Sanhueza Ulloa inform\u00f3 que 50% de avance tiene la construcci\u00f3n de infraestructura para uso p\u00fablico en el sector Reserva Nacional Lago Rosselot- Parque Nacional Queulat. As\u00ed lo pudieron constatar en reciente visita al sector, el equipo de la Direcci\u00f3n Regional de Arquitectura MOP.<\/p>\n<p style=\"text-align: justify;\">\u201cNuestro gobierno tiene una mirada ecol\u00f3gica, nuestra regi\u00f3n tiene vocaci\u00f3n tur\u00edstica y tambi\u00e9n pone en valor el patrimonio natural con el que cuenta nuestra regi\u00f3n, as\u00ed como tambi\u00e9n visualiza el sano esparcimiento deportivo y recreacional de personas y familias, por lo tanto estas obras contribuyen a impulsar el desarrollo de estas \u00e1reas y son una herramienta que posibilitar\u00e1 generar nuevos emprendimientos y oportunidades para las personas, as\u00ed que vamos avanzando con obras que contribuyen al bienestar de todas y todos con equidad territorial respecto a otros lugares del pa\u00eds, dotando de infraestructura a este lugar lo que facilitar\u00e1 el acceso y experiencia\u00a0 de los habitantes del lugar y sus visitantes. Esta es una obra que dota de infraestructura interna a la forma de un transecto longitudinal en un tramo, que permite una mirada de la variaci\u00f3n de la composici\u00f3n vegetal y aborda toda la diversidad que tiene esta \u00e1rea. Adem\u00e1s, un tramo de este sendero que se est\u00e1 construyendo es interpretativo, con letreros y con informaci\u00f3n de las especies, as\u00ed que es una infraestructura muy buena con la que se puede efectuar educaci\u00f3n ambiental y que permite a nuestra comunidad y visitantes conocer bastante sobre la flora y la diversidad de nuestras \u00e1reas silvestres protegidas que son uno de los principales atractivos de nuestra regi\u00f3n de Ays\u00e9n. Vamos a continuar con estas obras las que forman parte de un proyecto m\u00e1s amplio, el que consider\u00f3 la intervenci\u00f3n con infraestructura para uso p\u00fablico en cuatro sectores: El Portezuelo Queulat, Ventisquero Colgante, lago Risopatr\u00f3n y en la Reserva Nacional lago Rosselot, la que estamos abordando en este momento con la construcci\u00f3n de este sendero, y con otras que tenemos contempladas en el \u00e1rea del Sistema Nacional de \u00c1reas Silvestres Protegidas que conforman esta gran red de Parques de la Patagonia. Hoy con estos trabajos tambi\u00e9n estamos entregando empleo a 20 personas, as\u00ed que estamos muy contentos por el desarrollo de este sendero, el que avanza de acuerdo a lo programado con un 50%\u00a0 de ejecuci\u00f3n, tiene una inversi\u00f3n de $932 millones provenientes de la Corporaci\u00f3n Nacional Forestal (CONAF) y un plazo de ejecuci\u00f3n de 210 d\u00edas, as\u00ed que vamos a continuar en esta l\u00ednea de acci\u00f3n, para seguir avanzando en dotar de infraestructura en esta \u00e1rea junto a la Corporaci\u00f3n Nacional Forestal para que cada vez m\u00e1s personas puedan visitar, conocer y disfrutar la belleza natural que tiene esta Reserva Nacional en la regi\u00f3n de Ays\u00e9n\u201d, afirm\u00f3 el SEREMI del MOP.<\/p>\n<p style=\"text-align: justify;\">La Reserva Nacional Lago Rosselot se encuentra ubicada a 268 kil\u00f3metros al norte de la ciudad de Coyhaique, en la localidad de La Junta, comuna de Cisnes. Fue creada mediante DS N\u00b0524 del 31 de octubre de 1968 como Parque Nacional y luego, desafectada y recategorizada como Reserva Nacional el 13 de octubre de 1983, y abarca una superficie de 12.700 hect\u00e1reas. El sendero en construcci\u00f3n recorre en su primer tramo, un bosque siempreverde maduro, donde predominan especies como la Tepa, el Coig\u00fce, el Canelo, la Luma, el Array\u00e1n, el Ma\u00f1\u00edo, Notro y el Chilco; y especies de fauna como el puma, el c\u00f3ndor, el \u00e1guila, la cacha\u00f1a, el zorro colorado y el pud\u00fa, entre otros. Dentro de los elementos del paisaje sobresalen el volc\u00e1n Melimoyu, el encuentro de los r\u00edos Palena y Rosselot, y el Cord\u00f3n Barros Arana.<\/p>\n<p style=\"text-align: justify;\">La apreciaci\u00f3n de todos estos elementos no contaba con un soporte que de alguna forma contuviera y diversificara la belleza esc\u00e9nica del sector, para ser disfrutada por la familia y comunidad, raz\u00f3n por la que estos kil\u00f3metros de sendero conducir\u00e1n la vista y el recorrido de las personas para que puedan disfrutar ampliamente el contenido de toda la Reserva. As\u00ed lo refrend\u00f3, la Directora Regional de Arquitectura del MOP Paola Az\u00f3car, quien mencion\u00f3 que desde el punto de vista de infraestructura p\u00fablica, \u201cestamos realizando obras que permiten obtener una mayor accesibilidad a las \u00e1reas silvestres protegidas que poseen una tremenda riqueza natural, que m\u00e1s personas puedan disfrutar de estos atributos naturales y entregarles informaci\u00f3n durante el recorrido que permita adem\u00e1s de vivenciar el paisaje, aprender sobre la biodiversidad presente en el sector\u201d.<\/p>\n<p style=\"text-align: justify;\">\u201cDe esta forma, las obras consideran la construcci\u00f3n de un sendero de 4,5 km en total el que incluye zonas de descanso, miradores, puentes, pasarelas, escalarines y elementos de protecci\u00f3n que generan mayores condiciones de seguridad a quienes realicen este recorrido, indic\u00f3 la Directora Regional de Arquitectura del MOP Paola Az\u00f3car, quien adem\u00e1s agreg\u00f3 \u201c dentro de estos \u00a0trabajos tambi\u00e9n contemplan la implementaci\u00f3n de un tramo inicial de 2,5 km con caracter\u00edsticas de sendero interpretativo, el que incluye paneles de informaci\u00f3n, abordando aspectos acerca de los valores ecol\u00f3gicos y de biodiversidad presentes, con \u00e9nfasis en las especies vegetales. Adem\u00e1s, de la informaci\u00f3n entregada aborda otros aspectos y elementos del bosque, destacando el gran valor de biodiversidad que tiene este recorrido, el que alcanza a un bosque de altura donde predominan las lengas y que se extiende hasta su cumbre\u201d.<\/p>\n<\/div><\/section><\/div><div  style='height:50px' class='hr hr-invisible   avia-builder-el-6  el_after_av_one_full  el_before_av_social_share '><span class='hr-inner ' ><span class='hr-inner-style'><\/span><\/span><\/div><\/p>\n<div  class='av-social-sharing-box  avia-builder-el-7  el_after_av_hr  el_before_av_hr  '><div class='av-share-box'><h5 class='av-share-link-description av-no-toc '>Compartir esta noticia<\/h5><ul class='av-share-box-list noLightbox'><li class='av-share-link av-social-link-facebook' ><a target=\"_blank\" aria-label=\"Compartir en Facebook\" href='https:\/\/www.facebook.com\/sharer.php?u=https:\/\/radiorevelacionfm.cl\/?p=20816&#038;t=Un%2050%25%20de%20avance%20tiene%20construcci%C3%B3n%20de%20infraestructura%20para%20uso%20p%C3%BAblico%20en%20la%20Reserva%20Nacional%20Lago%20Rosselot' aria-hidden='false' data-av_icon='\ue8f3' data-av_iconfont='entypo-fontello' title='' data-avia-related-tooltip='Compartir en Facebook' rel=\"noopener\"><span class='avia_hidden_link_text'>Compartir en Facebook<\/span><\/a><\/li><li class='av-share-link av-social-link-twitter' ><a target=\"_blank\" aria-label=\"Compartir en Twitter\" href='https:\/\/twitter.com\/share?text=Un%2050%25%20de%20avance%20tiene%20construcci%C3%B3n%20de%20infraestructura%20para%20uso%20p%C3%BAblico%20en%20la%20Reserva%20Nacional%20Lago%20Rosselot&#038;url=https:\/\/radiorevelacionfm.cl\/?p=20816' aria-hidden='false' data-av_icon='\ue8f1' data-av_iconfont='entypo-fontello' title='' data-avia-related-tooltip='Compartir en Twitter' rel=\"noopener\"><span class='avia_hidden_link_text'>Compartir en Twitter<\/span><\/a><\/li><li class='av-share-link av-social-link-whatsapp' ><a target=\"_blank\" aria-label=\"Compartir en Whatsapp\" href='https:\/\/api.whatsapp.com\/send?text=https:\/\/radiorevelacionfm.cl\/?p=20816' aria-hidden='false' data-av_icon='\uf232' data-av_iconfont='entypo-fontello' title='' data-avia-related-tooltip='Compartir en Whatsapp' rel=\"noopener\"><span class='avia_hidden_link_text'>Compartir en Whatsapp<\/span><\/a><\/li><li class='av-share-link av-social-link-linkedin' ><a target=\"_blank\" aria-label=\"Compartir en LinkedIn\" href='https:\/\/linkedin.com\/shareArticle?mini=true&#038;title=Un%2050%25%20de%20avance%20tiene%20construcci%C3%B3n%20de%20infraestructura%20para%20uso%20p%C3%BAblico%20en%20la%20Reserva%20Nacional%20Lago%20Rosselot&#038;url=https:\/\/radiorevelacionfm.cl\/?p=20816' aria-hidden='false' data-av_icon='\ue8fc' data-av_iconfont='entypo-fontello' title='' data-avia-related-tooltip='Compartir en LinkedIn' rel=\"noopener\"><span class='avia_hidden_link_text'>Compartir en LinkedIn<\/span><\/a><\/li><li class='av-share-link av-social-link-mail' ><a  aria-label=\"Compartir por correo\" href='mailto:?subject=Un%2050%25%20de%20avance%20tiene%20construcci%C3%B3n%20de%20infraestructura%20para%20uso%20p%C3%BAblico%20en%20la%20Reserva%20Nacional%20Lago%20Rosselot&#038;body=https:\/\/radiorevelacionfm.cl\/?p=20816' aria-hidden='false' data-av_icon='\ue805' data-av_iconfont='entypo-fontello' title='' data-avia-related-tooltip='Compartir por correo'><span class='avia_hidden_link_text'>Compartir por correo<\/span><\/a><\/li><\/ul><\/div><\/div>\n<div  style='height:50px' class='hr hr-invisible   avia-builder-el-8  el_after_av_social_share  el_before_av_comments_list '><span class='hr-inner ' ><span class='hr-inner-style'><\/span><\/span><\/div>\n<div  class='av-buildercomment  av-blog-meta-html-info-disabled av-blog-meta-tag-disabled  '><\/div>\n","protected":false},"excerpt":{"rendered":"","protected":false},"author":1,"featured_media":20817,"comment_status":"open","ping_status":"open","sticky":false,"template":"","format":"standard","meta":{"footnotes":""},"categories":[38],"tags":[],"class_list":["post-20816","post","type-post","status-publish","format-standard","has-post-thumbnail","hentry","category-regional"],"jetpack_featured_media_url":"https:\/\/radiorevelacionfm.cl\/wp-content\/uploads\/2022\/08\/image-77_optimized.jpg","_links":{"self":[{"href":"https:\/\/radiorevelacionfm.cl\/index.php?rest_route=\/wp\/v2\/posts\/20816","targetHints":{"allow":["GET"]}}],"collection":[{"href":"https:\/\/radiorevelacionfm.cl\/index.php?rest_route=\/wp\/v2\/posts"}],"about":[{"href":"https:\/\/radiorevelacionfm.cl\/index.php?rest_route=\/wp\/v2\/types\/post"}],"author":[{"embeddable":true,"href":"https:\/\/radiorevelacionfm.cl\/index.php?rest_route=\/wp\/v2\/users\/1"}],"replies":[{"embeddable":true,"href":"https:\/\/radiorevelacionfm.cl\/index.php?rest_route=%2Fwp%2Fv2%2Fcomments&post=20816"}],"version-history":[{"count":2,"href":"https:\/\/radiorevelacionfm.cl\/index.php?rest_route=\/wp\/v2\/posts\/20816\/revisions"}],"predecessor-version":[{"id":20819,"href":"https:\/\/radiorevelacionfm.cl\/index.php?rest_route=\/wp\/v2\/posts\/20816\/revisions\/20819"}],"wp:featuredmedia":[{"embeddable":true,"href":"https:\/\/radiorevelacionfm.cl\/index.php?rest_route=\/wp\/v2\/media\/20817"}],"wp:attachment":[{"href":"https:\/\/radiorevelacionfm.cl\/index.php?rest_route=%2Fwp%2Fv2%2Fmedia&parent=20816"}],"wp:term":[{"taxonomy":"category","embeddable":true,"href":"https:\/\/radiorevelacionfm.cl\/index.php?rest_route=%2Fwp%2Fv2%2Fcategories&post=20816"},{"taxonomy":"post_tag","embeddable":true,"href":"https:\/\/radiorevelacionfm.cl\/index.php?rest_route=%2Fwp%2Fv2%2Ftags&post=20816"}],"curies":[{"name":"wp","href":"https:\/\/api.w.org\/{rel}","templated":true}]}}