{"id":20803,"date":"2022-08-22T11:28:40","date_gmt":"2022-08-22T14:28:40","guid":{"rendered":"https:\/\/radiorevelacionfm.cl\/?p=20803"},"modified":"2022-08-22T11:28:40","modified_gmt":"2022-08-22T14:28:40","slug":"encuentro-de-ex-titulares-de-agricultura-busca-unir-experiencias-en-torno-al-desarrollo-de-la-agricultura-familiar-campesina","status":"publish","type":"post","link":"https:\/\/radiorevelacionfm.cl\/?p=20803","title":{"rendered":"Encuentro de ex titulares de Agricultura busca unir experiencias en torno al desarrollo de la agricultura familiar campesina"},"content":{"rendered":"<div class=\"flex_column av_one_full  flex_column_div av-zero-column-padding first  avia-builder-el-0  el_before_av_one_full  avia-builder-el-first  \" style='border-radius:0px; '><div  class='avia-image-container  av-styling-    avia-builder-el-1  avia-builder-el-no-sibling  avia-align-center '  itemprop=\"image\" itemscope=\"itemscope\" itemtype=\"https:\/\/schema.org\/ImageObject\"  ><div class='avia-image-container-inner'><div class='avia-image-overlay-wrap'><img decoding=\"async\" class='wp-image-20804 avia-img-lazy-loading-not-20804 avia_image' src=\"https:\/\/radiorevelacionfm.cl\/wp-content\/uploads\/2022\/08\/ex-seremis-1_optimized.jpg\" alt='' title='ex-seremis-(1)_optimized' height=\"600\" width=\"1099\"  itemprop=\"thumbnailUrl\" srcset=\"https:\/\/radiorevelacionfm.cl\/wp-content\/uploads\/2022\/08\/ex-seremis-1_optimized.jpg 1099w, https:\/\/radiorevelacionfm.cl\/wp-content\/uploads\/2022\/08\/ex-seremis-1_optimized-300x164.jpg 300w, https:\/\/radiorevelacionfm.cl\/wp-content\/uploads\/2022\/08\/ex-seremis-1_optimized-1030x562.jpg 1030w, https:\/\/radiorevelacionfm.cl\/wp-content\/uploads\/2022\/08\/ex-seremis-1_optimized-768x419.jpg 768w, https:\/\/radiorevelacionfm.cl\/wp-content\/uploads\/2022\/08\/ex-seremis-1_optimized-705x385.jpg 705w, https:\/\/radiorevelacionfm.cl\/wp-content\/uploads\/2022\/08\/ex-seremis-1_optimized-600x328.jpg 600w\" sizes=\"(max-width: 1099px) 100vw, 1099px\" \/><\/div><\/div><\/div><\/div>\n<div class=\"flex_column av_one_full  flex_column_div av-zero-column-padding first  avia-builder-el-2  el_after_av_one_full  el_before_av_one_full  column-top-margin\" style='border-radius:0px; '><section class=\"av_textblock_section \"  itemscope=\"itemscope\" itemtype=\"https:\/\/schema.org\/BlogPosting\" itemprop=\"blogPost\" ><div class='avia_textblock  '   itemprop=\"text\" ><p style=\"text-align: center;\"><strong><span style=\"font-size: 18pt;\">Encuentro de ex titulares de Agricultura busca unir experiencias en torno al desarrollo de la agricultura familiar campesina <\/span><\/strong><\/p>\n<div id=\"gtx-trans\" style=\"position: absolute; left: -50px; top: 4.31534px;\">\n<div class=\"gtx-trans-icon\"><\/div>\n<\/div>\n<\/div><\/section><\/div><div class=\"flex_column av_one_full  flex_column_div av-zero-column-padding first  avia-builder-el-4  el_after_av_one_full  el_before_av_hr  column-top-margin\" style='border-radius:0px; '><section class=\"av_textblock_section \"  itemscope=\"itemscope\" itemtype=\"https:\/\/schema.org\/BlogPosting\" itemprop=\"blogPost\" ><div class='avia_textblock  '   itemprop=\"text\" ><p style=\"text-align: justify;\">Propiciar un dialogo constructivo a partir de las experiencias de trabajo, form\u00f3 parte del encuentro realizado este viernes en Coyhaique donde los ex titulares de la Secretaria Regional Ministerial (Seremi) de Agricultura abordaron enfoques en tono a este sector productivo.<\/p>\n<p style=\"text-align: justify;\">La instancia propiciada por el Seremi Alan Espinoza Ortiz reuni\u00f3 de manera presencial y virtual a los ex-titulares; Luis Hermosilla Bastidas, Alberto Saini Baroni, Enrique Villalobos Aracena, Mario Moreno Opazo, Marcos Sandoval Carrasco y Felipe Henr\u00edquez Raglianti.<\/p>\n<p style=\"text-align: justify;\">En torno a este encuentro Alberto Saini, manifest\u00f3 lo positivo de poder generar este tipo de instancias.<\/p>\n<p style=\"text-align: justify;\">\u00abEstamos muy contentos de asistir a esta reuni\u00f3n por la inquietud que se manifiesta a trav\u00e9s del el Seremi y por la inquietud tambi\u00e9n de los participantes\u00bb, sostuvo.<\/p>\n<p style=\"text-align: justify;\">Asimismo, Marcos Sandoval resalt\u00f3 este encuentro que permite \u00abconversar respecto a al futuro de la regi\u00f3n, que es en realidad lo que realmente interesa. Independiente de que seamos de distintas tiendas pol\u00edtica es muy importante no perder de vista el inter\u00e9s que hemos tenido todos en el desarrollo de la regi\u00f3n y el desarrollo del campo\u00bb, indic\u00f3.<\/p>\n<p style=\"text-align: justify;\">Por su parte Mario Moreno resalt\u00f3 la posibilidad de compartir experiencias en torno al trabajo liderado desde esta cartera. \u00abHay una experiencia acumulada que va quedando y es bueno ver c\u00f3mo se va coincidiendo con los otros Seremi que han estado antes o despu\u00e9s. Hay ciertos problemas que van quedando, que son permanentes y es bueno que el nuevo seremi tenga conocimiento de eso\u00bb, se\u00f1al\u00f3.<\/p>\n<p style=\"text-align: justify;\">De tal forma la reuni\u00f3n permiti\u00f3 conocer las pol\u00edticas p\u00fablicas impulsadas en diversos periodos, aportando\u00a0informaci\u00f3n \u00fatil al momento de proyectar medidas para impulsar el desarrollo de la actividad silvoagropecuaria para Ays\u00e9n.<\/p>\n<p style=\"text-align: justify;\">\u00abCuando hablamos del campo y de nuestros productores y productoras, son m\u00e1s las cosas que nos unen que las que nos diferencian. Es por ello que nuestro mandato busca siempre avanzar con un trabajo colaborativo. Y en este sentido, esta reuni\u00f3n busc\u00f3 unir voluntades y conocer experiencias de nuestros ex Seremi de Agricultura que nos permitan seguir con esta senda\u00bb, concluy\u00f3 el Seremi Alan Espinoza.<\/p>\n<\/div><\/section><\/div><\/p>\n<div  style='height:50px' class='hr hr-invisible   avia-builder-el-6  el_after_av_one_full  el_before_av_social_share '><span class='hr-inner ' ><span class='hr-inner-style'><\/span><\/span><\/div>\n<div  class='av-social-sharing-box  avia-builder-el-7  el_after_av_hr  el_before_av_hr  '><div class='av-share-box'><h5 class='av-share-link-description av-no-toc '>Compartir esta noticia<\/h5><ul class='av-share-box-list noLightbox'><li class='av-share-link av-social-link-facebook' ><a target=\"_blank\" aria-label=\"Compartir en Facebook\" href='https:\/\/www.facebook.com\/sharer.php?u=https:\/\/radiorevelacionfm.cl\/?p=20803&#038;t=Encuentro%20de%20ex%20titulares%20de%20Agricultura%20busca%20unir%20experiencias%20en%20torno%20al%20desarrollo%20de%20la%20agricultura%20familiar%20campesina' aria-hidden='false' data-av_icon='\ue8f3' data-av_iconfont='entypo-fontello' title='' data-avia-related-tooltip='Compartir en Facebook' rel=\"noopener\"><span class='avia_hidden_link_text'>Compartir en Facebook<\/span><\/a><\/li><li class='av-share-link av-social-link-twitter' ><a target=\"_blank\" aria-label=\"Compartir en Twitter\" href='https:\/\/twitter.com\/share?text=Encuentro%20de%20ex%20titulares%20de%20Agricultura%20busca%20unir%20experiencias%20en%20torno%20al%20desarrollo%20de%20la%20agricultura%20familiar%20campesina&#038;url=https:\/\/radiorevelacionfm.cl\/?p=20803' aria-hidden='false' data-av_icon='\ue8f1' data-av_iconfont='entypo-fontello' title='' data-avia-related-tooltip='Compartir en Twitter' rel=\"noopener\"><span class='avia_hidden_link_text'>Compartir en Twitter<\/span><\/a><\/li><li class='av-share-link av-social-link-whatsapp' ><a target=\"_blank\" aria-label=\"Compartir en Whatsapp\" href='https:\/\/api.whatsapp.com\/send?text=https:\/\/radiorevelacionfm.cl\/?p=20803' aria-hidden='false' data-av_icon='\uf232' data-av_iconfont='entypo-fontello' title='' data-avia-related-tooltip='Compartir en Whatsapp' rel=\"noopener\"><span class='avia_hidden_link_text'>Compartir en Whatsapp<\/span><\/a><\/li><li class='av-share-link av-social-link-linkedin' ><a target=\"_blank\" aria-label=\"Compartir en LinkedIn\" href='https:\/\/linkedin.com\/shareArticle?mini=true&#038;title=Encuentro%20de%20ex%20titulares%20de%20Agricultura%20busca%20unir%20experiencias%20en%20torno%20al%20desarrollo%20de%20la%20agricultura%20familiar%20campesina&#038;url=https:\/\/radiorevelacionfm.cl\/?p=20803' aria-hidden='false' data-av_icon='\ue8fc' data-av_iconfont='entypo-fontello' title='' data-avia-related-tooltip='Compartir en LinkedIn' rel=\"noopener\"><span class='avia_hidden_link_text'>Compartir en LinkedIn<\/span><\/a><\/li><li class='av-share-link av-social-link-mail' ><a  aria-label=\"Compartir por correo\" href='mailto:?subject=Encuentro%20de%20ex%20titulares%20de%20Agricultura%20busca%20unir%20experiencias%20en%20torno%20al%20desarrollo%20de%20la%20agricultura%20familiar%20campesina&#038;body=https:\/\/radiorevelacionfm.cl\/?p=20803' aria-hidden='false' data-av_icon='\ue805' data-av_iconfont='entypo-fontello' title='' data-avia-related-tooltip='Compartir por correo'><span class='avia_hidden_link_text'>Compartir por correo<\/span><\/a><\/li><\/ul><\/div><\/div>\n<div  style='height:50px' class='hr hr-invisible   avia-builder-el-8  el_after_av_social_share  el_before_av_comments_list '><span class='hr-inner ' ><span class='hr-inner-style'><\/span><\/span><\/div>\n<div  class='av-buildercomment  av-blog-meta-html-info-disabled av-blog-meta-tag-disabled  '><\/div>\n","protected":false},"excerpt":{"rendered":"","protected":false},"author":1,"featured_media":20804,"comment_status":"open","ping_status":"open","sticky":false,"template":"","format":"standard","meta":{"footnotes":""},"categories":[58],"tags":[],"class_list":["post-20803","post","type-post","status-publish","format-standard","has-post-thumbnail","hentry","category-agricultura"],"jetpack_featured_media_url":"https:\/\/radiorevelacionfm.cl\/wp-content\/uploads\/2022\/08\/ex-seremis-1_optimized.jpg","_links":{"self":[{"href":"https:\/\/radiorevelacionfm.cl\/index.php?rest_route=\/wp\/v2\/posts\/20803","targetHints":{"allow":["GET"]}}],"collection":[{"href":"https:\/\/radiorevelacionfm.cl\/index.php?rest_route=\/wp\/v2\/posts"}],"about":[{"href":"https:\/\/radiorevelacionfm.cl\/index.php?rest_route=\/wp\/v2\/types\/post"}],"author":[{"embeddable":true,"href":"https:\/\/radiorevelacionfm.cl\/index.php?rest_route=\/wp\/v2\/users\/1"}],"replies":[{"embeddable":true,"href":"https:\/\/radiorevelacionfm.cl\/index.php?rest_route=%2Fwp%2Fv2%2Fcomments&post=20803"}],"version-history":[{"count":3,"href":"https:\/\/radiorevelacionfm.cl\/index.php?rest_route=\/wp\/v2\/posts\/20803\/revisions"}],"predecessor-version":[{"id":20821,"href":"https:\/\/radiorevelacionfm.cl\/index.php?rest_route=\/wp\/v2\/posts\/20803\/revisions\/20821"}],"wp:featuredmedia":[{"embeddable":true,"href":"https:\/\/radiorevelacionfm.cl\/index.php?rest_route=\/wp\/v2\/media\/20804"}],"wp:attachment":[{"href":"https:\/\/radiorevelacionfm.cl\/index.php?rest_route=%2Fwp%2Fv2%2Fmedia&parent=20803"}],"wp:term":[{"taxonomy":"category","embeddable":true,"href":"https:\/\/radiorevelacionfm.cl\/index.php?rest_route=%2Fwp%2Fv2%2Fcategories&post=20803"},{"taxonomy":"post_tag","embeddable":true,"href":"https:\/\/radiorevelacionfm.cl\/index.php?rest_route=%2Fwp%2Fv2%2Ftags&post=20803"}],"curies":[{"name":"wp","href":"https:\/\/api.w.org\/{rel}","templated":true}]}}