{"id":20800,"date":"2022-08-22T10:26:27","date_gmt":"2022-08-22T13:26:27","guid":{"rendered":"https:\/\/radiorevelacionfm.cl\/?p=20800"},"modified":"2022-08-22T10:26:27","modified_gmt":"2022-08-22T13:26:27","slug":"entregan-certificacion-a-seis-recicladores-base-de-la-comuna-de-rio-ibanez","status":"publish","type":"post","link":"https:\/\/radiorevelacionfm.cl\/?p=20800","title":{"rendered":"Entregan certificaci\u00f3n a seis recicladores base de la comuna de R\u00edo Ib\u00e1\u00f1ez"},"content":{"rendered":"<div class=\"flex_column av_one_full  flex_column_div av-zero-column-padding first  avia-builder-el-0  el_before_av_one_full  avia-builder-el-first  \" style='border-radius:0px; '><div  class='avia-image-container  av-styling-    avia-builder-el-1  avia-builder-el-no-sibling  avia-align-center '  itemprop=\"image\" itemscope=\"itemscope\" itemtype=\"https:\/\/schema.org\/ImageObject\"  ><div class='avia-image-container-inner'><div class='avia-image-overlay-wrap'><img decoding=\"async\" class='wp-image-20801 avia-img-lazy-loading-not-20801 avia_image' src=\"https:\/\/radiorevelacionfm.cl\/wp-content\/uploads\/2022\/08\/DSC_0245-1-1.jpg\" alt='' title='DSC_0245 (1) (1)' height=\"600\" width=\"900\"  itemprop=\"thumbnailUrl\" srcset=\"https:\/\/radiorevelacionfm.cl\/wp-content\/uploads\/2022\/08\/DSC_0245-1-1.jpg 900w, https:\/\/radiorevelacionfm.cl\/wp-content\/uploads\/2022\/08\/DSC_0245-1-1-300x200.jpg 300w, https:\/\/radiorevelacionfm.cl\/wp-content\/uploads\/2022\/08\/DSC_0245-1-1-768x512.jpg 768w, https:\/\/radiorevelacionfm.cl\/wp-content\/uploads\/2022\/08\/DSC_0245-1-1-705x470.jpg 705w, https:\/\/radiorevelacionfm.cl\/wp-content\/uploads\/2022\/08\/DSC_0245-1-1-600x400.jpg 600w\" sizes=\"(max-width: 900px) 100vw, 900px\" \/><\/div><\/div><\/div><\/div><div class=\"flex_column av_one_full  flex_column_div av-zero-column-padding first  avia-builder-el-2  el_after_av_one_full  el_before_av_one_full  column-top-margin\" style='border-radius:0px; '><section class=\"av_textblock_section \"  itemscope=\"itemscope\" itemtype=\"https:\/\/schema.org\/BlogPosting\" itemprop=\"blogPost\" ><div class='avia_textblock  '   itemprop=\"text\" ><p style=\"text-align: center;\"><strong><span style=\"font-size: 18pt;\">Entregan certificaci\u00f3n a seis recicladores base de la comuna de R\u00edo Ib\u00e1\u00f1ez <\/span><\/strong><\/p>\n<div id=\"gtx-trans\" style=\"position: absolute; left: -50px; top: 4.31534px;\">\n<div class=\"gtx-trans-icon\"><\/div>\n<\/div>\n<\/div><\/section><\/div><div class=\"flex_column av_one_full  flex_column_div av-zero-column-padding first  avia-builder-el-4  el_after_av_one_full  el_before_av_hr  column-top-margin\" style='border-radius:0px; '><section class=\"av_textblock_section \"  itemscope=\"itemscope\" itemtype=\"https:\/\/schema.org\/BlogPosting\" itemprop=\"blogPost\" ><div class='avia_textblock  '   itemprop=\"text\" ><p style=\"font-weight: 400; text-align: justify;\">El proyecto \u201cFomentando el Reciclaje desde R\u00edo Ib\u00e1\u00f1ez\u201d marc\u00f3 un antes y un despu\u00e9s en esta comuna, tras meses de trabajo en la implementaci\u00f3n de una campa\u00f1a medioambiental y de gesti\u00f3n de residuos, la cual finaliz\u00f3 este viernes 19 de agosto con la certificaci\u00f3n de 6 recicladores base.<\/p>\n<p style=\"font-weight: 400; text-align: justify;\">\u201cEste es el primer fondo para el reciclaje adjudicado por un municipio en la Regi\u00f3n de Ays\u00e9n (\u2026) la contraparte municipal ha estado muy comprometida con el proyecto, lo que permiti\u00f3 que R\u00edo Ib\u00e1\u00f1ez tenga los primeros recicladores base certificados\u201d se\u00f1ala la encargada del fondo para el reciclaje de la Seremi de Medio Ambiente, Paulina Guzm\u00e1n. Un primer paso que abre puertas a nivel regional tras completar de forma exitosa un modelo de gesti\u00f3n ambiental, cuyo objetivo fue ense\u00f1ar y crear h\u00e1bitos de reciclaje en la comunidad.<\/p>\n<p style=\"font-weight: 400; text-align: justify;\">Marcelo Santana Vargas, alcalde de la municipalidad de R\u00edo Ib\u00e1\u00f1ez afirma que \u201cse postul\u00f3 el proyecto a trav\u00e9s de la Secretar\u00eda de Planificaci\u00f3n (SECPLAN), de modo que quienes trabajan en el proceso de recolecci\u00f3n est\u00e9n capacitadas y cuenten con las competencias para el trabajo de recolecci\u00f3n de materiales reciclables\u201d. Trabajo ambiental que se alinea a uno de los principales ejes de gesti\u00f3n municipal, lo que los condujo a ser uno de los pioneros en este \u00e1mbito a nivel regional.<\/p>\n<p style=\"font-weight: 400; text-align: justify;\">Los seis recicladores base encargados de la recolecci\u00f3n de residuos de las localidades de Puerto Ingeniero Ib\u00e1\u00f1ez, Villa Cerro Castillo, Bah\u00eda Murta, Puerto S\u00e1nchez y Puerto R\u00edo Tranquilo, pudieron profundizar sus conocimientos en materia de gesti\u00f3n de residuos gracias a este fondo, siendo certificados por la compa\u00f1\u00eda internacional Bureau Veritas.<\/p>\n<p style=\"font-weight: 400; text-align: justify;\">Carlos Alfaro Andrade, Reciclador Base de Puerto S\u00e1nchez, destac\u00f3 que \u201cfue una muy bonita iniciativa en la comuna, para aprender a reciclar y reducir los residuos domiciliarios. En nuestra comunidad se ha notado mucho el cambio, las personas han tenido mucha voluntad para seguir adelante con esta iniciativa\u201d.<\/p>\n<p style=\"font-weight: 400; text-align: justify;\">Este proyecto financiado a trav\u00e9s del fondo de reciclaje Exequiel Estay 2021, cont\u00f3 con un aporte entregado por el Ministerio de Medio Ambiente de $12.000.000 y un cofinanciamiento por parte de la Ilustre Municipalidad de R\u00edo Ib\u00e1\u00f1ez de $1.750.000, recursos con los cuales se adquiri\u00f3 10 contenedores de 660 litros, al menos 30 maxisacos y permiti\u00f3 impulsar una campa\u00f1a informativa puerta a puerta.<\/p>\n<p style=\"font-weight: 400; text-align: justify;\">\u201cHoy tuvimos la instancia de celebrar y dar punto final a un proceso que empez\u00f3 el 2021 de formaci\u00f3n y capacitaci\u00f3n de recicladores base en la comuna de R\u00edo Ib\u00e1\u00f1ez\u201d se\u00f1ala el Seremi de Medio Ambiente de la Regi\u00f3n de Ays\u00e9n, Juli\u00e1n C\u00e1rdenas Cornejo. De esta forma se busca avanzar en materia de manejo de residuos adapt\u00e1ndose a la realidad regional \u201ctenemos que impulsar mayores estrategias para hacer frente a la realidad que tenemos en toda la regi\u00f3n, facilitando instancias, por un lado, forjar y acompa\u00f1ar a m\u00e1s recicladores, impulsar el reciclaje como una forma de vida para lo cual es necesario difusi\u00f3n y la educaci\u00f3n ambiental\u201d a\u00f1adi\u00f3.<\/p>\n<p style=\"font-weight: 400; text-align: justify;\">La ceremonia de certificaci\u00f3n y la presentaci\u00f3n de los recicladores base, en el marco del fondo del reciclaje, representan importantes acciones que permiten la visibilizaci\u00f3n y la valorizaci\u00f3n de la labor de los recolectores, quienes trabajan de forma silenciosa, pero que, sin embargo, cumplen un rol fundamental en nuestro pa\u00eds, permitiendo avanzar hacia un futuro sustentable y m\u00e1s amigable con el entorno.<\/p>\n<\/div><\/section><\/div><div  style='height:50px' class='hr hr-invisible   avia-builder-el-6  el_after_av_one_full  el_before_av_social_share '><span class='hr-inner ' ><span class='hr-inner-style'><\/span><\/span><\/div><\/p>\n<div  class='av-social-sharing-box  avia-builder-el-7  el_after_av_hr  el_before_av_hr  '><div class='av-share-box'><h5 class='av-share-link-description av-no-toc '>Compartir esta noticia<\/h5><ul class='av-share-box-list noLightbox'><li class='av-share-link av-social-link-facebook' ><a target=\"_blank\" aria-label=\"Compartir en Facebook\" href='https:\/\/www.facebook.com\/sharer.php?u=https:\/\/radiorevelacionfm.cl\/?p=20800&#038;t=Entregan%20certificaci%C3%B3n%20a%20seis%20recicladores%20base%20de%20la%20comuna%20de%20R%C3%ADo%20Ib%C3%A1%C3%B1ez' aria-hidden='false' data-av_icon='\ue8f3' data-av_iconfont='entypo-fontello' title='' data-avia-related-tooltip='Compartir en Facebook' rel=\"noopener\"><span class='avia_hidden_link_text'>Compartir en Facebook<\/span><\/a><\/li><li class='av-share-link av-social-link-twitter' ><a target=\"_blank\" aria-label=\"Compartir en Twitter\" href='https:\/\/twitter.com\/share?text=Entregan%20certificaci%C3%B3n%20a%20seis%20recicladores%20base%20de%20la%20comuna%20de%20R%C3%ADo%20Ib%C3%A1%C3%B1ez&#038;url=https:\/\/radiorevelacionfm.cl\/?p=20800' aria-hidden='false' data-av_icon='\ue8f1' data-av_iconfont='entypo-fontello' title='' data-avia-related-tooltip='Compartir en Twitter' rel=\"noopener\"><span class='avia_hidden_link_text'>Compartir en Twitter<\/span><\/a><\/li><li class='av-share-link av-social-link-whatsapp' ><a target=\"_blank\" aria-label=\"Compartir en Whatsapp\" href='https:\/\/api.whatsapp.com\/send?text=https:\/\/radiorevelacionfm.cl\/?p=20800' aria-hidden='false' data-av_icon='\uf232' data-av_iconfont='entypo-fontello' title='' data-avia-related-tooltip='Compartir en Whatsapp' rel=\"noopener\"><span class='avia_hidden_link_text'>Compartir en Whatsapp<\/span><\/a><\/li><li class='av-share-link av-social-link-linkedin' ><a target=\"_blank\" aria-label=\"Compartir en LinkedIn\" href='https:\/\/linkedin.com\/shareArticle?mini=true&#038;title=Entregan%20certificaci%C3%B3n%20a%20seis%20recicladores%20base%20de%20la%20comuna%20de%20R%C3%ADo%20Ib%C3%A1%C3%B1ez&#038;url=https:\/\/radiorevelacionfm.cl\/?p=20800' aria-hidden='false' data-av_icon='\ue8fc' data-av_iconfont='entypo-fontello' title='' data-avia-related-tooltip='Compartir en LinkedIn' rel=\"noopener\"><span class='avia_hidden_link_text'>Compartir en LinkedIn<\/span><\/a><\/li><li class='av-share-link av-social-link-mail' ><a  aria-label=\"Compartir por correo\" href='mailto:?subject=Entregan%20certificaci%C3%B3n%20a%20seis%20recicladores%20base%20de%20la%20comuna%20de%20R%C3%ADo%20Ib%C3%A1%C3%B1ez&#038;body=https:\/\/radiorevelacionfm.cl\/?p=20800' aria-hidden='false' data-av_icon='\ue805' data-av_iconfont='entypo-fontello' title='' data-avia-related-tooltip='Compartir por correo'><span class='avia_hidden_link_text'>Compartir por correo<\/span><\/a><\/li><\/ul><\/div><\/div>\n<div  style='height:50px' class='hr hr-invisible   avia-builder-el-8  el_after_av_social_share  el_before_av_comments_list '><span class='hr-inner ' ><span class='hr-inner-style'><\/span><\/span><\/div>\n<div  class='av-buildercomment  av-blog-meta-html-info-disabled av-blog-meta-tag-disabled  '><\/div>\n","protected":false},"excerpt":{"rendered":"","protected":false},"author":1,"featured_media":20801,"comment_status":"open","ping_status":"open","sticky":false,"template":"","format":"standard","meta":{"footnotes":""},"categories":[39],"tags":[],"class_list":["post-20800","post","type-post","status-publish","format-standard","has-post-thumbnail","hentry","category-medio-ambiente"],"jetpack_featured_media_url":"https:\/\/radiorevelacionfm.cl\/wp-content\/uploads\/2022\/08\/DSC_0245-1-1.jpg","_links":{"self":[{"href":"https:\/\/radiorevelacionfm.cl\/index.php?rest_route=\/wp\/v2\/posts\/20800","targetHints":{"allow":["GET"]}}],"collection":[{"href":"https:\/\/radiorevelacionfm.cl\/index.php?rest_route=\/wp\/v2\/posts"}],"about":[{"href":"https:\/\/radiorevelacionfm.cl\/index.php?rest_route=\/wp\/v2\/types\/post"}],"author":[{"embeddable":true,"href":"https:\/\/radiorevelacionfm.cl\/index.php?rest_route=\/wp\/v2\/users\/1"}],"replies":[{"embeddable":true,"href":"https:\/\/radiorevelacionfm.cl\/index.php?rest_route=%2Fwp%2Fv2%2Fcomments&post=20800"}],"version-history":[{"count":2,"href":"https:\/\/radiorevelacionfm.cl\/index.php?rest_route=\/wp\/v2\/posts\/20800\/revisions"}],"predecessor-version":[{"id":20815,"href":"https:\/\/radiorevelacionfm.cl\/index.php?rest_route=\/wp\/v2\/posts\/20800\/revisions\/20815"}],"wp:featuredmedia":[{"embeddable":true,"href":"https:\/\/radiorevelacionfm.cl\/index.php?rest_route=\/wp\/v2\/media\/20801"}],"wp:attachment":[{"href":"https:\/\/radiorevelacionfm.cl\/index.php?rest_route=%2Fwp%2Fv2%2Fmedia&parent=20800"}],"wp:term":[{"taxonomy":"category","embeddable":true,"href":"https:\/\/radiorevelacionfm.cl\/index.php?rest_route=%2Fwp%2Fv2%2Fcategories&post=20800"},{"taxonomy":"post_tag","embeddable":true,"href":"https:\/\/radiorevelacionfm.cl\/index.php?rest_route=%2Fwp%2Fv2%2Ftags&post=20800"}],"curies":[{"name":"wp","href":"https:\/\/api.w.org\/{rel}","templated":true}]}}