{"id":20795,"date":"2022-08-21T21:32:29","date_gmt":"2022-08-22T00:32:29","guid":{"rendered":"https:\/\/radiorevelacionfm.cl\/?p=20795"},"modified":"2022-08-21T21:42:28","modified_gmt":"2022-08-22T00:42:28","slug":"en-puerto-aysen-iniciaran-trabajos-de-reparacion-en-sector-piscina-del-polideportivo","status":"publish","type":"post","link":"https:\/\/radiorevelacionfm.cl\/?p=20795","title":{"rendered":"En Puerto Ays\u00e9n iniciar\u00e1n trabajos de reparaci\u00f3n en cubierta de Piscina del Polideportivo"},"content":{"rendered":"<div class=\"flex_column av_one_full  flex_column_div av-zero-column-padding first  avia-builder-el-0  el_before_av_one_full  avia-builder-el-first  \" style='border-radius:0px; '><div  class='avia-image-container  av-styling-    avia-builder-el-1  avia-builder-el-no-sibling  avia-align-center '  itemprop=\"image\" itemscope=\"itemscope\" itemtype=\"https:\/\/schema.org\/ImageObject\"  ><div class='avia-image-container-inner'><div class='avia-image-overlay-wrap'><img decoding=\"async\" class='wp-image-20796 avia-img-lazy-loading-not-20796 avia_image' src=\"https:\/\/radiorevelacionfm.cl\/wp-content\/uploads\/2022\/08\/Polideportivo_Aysen-1-1.jpg\" alt='' title='Polideportivo_Aysen (1) (1)' height=\"600\" width=\"903\"  itemprop=\"thumbnailUrl\" srcset=\"https:\/\/radiorevelacionfm.cl\/wp-content\/uploads\/2022\/08\/Polideportivo_Aysen-1-1.jpg 903w, https:\/\/radiorevelacionfm.cl\/wp-content\/uploads\/2022\/08\/Polideportivo_Aysen-1-1-300x199.jpg 300w, https:\/\/radiorevelacionfm.cl\/wp-content\/uploads\/2022\/08\/Polideportivo_Aysen-1-1-768x510.jpg 768w, https:\/\/radiorevelacionfm.cl\/wp-content\/uploads\/2022\/08\/Polideportivo_Aysen-1-1-705x468.jpg 705w, https:\/\/radiorevelacionfm.cl\/wp-content\/uploads\/2022\/08\/Polideportivo_Aysen-1-1-600x399.jpg 600w\" sizes=\"(max-width: 903px) 100vw, 903px\" \/><\/div><\/div><\/div><\/div>\n<div class=\"flex_column av_one_full  flex_column_div av-zero-column-padding first  avia-builder-el-2  el_after_av_one_full  el_before_av_one_full  column-top-margin\" style='border-radius:0px; '><section class=\"av_textblock_section \"  itemscope=\"itemscope\" itemtype=\"https:\/\/schema.org\/BlogPosting\" itemprop=\"blogPost\" ><div class='avia_textblock  '   itemprop=\"text\" ><p style=\"text-align: center;\"><strong><span style=\"font-size: 18pt;\">En Puerto Ays\u00e9n iniciar\u00e1n trabajos de reparaci\u00f3n en cubierta de Piscina del Polideportivo<\/span><\/strong><\/p>\n<div id=\"gtx-trans\" style=\"position: absolute; left: -50px; top: 4.31534px;\">\n<div class=\"gtx-trans-icon\"><\/div>\n<\/div>\n<\/div><\/section><\/div><div class=\"flex_column av_one_full  flex_column_div av-zero-column-padding first  avia-builder-el-4  el_after_av_one_full  el_before_av_hr  column-top-margin\" style='border-radius:0px; '><section class=\"av_textblock_section \"  itemscope=\"itemscope\" itemtype=\"https:\/\/schema.org\/BlogPosting\" itemprop=\"blogPost\" ><div class='avia_textblock  '   itemprop=\"text\" ><p style=\"text-align: justify;\">El hito fue ampliamente valorado por la comunidad ante la sentida necesidad de contar con este servicio en la comuna porte\u00f1a.<\/p>\n<p style=\"text-align: justify;\">En compa\u00f1\u00eda de diversos personeros municipales, los concejales Jorge Figueroa, Gabriel Mu\u00f1oz y el representante de la empresa contratista Lago Yulton; el alcalde de Ays\u00e9n, Julio Uribe Alvarado, desarroll\u00f3 el proceso de firma requerido para entregar los terrenos correspondientes al proyecto \u201cReparaci\u00f3n Cubierta sector Piscina, Polideportivo 21 de Abril en Puerto Ays\u00e9n\u201d, el cual busca subsanar el desprendimiento de techumbre ocurrido por un frente clim\u00e1tico en la zona. Por lo que ahora, comienza el plazo estipulado en 60 d\u00edas para su ejecuci\u00f3n. Los fondos para materializar estos trabajos provienen de la postulaci\u00f3n que realiz\u00f3 el municipio de Ays\u00e9n ante el Gobierno Regional de Ays\u00e9n y su Consejo, en la l\u00ednea correspondiente al Fondo Regional de Iniciativa Local (FRIL) por 130 millones de pesos.<\/p>\n<p style=\"text-align: justify;\">Al respecto, el administrador municipal \u00d3scar Azocar Adriazola, destac\u00f3 las gestiones encabezadas por el alcalde Julio Uribe, quien abog\u00f3 constantemente por conseguir los recursos necesarios para llevar adelante este proyecto, con ello tambi\u00e9n agradeci\u00f3 a los profesionales de la Secretar\u00eda Comunal de Planificaci\u00f3n, Roberto Bilbao y Patricio Bernales, junto a la directora, Roc\u00edo B\u00f3rquez, por el compromiso expuesto en esta materia. El cual indic\u00f3, que permitir\u00e1 ir en ayuda de aquellos deportistas que pudieron ver afectado su rendimiento producto de lo acontecido y retornar as\u00ed, al principal recinto deportivo de la Regi\u00f3n.<\/p>\n<p style=\"text-align: justify;\">Por su parte, el concejal Jorge Figueroa Jara, quien respald\u00f3 las gestiones del alcalde Julio Uribe, agradeci\u00f3 a la primera autoridad por las tratativas que permitieron llegar a este camino de soluci\u00f3n y a los concejales que formaron parte activa para que esto ocurriera, con ello a\u00f1adi\u00f3 que \u201cesperar que la empresa cumpla los plazos establecidos, principalmente para el beneficio de todos los deportistas que hoy d\u00eda fomentan lo que es la nataci\u00f3n\u201d.<\/p>\n<p style=\"text-align: justify;\">La intervenci\u00f3n a efectuar busca replicar lo que existe en el resto de la cubierta del recinto deportivo, por lo que consta de un envigado de madera de 2&#215;5 de pino radiata de grado estructural, planchas de terciado de 18 mm, una membrana hidr\u00f3fuga para evitar los problemas de lluvia y que a la vez, otorge respirabilidad al sector por ser una zona de piscina, explic\u00f3 Roberto Bilbao Novoa, Ingeniero Civil en Obras Civiles quien particip\u00f3 de la formulaci\u00f3n del proyecto de reparaci\u00f3n. El profesional agreg\u00f3 que \u201cAdicional a eso, se est\u00e1n considerando 200 m de cuerda de vida en el techo, en toda la cubierta, dispuesto en una letra H para que se puedan efectuar mantenciones m\u00e1s peri\u00f3dicas sin peligro de que pueda ocurrir alg\u00fan accidente\u201d.<\/p>\n<p style=\"text-align: justify;\">Finalmente, la representante del Club Orcas de Ays\u00e9n, Caro Galleguillos explic\u00f3 que \u201cestamos muy contentos de que ya se inicien estas reparaciones y como coment\u00e9, hemos seguido con los entrenamientos en la ciudad de Coyhaique y eso ha sido bastante gasto de energ\u00eda, de recursos monetarios y por sobre todo; volver a nuestra casa y que es el Polideportivo, en la Piscina. A nombre de todo el Club, desde la directiva, los socios, los apoderados y los nadadores y nadadoras est\u00e1n muy gratos de que pronto ya podamos volver aqu\u00ed, podemos cumplir con los logros de los deportistas, de nuestros ni\u00f1os y ni\u00f1as y j\u00f3venes que cada d\u00eda contin\u00faan entrenando a pesar de las dificultades y de este hecho fortuito que pas\u00f3\u201d, sentenci\u00f3 la representante de la organizaci\u00f3n deportiva aysenina.<\/p>\n<\/div><\/section><\/div><div  style='height:50px' class='hr hr-invisible   avia-builder-el-6  el_after_av_one_full  el_before_av_social_share '><span class='hr-inner ' ><span class='hr-inner-style'><\/span><\/span><\/div><\/p>\n<div  class='av-social-sharing-box  avia-builder-el-7  el_after_av_hr  el_before_av_hr  '><div class='av-share-box'><h5 class='av-share-link-description av-no-toc '>Compartir esta noticia<\/h5><ul class='av-share-box-list noLightbox'><li class='av-share-link av-social-link-facebook' ><a target=\"_blank\" aria-label=\"Compartir en Facebook\" href='https:\/\/www.facebook.com\/sharer.php?u=https:\/\/radiorevelacionfm.cl\/?p=20795&#038;t=En%20Puerto%20Ays%C3%A9n%20iniciar%C3%A1n%20trabajos%20de%20reparaci%C3%B3n%20en%20cubierta%20de%20Piscina%20del%20Polideportivo' aria-hidden='false' data-av_icon='\ue8f3' data-av_iconfont='entypo-fontello' title='' data-avia-related-tooltip='Compartir en Facebook' rel=\"noopener\"><span class='avia_hidden_link_text'>Compartir en Facebook<\/span><\/a><\/li><li class='av-share-link av-social-link-twitter' ><a target=\"_blank\" aria-label=\"Compartir en Twitter\" href='https:\/\/twitter.com\/share?text=En%20Puerto%20Ays%C3%A9n%20iniciar%C3%A1n%20trabajos%20de%20reparaci%C3%B3n%20en%20cubierta%20de%20Piscina%20del%20Polideportivo&#038;url=https:\/\/radiorevelacionfm.cl\/?p=20795' aria-hidden='false' data-av_icon='\ue8f1' data-av_iconfont='entypo-fontello' title='' data-avia-related-tooltip='Compartir en Twitter' rel=\"noopener\"><span class='avia_hidden_link_text'>Compartir en Twitter<\/span><\/a><\/li><li class='av-share-link av-social-link-whatsapp' ><a target=\"_blank\" aria-label=\"Compartir en Whatsapp\" href='https:\/\/api.whatsapp.com\/send?text=https:\/\/radiorevelacionfm.cl\/?p=20795' aria-hidden='false' data-av_icon='\uf232' data-av_iconfont='entypo-fontello' title='' data-avia-related-tooltip='Compartir en Whatsapp' rel=\"noopener\"><span class='avia_hidden_link_text'>Compartir en Whatsapp<\/span><\/a><\/li><li class='av-share-link av-social-link-linkedin' ><a target=\"_blank\" aria-label=\"Compartir en LinkedIn\" href='https:\/\/linkedin.com\/shareArticle?mini=true&#038;title=En%20Puerto%20Ays%C3%A9n%20iniciar%C3%A1n%20trabajos%20de%20reparaci%C3%B3n%20en%20cubierta%20de%20Piscina%20del%20Polideportivo&#038;url=https:\/\/radiorevelacionfm.cl\/?p=20795' aria-hidden='false' data-av_icon='\ue8fc' data-av_iconfont='entypo-fontello' title='' data-avia-related-tooltip='Compartir en LinkedIn' rel=\"noopener\"><span class='avia_hidden_link_text'>Compartir en LinkedIn<\/span><\/a><\/li><li class='av-share-link av-social-link-mail' ><a  aria-label=\"Compartir por correo\" href='mailto:?subject=En%20Puerto%20Ays%C3%A9n%20iniciar%C3%A1n%20trabajos%20de%20reparaci%C3%B3n%20en%20cubierta%20de%20Piscina%20del%20Polideportivo&#038;body=https:\/\/radiorevelacionfm.cl\/?p=20795' aria-hidden='false' data-av_icon='\ue805' data-av_iconfont='entypo-fontello' title='' data-avia-related-tooltip='Compartir por correo'><span class='avia_hidden_link_text'>Compartir por correo<\/span><\/a><\/li><\/ul><\/div><\/div>\n<div  style='height:50px' class='hr hr-invisible   avia-builder-el-8  el_after_av_social_share  el_before_av_comments_list '><span class='hr-inner ' ><span class='hr-inner-style'><\/span><\/span><\/div>\n<div  class='av-buildercomment  av-blog-meta-html-info-disabled av-blog-meta-tag-disabled  '><\/div>\n","protected":false},"excerpt":{"rendered":"","protected":false},"author":1,"featured_media":20796,"comment_status":"open","ping_status":"open","sticky":false,"template":"","format":"standard","meta":{"footnotes":""},"categories":[38],"tags":[],"class_list":["post-20795","post","type-post","status-publish","format-standard","has-post-thumbnail","hentry","category-regional"],"jetpack_featured_media_url":"https:\/\/radiorevelacionfm.cl\/wp-content\/uploads\/2022\/08\/Polideportivo_Aysen-1-1.jpg","_links":{"self":[{"href":"https:\/\/radiorevelacionfm.cl\/index.php?rest_route=\/wp\/v2\/posts\/20795","targetHints":{"allow":["GET"]}}],"collection":[{"href":"https:\/\/radiorevelacionfm.cl\/index.php?rest_route=\/wp\/v2\/posts"}],"about":[{"href":"https:\/\/radiorevelacionfm.cl\/index.php?rest_route=\/wp\/v2\/types\/post"}],"author":[{"embeddable":true,"href":"https:\/\/radiorevelacionfm.cl\/index.php?rest_route=\/wp\/v2\/users\/1"}],"replies":[{"embeddable":true,"href":"https:\/\/radiorevelacionfm.cl\/index.php?rest_route=%2Fwp%2Fv2%2Fcomments&post=20795"}],"version-history":[{"count":5,"href":"https:\/\/radiorevelacionfm.cl\/index.php?rest_route=\/wp\/v2\/posts\/20795\/revisions"}],"predecessor-version":[{"id":20806,"href":"https:\/\/radiorevelacionfm.cl\/index.php?rest_route=\/wp\/v2\/posts\/20795\/revisions\/20806"}],"wp:featuredmedia":[{"embeddable":true,"href":"https:\/\/radiorevelacionfm.cl\/index.php?rest_route=\/wp\/v2\/media\/20796"}],"wp:attachment":[{"href":"https:\/\/radiorevelacionfm.cl\/index.php?rest_route=%2Fwp%2Fv2%2Fmedia&parent=20795"}],"wp:term":[{"taxonomy":"category","embeddable":true,"href":"https:\/\/radiorevelacionfm.cl\/index.php?rest_route=%2Fwp%2Fv2%2Fcategories&post=20795"},{"taxonomy":"post_tag","embeddable":true,"href":"https:\/\/radiorevelacionfm.cl\/index.php?rest_route=%2Fwp%2Fv2%2Ftags&post=20795"}],"curies":[{"name":"wp","href":"https:\/\/api.w.org\/{rel}","templated":true}]}}