{"id":20791,"date":"2022-08-21T17:45:47","date_gmt":"2022-08-21T20:45:47","guid":{"rendered":"https:\/\/radiorevelacionfm.cl\/?p=20791"},"modified":"2022-08-21T17:45:47","modified_gmt":"2022-08-21T20:45:47","slug":"realizan-reconocimiento-al-liderazgo-local-en-el-mes-de-la-dirigencia-social-y-comunitaria","status":"publish","type":"post","link":"https:\/\/radiorevelacionfm.cl\/?p=20791","title":{"rendered":"Realizan reconocimiento al liderazgo local en el Mes de la Dirigencia Social y Comunitaria"},"content":{"rendered":"<div class=\"flex_column av_one_full  flex_column_div av-zero-column-padding first  avia-builder-el-0  el_before_av_one_full  avia-builder-el-first  \" style='border-radius:0px; '><div  class='avia-image-container  av-styling-    avia-builder-el-1  avia-builder-el-no-sibling  avia-align-center '  itemprop=\"image\" itemscope=\"itemscope\" itemtype=\"https:\/\/schema.org\/ImageObject\"  ><div class='avia-image-container-inner'><div class='avia-image-overlay-wrap'><img decoding=\"async\" class='wp-image-20793 avia-img-lazy-loading-not-20793 avia_image' src=\"https:\/\/radiorevelacionfm.cl\/wp-content\/uploads\/2022\/08\/whatsapp-image-2022-08-20-at-11_optimized.18.20-pm-5-1.jpeg\" alt='' title='whatsapp-image-2022-08-20-at-11_optimized.18.20-pm-(5)-(1)' height=\"600\" width=\"989\"  itemprop=\"thumbnailUrl\" srcset=\"https:\/\/radiorevelacionfm.cl\/wp-content\/uploads\/2022\/08\/whatsapp-image-2022-08-20-at-11_optimized.18.20-pm-5-1.jpeg 989w, https:\/\/radiorevelacionfm.cl\/wp-content\/uploads\/2022\/08\/whatsapp-image-2022-08-20-at-11_optimized.18.20-pm-5-1-300x182.jpeg 300w, https:\/\/radiorevelacionfm.cl\/wp-content\/uploads\/2022\/08\/whatsapp-image-2022-08-20-at-11_optimized.18.20-pm-5-1-768x466.jpeg 768w, https:\/\/radiorevelacionfm.cl\/wp-content\/uploads\/2022\/08\/whatsapp-image-2022-08-20-at-11_optimized.18.20-pm-5-1-705x428.jpeg 705w, https:\/\/radiorevelacionfm.cl\/wp-content\/uploads\/2022\/08\/whatsapp-image-2022-08-20-at-11_optimized.18.20-pm-5-1-600x364.jpeg 600w\" sizes=\"(max-width: 989px) 100vw, 989px\" \/><\/div><\/div><\/div><\/div>\n<div class=\"flex_column av_one_full  flex_column_div av-zero-column-padding first  avia-builder-el-2  el_after_av_one_full  el_before_av_one_full  column-top-margin\" style='border-radius:0px; '><section class=\"av_textblock_section \"  itemscope=\"itemscope\" itemtype=\"https:\/\/schema.org\/BlogPosting\" itemprop=\"blogPost\" ><div class='avia_textblock  '   itemprop=\"text\" ><p style=\"text-align: center;\"><strong><span style=\"font-size: 18pt;\">Realizan reconocimiento al liderazgo local en el Mes de la Dirigencia Social y Comunitaria <\/span><\/strong><\/p>\n<div id=\"gtx-trans\" style=\"position: absolute; left: -50px; top: 4.31534px;\">\n<div class=\"gtx-trans-icon\"><\/div>\n<\/div>\n<\/div><\/section><\/div><div class=\"flex_column av_one_full  flex_column_div av-zero-column-padding first  avia-builder-el-4  el_after_av_one_full  el_before_av_hr  column-top-margin\" style='border-radius:0px; '><section class=\"av_textblock_section \"  itemscope=\"itemscope\" itemtype=\"https:\/\/schema.org\/BlogPosting\" itemprop=\"blogPost\" ><div class='avia_textblock  '   itemprop=\"text\" ><p style=\"text-align: justify;\">Con participaci\u00f3n de dirigentes de sectores urbanos y rurales, se llev\u00f3 a cabo la noche del viernes \u00faltimo la ceremonia central del Mes de la Dirigencia Social y Comunitaria \u201cTransformando Comunidades\u201d, en dependencias del Colegio Diego Portales, en Coyhaique.<\/p>\n<p style=\"text-align: justify;\">El Mes de las Dirigencia Social y Comunitaria es una iniciativa del Gobierno del Presidente Gabriel Boric Font, impulsada por la Divisi\u00f3n de Organizaciones Sociales, ante la relevancia que tiene para el Ejecutivo promover la participaci\u00f3n ciudadana, el fortalecimiento de la sociedad civil y destacar el rol de dirigentas y dirigentes sociales.<\/p>\n<p style=\"text-align: justify;\">El Delegado Presidencial Regional, Rodrigo Araya, encabez\u00f3 la ceremonia junto a la seremi de Gobierno, Tatiana Pl\u00e1, y parte del gabinete regional, en reconocimiento al liderazgo local en los procesos de informaci\u00f3n, colaboraci\u00f3n y ayuda a la comunidad.<\/p>\n<p style=\"text-align: justify;\">\u201cRepresentan a muchas familias y personas que tienen intereses distintos, pero que son capaces de sacrificar su tiempo personal para trabajar por la comunidad. Al ser parte de un territorio, la vida de la comunidad es fundamental para tener una mejor calidad de vida. Sin lugar a dudas, esperamos seguir en esta comunicaci\u00f3n fluida, para poder mejorar cada d\u00eda nuestra vida aqu\u00ed en la regi\u00f3n\u201d, destac\u00f3 Rodrigo Araya.<\/p>\n<p style=\"text-align: justify;\">Entre los asistentes, la presidenta del Comit\u00e9 de Horticultores R\u00edo Claro Coyhaique Bajo, Carolina Soto, resalt\u00f3 la importancia del trabajo asociativo.<\/p>\n<p style=\"text-align: justify;\">\u201cMi nombre es Carolina Soto, represento al Comit\u00e9 de Horticultores R\u00edo Claro Coyhaique Bajo de Coyhaique, tengo 38 a\u00f1os, es mi primera vez que estoy como dirigenta, as\u00ed es que estoy con toda la energ\u00eda por el Comit\u00e9, o sea, para crecer en conjunto con todos los socios, porque vamos todos por la misma l\u00ednea, as\u00ed es que yo feliz de estar aqu\u00ed represent\u00e1ndolos\u201d, expres\u00f3.<\/p>\n<p style=\"text-align: justify;\">En el mismo sentido, manifest\u00f3 su opini\u00f3n Ariel Elgueta Henr\u00edquez, presidente del Club de Esgrima 14 de Coyhaique. \u201cYo soy nuevo en este rol, pero hay hombres y mujeres que llevan mucho tiempo en esto y uno aprende harto de la experiencia de todas estas personas, as\u00ed es que agradecidos por la invitaci\u00f3n, por la convocatoria y a seguir trabajando por nuestra comuna y por nuestros territorios\u201d, se\u00f1al\u00f3.<\/p>\n<p style=\"text-align: justify;\">El presidente de la Junta de Vecinos El Mirador, del sector alto de Coyhaique, Juan Vargas, coincidi\u00f3 en la importancia de la labor, en su caso, con un porcentaje importante de personas mayores.<\/p>\n<p style=\"text-align: justify;\">\u201cEs una labor grande, pesada, hay que trabajar con los vecinos. En mi sector tenemos muchos vecinos de la tercera edad, es complicado el tema, trabajar con ellos, que las autoridades lleguen con las ayudas que uno pide para ellos. Se ponen cuesta arriba, pero uno lo hace con amor y cari\u00f1o, el servicio p\u00fablico es bueno y no pedimos nada a cambio, el tiempo nom\u00e1s\u201d, indic\u00f3.<\/p>\n<p style=\"text-align: justify;\">La seremi Tatiana Pl\u00e1 reafirm\u00f3 la disposici\u00f3n de trabajo con lideresas y l\u00edderes sociales, que han intensificado el trabajo que realizan d\u00eda a d\u00eda en beneficio de sus comunidades.<\/p>\n<p style=\"text-align: justify;\">\u201cVerlos felices con este reconocimiento que les hicimos, ya que muchas veces la labor que ellos hacen en pos de su comunidad, de sus vecinos y vecinas, no es reconocida, as\u00ed es que nosotros estamos muy contentos, vamos a seguir desde la Seremi de Gobierno, vamos a estar ah\u00ed, con las puertas abiertas, para que ellos puedan sentirse como en su casa con nuestra Divisi\u00f3n de Organizaciones Sociales\u201d, concluy\u00f3.<\/p>\n<p style=\"text-align: justify;\">La ceremonia cont\u00f3 con presentaciones del Tr\u00edo Tocando Sue\u00f1os, dirigido por Ulises Vel\u00e1squez Arteaga, junto a los estudiantes, Jerem\u00edas Valencia Barrientos de la Orquesta Sinf\u00f3nica Liceo Josefina Aguirre Montenegro, Claudio Aros Nauco de la Orquesta Sheg Yemel de la Escuela Espa\u00f1a y Benjam\u00edn Soffia Gatica de la Orquesta Liceo Bicentenario Altos del Mackay; adem\u00e1s de Mariachos Coyhaique al cierre.<\/p>\n<p style=\"text-align: justify;\">El 7 de agosto de 1968 se public\u00f3 la Ley 16.880 sobre Juntas de Vecinos y dem\u00e1s organizaciones comunitarias, que dio institucionalidad a las organizaciones sociales; la instauraci\u00f3n de este d\u00eda se remonta a 1998, mientras este a\u00f1o, la Divisi\u00f3n de Organizaciones Sociales instaur\u00f3 agosto como el Mes de la Dirigencia Social y Comunitaria: transformando comunidades.<\/p>\n<\/div><\/section><\/div><\/p>\n<div  style='height:50px' class='hr hr-invisible   avia-builder-el-6  el_after_av_one_full  el_before_av_social_share '><span class='hr-inner ' ><span class='hr-inner-style'><\/span><\/span><\/div>\n<div  class='av-social-sharing-box  avia-builder-el-7  el_after_av_hr  el_before_av_hr  '><div class='av-share-box'><h5 class='av-share-link-description av-no-toc '>Compartir esta noticia<\/h5><ul class='av-share-box-list noLightbox'><li class='av-share-link av-social-link-facebook' ><a target=\"_blank\" aria-label=\"Compartir en Facebook\" href='https:\/\/www.facebook.com\/sharer.php?u=https:\/\/radiorevelacionfm.cl\/?p=20791&#038;t=Realizan%20reconocimiento%20al%20liderazgo%20local%20en%20el%20Mes%20de%20la%20Dirigencia%20Social%20y%20Comunitaria' aria-hidden='false' data-av_icon='\ue8f3' data-av_iconfont='entypo-fontello' title='' data-avia-related-tooltip='Compartir en Facebook' rel=\"noopener\"><span class='avia_hidden_link_text'>Compartir en Facebook<\/span><\/a><\/li><li class='av-share-link av-social-link-twitter' ><a target=\"_blank\" aria-label=\"Compartir en Twitter\" href='https:\/\/twitter.com\/share?text=Realizan%20reconocimiento%20al%20liderazgo%20local%20en%20el%20Mes%20de%20la%20Dirigencia%20Social%20y%20Comunitaria&#038;url=https:\/\/radiorevelacionfm.cl\/?p=20791' aria-hidden='false' data-av_icon='\ue8f1' data-av_iconfont='entypo-fontello' title='' data-avia-related-tooltip='Compartir en Twitter' rel=\"noopener\"><span class='avia_hidden_link_text'>Compartir en Twitter<\/span><\/a><\/li><li class='av-share-link av-social-link-whatsapp' ><a target=\"_blank\" aria-label=\"Compartir en Whatsapp\" href='https:\/\/api.whatsapp.com\/send?text=https:\/\/radiorevelacionfm.cl\/?p=20791' aria-hidden='false' data-av_icon='\uf232' data-av_iconfont='entypo-fontello' title='' data-avia-related-tooltip='Compartir en Whatsapp' rel=\"noopener\"><span class='avia_hidden_link_text'>Compartir en Whatsapp<\/span><\/a><\/li><li class='av-share-link av-social-link-linkedin' ><a target=\"_blank\" aria-label=\"Compartir en LinkedIn\" href='https:\/\/linkedin.com\/shareArticle?mini=true&#038;title=Realizan%20reconocimiento%20al%20liderazgo%20local%20en%20el%20Mes%20de%20la%20Dirigencia%20Social%20y%20Comunitaria&#038;url=https:\/\/radiorevelacionfm.cl\/?p=20791' aria-hidden='false' data-av_icon='\ue8fc' data-av_iconfont='entypo-fontello' title='' data-avia-related-tooltip='Compartir en LinkedIn' rel=\"noopener\"><span class='avia_hidden_link_text'>Compartir en LinkedIn<\/span><\/a><\/li><li class='av-share-link av-social-link-mail' ><a  aria-label=\"Compartir por correo\" href='mailto:?subject=Realizan%20reconocimiento%20al%20liderazgo%20local%20en%20el%20Mes%20de%20la%20Dirigencia%20Social%20y%20Comunitaria&#038;body=https:\/\/radiorevelacionfm.cl\/?p=20791' aria-hidden='false' data-av_icon='\ue805' data-av_iconfont='entypo-fontello' title='' data-avia-related-tooltip='Compartir por correo'><span class='avia_hidden_link_text'>Compartir por correo<\/span><\/a><\/li><\/ul><\/div><\/div>\n<div  style='height:50px' class='hr hr-invisible   avia-builder-el-8  el_after_av_social_share  el_before_av_comments_list '><span class='hr-inner ' ><span class='hr-inner-style'><\/span><\/span><\/div>\n<div  class='av-buildercomment  av-blog-meta-html-info-disabled av-blog-meta-tag-disabled  '><\/div>\n","protected":false},"excerpt":{"rendered":"","protected":false},"author":1,"featured_media":20793,"comment_status":"open","ping_status":"open","sticky":false,"template":"","format":"standard","meta":{"footnotes":""},"categories":[38],"tags":[],"class_list":["post-20791","post","type-post","status-publish","format-standard","has-post-thumbnail","hentry","category-regional"],"jetpack_featured_media_url":"https:\/\/radiorevelacionfm.cl\/wp-content\/uploads\/2022\/08\/whatsapp-image-2022-08-20-at-11_optimized.18.20-pm-5-1.jpeg","_links":{"self":[{"href":"https:\/\/radiorevelacionfm.cl\/index.php?rest_route=\/wp\/v2\/posts\/20791","targetHints":{"allow":["GET"]}}],"collection":[{"href":"https:\/\/radiorevelacionfm.cl\/index.php?rest_route=\/wp\/v2\/posts"}],"about":[{"href":"https:\/\/radiorevelacionfm.cl\/index.php?rest_route=\/wp\/v2\/types\/post"}],"author":[{"embeddable":true,"href":"https:\/\/radiorevelacionfm.cl\/index.php?rest_route=\/wp\/v2\/users\/1"}],"replies":[{"embeddable":true,"href":"https:\/\/radiorevelacionfm.cl\/index.php?rest_route=%2Fwp%2Fv2%2Fcomments&post=20791"}],"version-history":[{"count":3,"href":"https:\/\/radiorevelacionfm.cl\/index.php?rest_route=\/wp\/v2\/posts\/20791\/revisions"}],"predecessor-version":[{"id":20799,"href":"https:\/\/radiorevelacionfm.cl\/index.php?rest_route=\/wp\/v2\/posts\/20791\/revisions\/20799"}],"wp:featuredmedia":[{"embeddable":true,"href":"https:\/\/radiorevelacionfm.cl\/index.php?rest_route=\/wp\/v2\/media\/20793"}],"wp:attachment":[{"href":"https:\/\/radiorevelacionfm.cl\/index.php?rest_route=%2Fwp%2Fv2%2Fmedia&parent=20791"}],"wp:term":[{"taxonomy":"category","embeddable":true,"href":"https:\/\/radiorevelacionfm.cl\/index.php?rest_route=%2Fwp%2Fv2%2Fcategories&post=20791"},{"taxonomy":"post_tag","embeddable":true,"href":"https:\/\/radiorevelacionfm.cl\/index.php?rest_route=%2Fwp%2Fv2%2Ftags&post=20791"}],"curies":[{"name":"wp","href":"https:\/\/api.w.org\/{rel}","templated":true}]}}