{"id":20787,"date":"2022-08-21T16:26:34","date_gmt":"2022-08-21T19:26:34","guid":{"rendered":"https:\/\/radiorevelacionfm.cl\/?p=20787"},"modified":"2022-08-21T16:26:34","modified_gmt":"2022-08-21T19:26:34","slug":"con-desfile-ejercito-conmemoro-los-244-anos-del-natalicio-del-general-bernardo-ohiggins","status":"publish","type":"post","link":"https:\/\/radiorevelacionfm.cl\/?p=20787","title":{"rendered":"Con desfile Ej\u00e9rcito conmemor\u00f3 los 244 a\u00f1os del natalicio del General Bernardo O\u2019Higgins"},"content":{"rendered":"<div class=\"flex_column av_one_full  flex_column_div av-zero-column-padding first  avia-builder-el-0  el_before_av_one_full  avia-builder-el-first  \" style='border-radius:0px; '><div  class='avia-image-container  av-styling-    avia-builder-el-1  avia-builder-el-no-sibling  avia-align-center '  itemprop=\"image\" itemscope=\"itemscope\" itemtype=\"https:\/\/schema.org\/ImageObject\"  ><div class='avia-image-container-inner'><div class='avia-image-overlay-wrap'><img decoding=\"async\" class='wp-image-20788 avia-img-lazy-loading-not-20788 avia_image' src=\"https:\/\/radiorevelacionfm.cl\/wp-content\/uploads\/2022\/08\/ejercito-20_optimized.08-1.jpg\" alt='' title='ejercito-20_optimized.08-(1)' height=\"600\" width=\"1089\"  itemprop=\"thumbnailUrl\" srcset=\"https:\/\/radiorevelacionfm.cl\/wp-content\/uploads\/2022\/08\/ejercito-20_optimized.08-1.jpg 1089w, https:\/\/radiorevelacionfm.cl\/wp-content\/uploads\/2022\/08\/ejercito-20_optimized.08-1-300x165.jpg 300w, https:\/\/radiorevelacionfm.cl\/wp-content\/uploads\/2022\/08\/ejercito-20_optimized.08-1-1030x567.jpg 1030w, https:\/\/radiorevelacionfm.cl\/wp-content\/uploads\/2022\/08\/ejercito-20_optimized.08-1-768x423.jpg 768w, https:\/\/radiorevelacionfm.cl\/wp-content\/uploads\/2022\/08\/ejercito-20_optimized.08-1-705x388.jpg 705w, https:\/\/radiorevelacionfm.cl\/wp-content\/uploads\/2022\/08\/ejercito-20_optimized.08-1-600x331.jpg 600w\" sizes=\"(max-width: 1089px) 100vw, 1089px\" \/><\/div><\/div><\/div><\/div><div class=\"flex_column av_one_full  flex_column_div av-zero-column-padding first  avia-builder-el-2  el_after_av_one_full  el_before_av_one_full  column-top-margin\" style='border-radius:0px; '><section class=\"av_textblock_section \"  itemscope=\"itemscope\" itemtype=\"https:\/\/schema.org\/BlogPosting\" itemprop=\"blogPost\" ><div class='avia_textblock  '   itemprop=\"text\" ><p style=\"text-align: center;\"><strong><span style=\"font-size: 18pt;\">Con desfile Ej\u00e9rcito conmemor\u00f3 los 244 a\u00f1os del natalicio del General Bernardo O\u2019Higgins<\/span><\/strong><\/p>\n<div id=\"gtx-trans\" style=\"position: absolute; left: -50px; top: 4.31534px;\">\n<div class=\"gtx-trans-icon\"><\/div>\n<\/div>\n<\/div><\/section><\/div><div class=\"flex_column av_one_full  flex_column_div av-zero-column-padding first  avia-builder-el-4  el_after_av_one_full  el_before_av_hr  column-top-margin\" style='border-radius:0px; '><section class=\"av_textblock_section \"  itemscope=\"itemscope\" itemtype=\"https:\/\/schema.org\/BlogPosting\" itemprop=\"blogPost\" ><div class='avia_textblock  '   itemprop=\"text\" ><p style=\"text-align: justify;\">Con una ceremonia c\u00edvico-militar realizada en la Plaza de Armas de Coyhaique este 20 de Agosto, se conmemoraron los 244 a\u00f1os del natalicio del General Bernardo O\u00b4Higgins Riquelme.<\/p>\n<p style=\"text-align: justify;\">La actividad oficial cont\u00f3 con la presencia del Delegado Presidencial de la Regi\u00f3n de Ays\u00e9n, Rodrigo Araya Morales y las m\u00e1s altas autoridades regionales acompa\u00f1adas por el Comandante General de la Guarnici\u00f3n de Ej\u00e9rcito de la Regi\u00f3n de Ays\u00e9n y Comandante en Jefe de la IV Divisi\u00f3n de Ej\u00e9rcito, General de Brigada Luis Felipe P\u00e9rez Astorga.<\/p>\n<p style=\"text-align: justify;\">Durante la alocuci\u00f3n, el Comandante de la Compa\u00f1\u00eda Log\u00edstica Divisionaria N\u00b04 \u201cCoyhaique\u201d, Teniente Coronel Alexander Vermehren Parra, resalt\u00f3 los principales hitos de la vida del libertador y lo que signific\u00f3 para nuestro pa\u00eds.<\/p>\n<p style=\"text-align: justify;\">Posteriormente, las autoridades civiles y castrenses depositaron ofrendas florales frente al busto del Pr\u00f3cer. Acto seguido, se presentaron los ni\u00f1os del grupo proyecci\u00f3n folcl\u00f3rica de la Escuela Baquedano, donde presentaron una serie de bailes t\u00edpicos de la zona. Una vez finalizado los bailes, se dio inicio al desfile, en el cual participaron delegaciones de las Fuerzas Armadas, de Orden y Seguridad.<\/p>\n<p style=\"text-align: justify;\">Para enfrentar las bajas temperaturas, personal militar de la Compa\u00f1\u00eda Log\u00edstica Divisionaria N\u00b04 \u201cCoyhaique\u201d de la IV Divisi\u00f3n de Ej\u00e9rcito, sorprendi\u00f3 a quienes transitaban por la Plaza de Amas de la ciudad con la entrega de un caf\u00e9 caliente.<\/p>\n<p style=\"text-align: justify;\">Para esto, se instal\u00f3 una cocina de campa\u00f1a, donde los efectivos respetando todas las medidas sanitarias, elaboraron y repartieron caf\u00e9 a quienes circulaban por el sector o bien presenciaban la ceremonia en conmemoraci\u00f3n al Natalicio del General Bernardo O\u00b4Higgins Riquelme.<\/p>\n<\/div><\/section><\/div><div  style='height:50px' class='hr hr-invisible   avia-builder-el-6  el_after_av_one_full  el_before_av_social_share '><span class='hr-inner ' ><span class='hr-inner-style'><\/span><\/span><\/div><\/p>\n<div  class='av-social-sharing-box  avia-builder-el-7  el_after_av_hr  el_before_av_hr  '><div class='av-share-box'><h5 class='av-share-link-description av-no-toc '>Compartir esta noticia<\/h5><ul class='av-share-box-list noLightbox'><li class='av-share-link av-social-link-facebook' ><a target=\"_blank\" aria-label=\"Compartir en Facebook\" href='https:\/\/www.facebook.com\/sharer.php?u=https:\/\/radiorevelacionfm.cl\/?p=20787&#038;t=Con%20desfile%20Ej%C3%A9rcito%20conmemor%C3%B3%20los%20244%20a%C3%B1os%20del%20natalicio%20del%20General%20Bernardo%20O%E2%80%99Higgins' aria-hidden='false' data-av_icon='\ue8f3' data-av_iconfont='entypo-fontello' title='' data-avia-related-tooltip='Compartir en Facebook' rel=\"noopener\"><span class='avia_hidden_link_text'>Compartir en Facebook<\/span><\/a><\/li><li class='av-share-link av-social-link-twitter' ><a target=\"_blank\" aria-label=\"Compartir en Twitter\" href='https:\/\/twitter.com\/share?text=Con%20desfile%20Ej%C3%A9rcito%20conmemor%C3%B3%20los%20244%20a%C3%B1os%20del%20natalicio%20del%20General%20Bernardo%20O%E2%80%99Higgins&#038;url=https:\/\/radiorevelacionfm.cl\/?p=20787' aria-hidden='false' data-av_icon='\ue8f1' data-av_iconfont='entypo-fontello' title='' data-avia-related-tooltip='Compartir en Twitter' rel=\"noopener\"><span class='avia_hidden_link_text'>Compartir en Twitter<\/span><\/a><\/li><li class='av-share-link av-social-link-whatsapp' ><a target=\"_blank\" aria-label=\"Compartir en Whatsapp\" href='https:\/\/api.whatsapp.com\/send?text=https:\/\/radiorevelacionfm.cl\/?p=20787' aria-hidden='false' data-av_icon='\uf232' data-av_iconfont='entypo-fontello' title='' data-avia-related-tooltip='Compartir en Whatsapp' rel=\"noopener\"><span class='avia_hidden_link_text'>Compartir en Whatsapp<\/span><\/a><\/li><li class='av-share-link av-social-link-linkedin' ><a target=\"_blank\" aria-label=\"Compartir en LinkedIn\" href='https:\/\/linkedin.com\/shareArticle?mini=true&#038;title=Con%20desfile%20Ej%C3%A9rcito%20conmemor%C3%B3%20los%20244%20a%C3%B1os%20del%20natalicio%20del%20General%20Bernardo%20O%E2%80%99Higgins&#038;url=https:\/\/radiorevelacionfm.cl\/?p=20787' aria-hidden='false' data-av_icon='\ue8fc' data-av_iconfont='entypo-fontello' title='' data-avia-related-tooltip='Compartir en LinkedIn' rel=\"noopener\"><span class='avia_hidden_link_text'>Compartir en LinkedIn<\/span><\/a><\/li><li class='av-share-link av-social-link-mail' ><a  aria-label=\"Compartir por correo\" href='mailto:?subject=Con%20desfile%20Ej%C3%A9rcito%20conmemor%C3%B3%20los%20244%20a%C3%B1os%20del%20natalicio%20del%20General%20Bernardo%20O%E2%80%99Higgins&#038;body=https:\/\/radiorevelacionfm.cl\/?p=20787' aria-hidden='false' data-av_icon='\ue805' data-av_iconfont='entypo-fontello' title='' data-avia-related-tooltip='Compartir por correo'><span class='avia_hidden_link_text'>Compartir por correo<\/span><\/a><\/li><\/ul><\/div><\/div>\n<div  style='height:50px' class='hr hr-invisible   avia-builder-el-8  el_after_av_social_share  el_before_av_comments_list '><span class='hr-inner ' ><span class='hr-inner-style'><\/span><\/span><\/div>\n<div  class='av-buildercomment  av-blog-meta-html-info-disabled av-blog-meta-tag-disabled  '><\/div>\n","protected":false},"excerpt":{"rendered":"","protected":false},"author":1,"featured_media":20788,"comment_status":"open","ping_status":"open","sticky":false,"template":"","format":"standard","meta":{"footnotes":""},"categories":[38],"tags":[],"class_list":["post-20787","post","type-post","status-publish","format-standard","has-post-thumbnail","hentry","category-regional"],"jetpack_featured_media_url":"https:\/\/radiorevelacionfm.cl\/wp-content\/uploads\/2022\/08\/ejercito-20_optimized.08-1.jpg","_links":{"self":[{"href":"https:\/\/radiorevelacionfm.cl\/index.php?rest_route=\/wp\/v2\/posts\/20787","targetHints":{"allow":["GET"]}}],"collection":[{"href":"https:\/\/radiorevelacionfm.cl\/index.php?rest_route=\/wp\/v2\/posts"}],"about":[{"href":"https:\/\/radiorevelacionfm.cl\/index.php?rest_route=\/wp\/v2\/types\/post"}],"author":[{"embeddable":true,"href":"https:\/\/radiorevelacionfm.cl\/index.php?rest_route=\/wp\/v2\/users\/1"}],"replies":[{"embeddable":true,"href":"https:\/\/radiorevelacionfm.cl\/index.php?rest_route=%2Fwp%2Fv2%2Fcomments&post=20787"}],"version-history":[{"count":2,"href":"https:\/\/radiorevelacionfm.cl\/index.php?rest_route=\/wp\/v2\/posts\/20787\/revisions"}],"predecessor-version":[{"id":20790,"href":"https:\/\/radiorevelacionfm.cl\/index.php?rest_route=\/wp\/v2\/posts\/20787\/revisions\/20790"}],"wp:featuredmedia":[{"embeddable":true,"href":"https:\/\/radiorevelacionfm.cl\/index.php?rest_route=\/wp\/v2\/media\/20788"}],"wp:attachment":[{"href":"https:\/\/radiorevelacionfm.cl\/index.php?rest_route=%2Fwp%2Fv2%2Fmedia&parent=20787"}],"wp:term":[{"taxonomy":"category","embeddable":true,"href":"https:\/\/radiorevelacionfm.cl\/index.php?rest_route=%2Fwp%2Fv2%2Fcategories&post=20787"},{"taxonomy":"post_tag","embeddable":true,"href":"https:\/\/radiorevelacionfm.cl\/index.php?rest_route=%2Fwp%2Fv2%2Ftags&post=20787"}],"curies":[{"name":"wp","href":"https:\/\/api.w.org\/{rel}","templated":true}]}}