{"id":20780,"date":"2022-08-21T13:45:40","date_gmt":"2022-08-21T16:45:40","guid":{"rendered":"https:\/\/radiorevelacionfm.cl\/?p=20780"},"modified":"2022-08-21T13:45:40","modified_gmt":"2022-08-21T16:45:40","slug":"calisto-valora-nuevo-fogape-en-beneficio-de-las-pymes-pero-lamenta-la-poca-cobertura-que-tendra","status":"publish","type":"post","link":"https:\/\/radiorevelacionfm.cl\/?p=20780","title":{"rendered":"Calisto valora nuevo Fogape en beneficio de las PYMES pero lamenta la poca cobertura que tendr\u00e1"},"content":{"rendered":"<div class=\"flex_column av_one_full  flex_column_div av-zero-column-padding first  avia-builder-el-0  el_before_av_one_full  avia-builder-el-first  \" style='border-radius:0px; '><div  class='avia-image-container  av-styling-    avia-builder-el-1  avia-builder-el-no-sibling  avia-align-center '  itemprop=\"image\" itemscope=\"itemscope\" itemtype=\"https:\/\/schema.org\/ImageObject\"  ><div class='avia-image-container-inner'><div class='avia-image-overlay-wrap'><img decoding=\"async\" class='wp-image-20781 avia-img-lazy-loading-not-20781 avia_image' src=\"https:\/\/radiorevelacionfm.cl\/wp-content\/uploads\/2022\/08\/CALISTO-COMISION-1-1-1-1.jpg\" alt='' title='CALISTO COMISI\u00d3N (1) (1) (1) (1)' height=\"600\" width=\"1067\"  itemprop=\"thumbnailUrl\" srcset=\"https:\/\/radiorevelacionfm.cl\/wp-content\/uploads\/2022\/08\/CALISTO-COMISION-1-1-1-1.jpg 1067w, https:\/\/radiorevelacionfm.cl\/wp-content\/uploads\/2022\/08\/CALISTO-COMISION-1-1-1-1-300x169.jpg 300w, https:\/\/radiorevelacionfm.cl\/wp-content\/uploads\/2022\/08\/CALISTO-COMISION-1-1-1-1-1030x579.jpg 1030w, https:\/\/radiorevelacionfm.cl\/wp-content\/uploads\/2022\/08\/CALISTO-COMISION-1-1-1-1-768x432.jpg 768w, https:\/\/radiorevelacionfm.cl\/wp-content\/uploads\/2022\/08\/CALISTO-COMISION-1-1-1-1-705x396.jpg 705w, https:\/\/radiorevelacionfm.cl\/wp-content\/uploads\/2022\/08\/CALISTO-COMISION-1-1-1-1-600x337.jpg 600w\" sizes=\"(max-width: 1067px) 100vw, 1067px\" \/><\/div><\/div><\/div><\/div><div class=\"flex_column av_one_full  flex_column_div av-zero-column-padding first  avia-builder-el-2  el_after_av_one_full  el_before_av_one_full  column-top-margin\" style='border-radius:0px; '><section class=\"av_textblock_section \"  itemscope=\"itemscope\" itemtype=\"https:\/\/schema.org\/BlogPosting\" itemprop=\"blogPost\" ><div class='avia_textblock  '   itemprop=\"text\" ><p style=\"text-align: center;\"><strong><span style=\"font-size: 18pt;\">Calisto valora nuevo Fogape en beneficio de las PYMES pero lamenta la poca cobertura que tendr\u00e1<\/span><\/strong><\/p>\n<div id=\"gtx-trans\" style=\"position: absolute; left: -50px; top: 4.31534px;\">\n<div class=\"gtx-trans-icon\"><\/div>\n<\/div>\n<\/div><\/section><\/div><div class=\"flex_column av_one_full  flex_column_div av-zero-column-padding first  avia-builder-el-4  el_after_av_one_full  el_before_av_hr  column-top-margin\" style='border-radius:0px; '><section class=\"av_textblock_section \"  itemscope=\"itemscope\" itemtype=\"https:\/\/schema.org\/BlogPosting\" itemprop=\"blogPost\" ><div class='avia_textblock  '   itemprop=\"text\" ><p style=\"font-weight: 400; text-align: justify;\">Aunque valor\u00f3 los principales aspectos del proyecto que crea un nuevo FOGAPE que ir\u00e1 en ayuda de las micro, peque\u00f1as y medianas empresas, el diputado Miguel \u00c1ngel Calisto, quien es miembro de la comisi\u00f3n de Econom\u00eda, lament\u00f3 la cobertura que tendr\u00e1 este beneficio, asegurando que \u201cno cumple con las expectativas que ten\u00edamos\u201d.<\/p>\n<p style=\"font-weight: 400; text-align: justify;\">Este instrumento, que fue aprobado en particular en la Comisi\u00f3n de Econom\u00eda de la C\u00e1mara de Diputados, estar\u00e1 centrado en sectores que han tenido m\u00e1s dificultad para recuperar el ritmo y que han sido afectados especialmente por el incremento en los precios de sus insumos y est\u00e1 dise\u00f1ado para que, dadas las condiciones actuales del mercado, los sectores rezagados puedan acceder a buenas condiciones de financiamiento.<\/p>\n<p style=\"font-weight: 400; text-align: justify;\">El proyecto contempla un financiamiento para capital de trabajo, refinanciamiento e inversi\u00f3n con hasta 95% de cobertura para microempresa (peque\u00f1a 90%, mediana 85%), un componente de refinanciamiento que permitir\u00e1 reorganizar la deuda de la banca privada y tendr\u00e1 una Tasa M\u00e1xima de TPM + 5%.<\/p>\n<p style=\"font-weight: 400; text-align: justify;\">Seg\u00fan el legislador \u201cen la comisi\u00f3n de econom\u00eda aprobamos un proyecto nuevo de Fogape para poder apoyar a las micro, peque\u00f1as y medianas empresas. Este proyecto lo que busca es restringir que los beneficios que entrega el Estado, donde es garante frente a la banca, lo reciban las grandes empresas y sea recibido por aquellos emprendedores que m\u00e1s lo necesitan\u201d.<\/p>\n<p style=\"font-weight: 400; text-align: justify;\">\u201cHay un elemento importante. Hay una focalizaci\u00f3n territorial en que nosotros hemos insistido. Sin embargo, manifestamos nuestras cr\u00edticas, porque lamentablemente este beneficio no va a cumplir la expectativa que ten\u00edamos, en el sentido de su alcance. Se va a llegar a cerca de 70 mil pymes, y no a las 350 mil que requieren este beneficio\u201d, se\u00f1al\u00f3.<\/p>\n<p style=\"font-weight: 400; text-align: justify;\">Adem\u00e1s, agreg\u00f3 que \u201clamentamos que el Gobierno se niegue a ampliar el espectro de emprendedores que recibir\u00e1n esta ayuda, sin embargo, igual lo aprobamos, porque es un avance tener una herramienta de financiamiento, frente a los altos costos que ha significado el endeudamiento, las altas tasas de inter\u00e9s\u201d.<\/p>\n<p style=\"text-align: justify;\"><span style=\"font-weight: 400;\">Finalmente, el legislador se\u00f1al\u00f3 que \u201cen regiones extremas las empresas han pasado por muchos problemas, hay mucho endeudamiento y el invierno tampoco ayuda, sumado a los coletazos de la pandemia. Aunque no cumple con nuestras expectativas, sin duda es una ayuda que va a llegar a sectores que realmente lo requieren\u201d. \u00a0<\/span><\/p>\n<\/div><\/section><\/div><div  style='height:50px' class='hr hr-invisible   avia-builder-el-6  el_after_av_one_full  el_before_av_social_share '><span class='hr-inner ' ><span class='hr-inner-style'><\/span><\/span><\/div><\/p>\n<div  class='av-social-sharing-box  avia-builder-el-7  el_after_av_hr  el_before_av_hr  '><div class='av-share-box'><h5 class='av-share-link-description av-no-toc '>Compartir esta noticia<\/h5><ul class='av-share-box-list noLightbox'><li class='av-share-link av-social-link-facebook' ><a target=\"_blank\" aria-label=\"Compartir en Facebook\" href='https:\/\/www.facebook.com\/sharer.php?u=https:\/\/radiorevelacionfm.cl\/?p=20780&#038;t=Calisto%20valora%20nuevo%20Fogape%20en%20beneficio%20de%20las%20PYMES%20pero%20lamenta%20la%20poca%20cobertura%20que%20tendr%C3%A1' aria-hidden='false' data-av_icon='\ue8f3' data-av_iconfont='entypo-fontello' title='' data-avia-related-tooltip='Compartir en Facebook' rel=\"noopener\"><span class='avia_hidden_link_text'>Compartir en Facebook<\/span><\/a><\/li><li class='av-share-link av-social-link-twitter' ><a target=\"_blank\" aria-label=\"Compartir en Twitter\" href='https:\/\/twitter.com\/share?text=Calisto%20valora%20nuevo%20Fogape%20en%20beneficio%20de%20las%20PYMES%20pero%20lamenta%20la%20poca%20cobertura%20que%20tendr%C3%A1&#038;url=https:\/\/radiorevelacionfm.cl\/?p=20780' aria-hidden='false' data-av_icon='\ue8f1' data-av_iconfont='entypo-fontello' title='' data-avia-related-tooltip='Compartir en Twitter' rel=\"noopener\"><span class='avia_hidden_link_text'>Compartir en Twitter<\/span><\/a><\/li><li class='av-share-link av-social-link-whatsapp' ><a target=\"_blank\" aria-label=\"Compartir en Whatsapp\" href='https:\/\/api.whatsapp.com\/send?text=https:\/\/radiorevelacionfm.cl\/?p=20780' aria-hidden='false' data-av_icon='\uf232' data-av_iconfont='entypo-fontello' title='' data-avia-related-tooltip='Compartir en Whatsapp' rel=\"noopener\"><span class='avia_hidden_link_text'>Compartir en Whatsapp<\/span><\/a><\/li><li class='av-share-link av-social-link-linkedin' ><a target=\"_blank\" aria-label=\"Compartir en LinkedIn\" href='https:\/\/linkedin.com\/shareArticle?mini=true&#038;title=Calisto%20valora%20nuevo%20Fogape%20en%20beneficio%20de%20las%20PYMES%20pero%20lamenta%20la%20poca%20cobertura%20que%20tendr%C3%A1&#038;url=https:\/\/radiorevelacionfm.cl\/?p=20780' aria-hidden='false' data-av_icon='\ue8fc' data-av_iconfont='entypo-fontello' title='' data-avia-related-tooltip='Compartir en LinkedIn' rel=\"noopener\"><span class='avia_hidden_link_text'>Compartir en LinkedIn<\/span><\/a><\/li><li class='av-share-link av-social-link-mail' ><a  aria-label=\"Compartir por correo\" href='mailto:?subject=Calisto%20valora%20nuevo%20Fogape%20en%20beneficio%20de%20las%20PYMES%20pero%20lamenta%20la%20poca%20cobertura%20que%20tendr%C3%A1&#038;body=https:\/\/radiorevelacionfm.cl\/?p=20780' aria-hidden='false' data-av_icon='\ue805' data-av_iconfont='entypo-fontello' title='' data-avia-related-tooltip='Compartir por correo'><span class='avia_hidden_link_text'>Compartir por correo<\/span><\/a><\/li><\/ul><\/div><\/div>\n<div  style='height:50px' class='hr hr-invisible   avia-builder-el-8  el_after_av_social_share  el_before_av_comments_list '><span class='hr-inner ' ><span class='hr-inner-style'><\/span><\/span><\/div>\n<div  class='av-buildercomment  av-blog-meta-html-info-disabled av-blog-meta-tag-disabled  '><\/div>\n","protected":false},"excerpt":{"rendered":"","protected":false},"author":1,"featured_media":20781,"comment_status":"open","ping_status":"open","sticky":false,"template":"","format":"standard","meta":{"footnotes":""},"categories":[35],"tags":[],"class_list":["post-20780","post","type-post","status-publish","format-standard","has-post-thumbnail","hentry","category-politica"],"jetpack_featured_media_url":"https:\/\/radiorevelacionfm.cl\/wp-content\/uploads\/2022\/08\/CALISTO-COMISION-1-1-1-1.jpg","_links":{"self":[{"href":"https:\/\/radiorevelacionfm.cl\/index.php?rest_route=\/wp\/v2\/posts\/20780","targetHints":{"allow":["GET"]}}],"collection":[{"href":"https:\/\/radiorevelacionfm.cl\/index.php?rest_route=\/wp\/v2\/posts"}],"about":[{"href":"https:\/\/radiorevelacionfm.cl\/index.php?rest_route=\/wp\/v2\/types\/post"}],"author":[{"embeddable":true,"href":"https:\/\/radiorevelacionfm.cl\/index.php?rest_route=\/wp\/v2\/users\/1"}],"replies":[{"embeddable":true,"href":"https:\/\/radiorevelacionfm.cl\/index.php?rest_route=%2Fwp%2Fv2%2Fcomments&post=20780"}],"version-history":[{"count":2,"href":"https:\/\/radiorevelacionfm.cl\/index.php?rest_route=\/wp\/v2\/posts\/20780\/revisions"}],"predecessor-version":[{"id":20783,"href":"https:\/\/radiorevelacionfm.cl\/index.php?rest_route=\/wp\/v2\/posts\/20780\/revisions\/20783"}],"wp:featuredmedia":[{"embeddable":true,"href":"https:\/\/radiorevelacionfm.cl\/index.php?rest_route=\/wp\/v2\/media\/20781"}],"wp:attachment":[{"href":"https:\/\/radiorevelacionfm.cl\/index.php?rest_route=%2Fwp%2Fv2%2Fmedia&parent=20780"}],"wp:term":[{"taxonomy":"category","embeddable":true,"href":"https:\/\/radiorevelacionfm.cl\/index.php?rest_route=%2Fwp%2Fv2%2Fcategories&post=20780"},{"taxonomy":"post_tag","embeddable":true,"href":"https:\/\/radiorevelacionfm.cl\/index.php?rest_route=%2Fwp%2Fv2%2Ftags&post=20780"}],"curies":[{"name":"wp","href":"https:\/\/api.w.org\/{rel}","templated":true}]}}