{"id":2078,"date":"2021-01-25T14:24:30","date_gmt":"2021-01-25T17:24:30","guid":{"rendered":"https:\/\/radiorevelacionfm.cl\/?p=2078"},"modified":"2021-01-25T14:30:57","modified_gmt":"2021-01-25T17:30:57","slug":"embarazadas-madres-con-hijos-menores-de-2-anos-y-cuidadoras-podrian-excusarse-de-ser-vocales-de-mesa","status":"publish","type":"post","link":"https:\/\/radiorevelacionfm.cl\/?p=2078","title":{"rendered":"Embarazadas, madres con hijos menores de 2 a\u00f1os y cuidadoras podr\u00edan excusarse de ser vocales de mesa"},"content":{"rendered":"<div class=\"flex_column av_one_full  flex_column_div av-zero-column-padding first  avia-builder-el-0  el_before_av_one_full  avia-builder-el-first  \" style='border-radius:0px; '><div  class='avia-image-container  av-styling-    avia-builder-el-1  avia-builder-el-no-sibling  avia-align-center '  itemprop=\"image\" itemscope=\"itemscope\" itemtype=\"https:\/\/schema.org\/ImageObject\"  ><div class='avia-image-container-inner'><div class='avia-image-overlay-wrap'><img decoding=\"async\" class='wp-image-0 avia-img-lazy-loading-not-0 avia_image' src=\"https:\/\/radiorevelacionfm.cl\/wp-content\/uploads\/2021\/01\/madres2-1.jpg\" alt='' title=''   itemprop=\"thumbnailUrl\"  \/><\/div><\/div><\/div><\/div><div class=\"flex_column av_one_full  flex_column_div av-zero-column-padding first  avia-builder-el-2  el_after_av_one_full  el_before_av_one_full  column-top-margin\" style='border-radius:0px; '><section class=\"av_textblock_section \"  itemscope=\"itemscope\" itemtype=\"https:\/\/schema.org\/BlogPosting\" itemprop=\"blogPost\" ><div class='avia_textblock  '   itemprop=\"text\" ><p style=\"text-align: center;\"><span style=\"font-size: 18pt;\"><strong>Embarazadas, madres con hijos menores de 2 a\u00f1os y cuidadoras podr\u00edan excusarse de ser vocales de mesa<\/strong><\/span><\/p>\n<div id=\"gtx-trans\" style=\"position: absolute; left: -50px; top: 4.31534px;\">\n<div class=\"gtx-trans-icon\"><\/div>\n<\/div>\n<\/div><\/section><\/div><\/p>\n<div class=\"flex_column av_one_full  flex_column_div av-zero-column-padding first  avia-builder-el-4  el_after_av_one_full  el_before_av_hr  column-top-margin\" style='border-radius:0px; '><section class=\"av_textblock_section \"  itemscope=\"itemscope\" itemtype=\"https:\/\/schema.org\/BlogPosting\" itemprop=\"blogPost\" ><div class='avia_textblock  '   itemprop=\"text\" ><p id=\"m_-2322922769577298307contenido-ppal\" style=\"text-align: justify;\"><span style=\"font-size: 12pt; font-family: georgia, palatino, serif;\">La instancia especializada acord\u00f3 ampliar la iniciativa para aquellas mujeres cuidadoras a cargo de adultos mayores en situaci\u00f3n de dependencia o una persona en situaci\u00f3n de discapacidad.<\/span><\/p>\n<div>\n<div id=\"CUERPO\" class=\"CUERPO\">\n<p style=\"text-align: justify;\"><span style=\"font-size: 12pt; font-family: georgia, palatino, serif;\">Por unanimidad, la Comisi\u00f3n Especial encargada de conocer iniciativas y tramitar proyectos de ley relacionados con la mujer y la igualdad de g\u00e9nero, despach\u00f3 a Sala el proyecto de ley que excusa a las mujeres embarazadas durante todo el per\u00edodo de gestaci\u00f3n y a aquellas con hijos o hijas menores de dos a\u00f1os de las labores de vocal de mesa\u00a0y ampli\u00f3 el mandato para\u00a0quienes ejerzan labores de cuidado de personas mayores en situaci\u00f3n de dependencia o personas en situaci\u00f3n de discapacidad.<\/span><\/p>\n<p style=\"text-align: justify;\"><span style=\"font-size: 12pt; font-family: georgia, palatino, serif;\">La senadora Adriana Mu\u00f1oz, presidenta de la instancia especializada y las integrantes senadoras Isabel Allende, Yasna Provoste, Marcela Sabat y Ena Von Baer, insistieron que se busca procurar el asegurar la lactancia materna y el bien superior del ni\u00f1o.<\/span><\/p>\n<p style=\"text-align: justify;\"><span style=\"font-size: 12pt; font-family: georgia, palatino, serif;\">En la misma l\u00ednea, al ampliar a las beneficiadas \u201cse busca no generar un peso m\u00e1s a los que ya tienen las mujeres\u201d.<\/span><\/p>\n<p style=\"text-align: justify;\"><span style=\"font-size: 12pt; font-family: georgia, palatino, serif;\">Con todo, se aprob\u00f3 que se excusar\u00e1n las mujeres en estado de embarazo, durante todo el per\u00edodo de la gestaci\u00f3n, acreditado mediante documento extendido por el establecimiento de salud donde se realice el control del mismo o certificado m\u00e9dico, o bien ser madre o tener el cuidado, de un hijo o hija menor de dos a\u00f1os al d\u00eda de la elecci\u00f3n, acredit\u00e1ndolo debidamente.<\/span><\/p>\n<p style=\"text-align: justify;\"><span style=\"font-size: 12pt; font-family: georgia, palatino, serif;\">Asimismo, se precisa que se excusar\u00e1n quienes est\u00e9n al cuidado de personas, como ya fue mencionado anteriormente.<\/span><\/p>\n<p style=\"text-align: justify;\"><span style=\"font-size: 12pt; font-family: georgia, palatino, serif;\">Ahora ser\u00e1 la Sala la encargada de pronunciarse sobre el texto legal antes de ser despachado a segundo tr\u00e1mite constitucional.<\/span><\/p>\n<\/div>\n<\/div>\n<\/div><\/section><\/div>\n<div  style='height:50px' class='hr hr-invisible   avia-builder-el-6  el_after_av_one_full  el_before_av_social_share '><span class='hr-inner ' ><span class='hr-inner-style'><\/span><\/span><\/div>\n<div  class='av-social-sharing-box  avia-builder-el-7  el_after_av_hr  el_before_av_hr  '><div class='av-share-box'><h5 class='av-share-link-description av-no-toc '>Compartir esta noticia<\/h5><ul class='av-share-box-list noLightbox'><li class='av-share-link av-social-link-facebook' ><a target=\"_blank\" aria-label=\"Compartir en Facebook\" href='https:\/\/www.facebook.com\/sharer.php?u=https:\/\/radiorevelacionfm.cl\/?p=2078&#038;t=Embarazadas%2C%20madres%20con%20hijos%20menores%20de%202%20a%C3%B1os%20y%20cuidadoras%20podr%C3%ADan%20excusarse%20de%20ser%20vocales%20de%20mesa' aria-hidden='false' data-av_icon='\ue8f3' data-av_iconfont='entypo-fontello' title='' data-avia-related-tooltip='Compartir en Facebook' rel=\"noopener\"><span class='avia_hidden_link_text'>Compartir en Facebook<\/span><\/a><\/li><li class='av-share-link av-social-link-twitter' ><a target=\"_blank\" aria-label=\"Compartir en Twitter\" href='https:\/\/twitter.com\/share?text=Embarazadas%2C%20madres%20con%20hijos%20menores%20de%202%20a%C3%B1os%20y%20cuidadoras%20podr%C3%ADan%20excusarse%20de%20ser%20vocales%20de%20mesa&#038;url=https:\/\/radiorevelacionfm.cl\/?p=2078' aria-hidden='false' data-av_icon='\ue8f1' data-av_iconfont='entypo-fontello' title='' data-avia-related-tooltip='Compartir en Twitter' rel=\"noopener\"><span class='avia_hidden_link_text'>Compartir en Twitter<\/span><\/a><\/li><li class='av-share-link av-social-link-whatsapp' ><a target=\"_blank\" aria-label=\"Compartir en Whatsapp\" href='https:\/\/api.whatsapp.com\/send?text=https:\/\/radiorevelacionfm.cl\/?p=2078' aria-hidden='false' data-av_icon='\uf232' data-av_iconfont='entypo-fontello' title='' data-avia-related-tooltip='Compartir en Whatsapp' rel=\"noopener\"><span class='avia_hidden_link_text'>Compartir en Whatsapp<\/span><\/a><\/li><li class='av-share-link av-social-link-linkedin' ><a target=\"_blank\" aria-label=\"Compartir en LinkedIn\" href='https:\/\/linkedin.com\/shareArticle?mini=true&#038;title=Embarazadas%2C%20madres%20con%20hijos%20menores%20de%202%20a%C3%B1os%20y%20cuidadoras%20podr%C3%ADan%20excusarse%20de%20ser%20vocales%20de%20mesa&#038;url=https:\/\/radiorevelacionfm.cl\/?p=2078' aria-hidden='false' data-av_icon='\ue8fc' data-av_iconfont='entypo-fontello' title='' data-avia-related-tooltip='Compartir en LinkedIn' rel=\"noopener\"><span class='avia_hidden_link_text'>Compartir en LinkedIn<\/span><\/a><\/li><li class='av-share-link av-social-link-mail' ><a  aria-label=\"Compartir por correo\" href='mailto:?subject=Embarazadas%2C%20madres%20con%20hijos%20menores%20de%202%20a%C3%B1os%20y%20cuidadoras%20podr%C3%ADan%20excusarse%20de%20ser%20vocales%20de%20mesa&#038;body=https:\/\/radiorevelacionfm.cl\/?p=2078' aria-hidden='false' data-av_icon='\ue805' data-av_iconfont='entypo-fontello' title='' data-avia-related-tooltip='Compartir por correo'><span class='avia_hidden_link_text'>Compartir por correo<\/span><\/a><\/li><\/ul><\/div><\/div>\n<div  style='height:50px' class='hr hr-invisible   avia-builder-el-8  el_after_av_social_share  el_before_av_comments_list '><span class='hr-inner ' ><span class='hr-inner-style'><\/span><\/span><\/div>\n<div  class='av-buildercomment  av-blog-meta-html-info-disabled av-blog-meta-tag-disabled  '><\/div>\n","protected":false},"excerpt":{"rendered":"","protected":false},"author":1,"featured_media":0,"comment_status":"open","ping_status":"open","sticky":false,"template":"","format":"standard","meta":{"footnotes":""},"categories":[35],"tags":[],"class_list":["post-2078","post","type-post","status-publish","format-standard","hentry","category-politica"],"jetpack_featured_media_url":"","_links":{"self":[{"href":"https:\/\/radiorevelacionfm.cl\/index.php?rest_route=\/wp\/v2\/posts\/2078","targetHints":{"allow":["GET"]}}],"collection":[{"href":"https:\/\/radiorevelacionfm.cl\/index.php?rest_route=\/wp\/v2\/posts"}],"about":[{"href":"https:\/\/radiorevelacionfm.cl\/index.php?rest_route=\/wp\/v2\/types\/post"}],"author":[{"embeddable":true,"href":"https:\/\/radiorevelacionfm.cl\/index.php?rest_route=\/wp\/v2\/users\/1"}],"replies":[{"embeddable":true,"href":"https:\/\/radiorevelacionfm.cl\/index.php?rest_route=%2Fwp%2Fv2%2Fcomments&post=2078"}],"version-history":[{"count":3,"href":"https:\/\/radiorevelacionfm.cl\/index.php?rest_route=\/wp\/v2\/posts\/2078\/revisions"}],"predecessor-version":[{"id":2083,"href":"https:\/\/radiorevelacionfm.cl\/index.php?rest_route=\/wp\/v2\/posts\/2078\/revisions\/2083"}],"wp:attachment":[{"href":"https:\/\/radiorevelacionfm.cl\/index.php?rest_route=%2Fwp%2Fv2%2Fmedia&parent=2078"}],"wp:term":[{"taxonomy":"category","embeddable":true,"href":"https:\/\/radiorevelacionfm.cl\/index.php?rest_route=%2Fwp%2Fv2%2Fcategories&post=2078"},{"taxonomy":"post_tag","embeddable":true,"href":"https:\/\/radiorevelacionfm.cl\/index.php?rest_route=%2Fwp%2Fv2%2Ftags&post=2078"}],"curies":[{"name":"wp","href":"https:\/\/api.w.org\/{rel}","templated":true}]}}