{"id":20775,"date":"2022-08-21T13:19:56","date_gmt":"2022-08-21T16:19:56","guid":{"rendered":"https:\/\/radiorevelacionfm.cl\/?p=20775"},"modified":"2022-08-21T13:19:56","modified_gmt":"2022-08-21T16:19:56","slug":"seremi-karina-acevedo-informa-avances-de-la-ley-21-340-respetarlaninezesley","status":"publish","type":"post","link":"https:\/\/radiorevelacionfm.cl\/?p=20775","title":{"rendered":"Seremi Karina Acevedo informa avances de la ley 21.340 #RespetarLaNi\u00f1ezEsLey"},"content":{"rendered":"<div class=\"flex_column av_one_full  flex_column_div av-zero-column-padding first  avia-builder-el-0  el_before_av_one_full  avia-builder-el-first  \" style='border-radius:0px; '><div  class='avia-image-container  av-styling-    avia-builder-el-1  avia-builder-el-no-sibling  avia-align-center '  itemprop=\"image\" itemscope=\"itemscope\" itemtype=\"https:\/\/schema.org\/ImageObject\"  ><div class='avia-image-container-inner'><div class='avia-image-overlay-wrap'><img decoding=\"async\" class='wp-image-20777 avia-img-lazy-loading-not-20777 avia_image' src=\"https:\/\/radiorevelacionfm.cl\/wp-content\/uploads\/2022\/08\/seremi-4-1_optimized.jpg\" alt='' title='seremi-4-(1)_optimized' height=\"600\" width=\"859\"  itemprop=\"thumbnailUrl\" srcset=\"https:\/\/radiorevelacionfm.cl\/wp-content\/uploads\/2022\/08\/seremi-4-1_optimized.jpg 859w, https:\/\/radiorevelacionfm.cl\/wp-content\/uploads\/2022\/08\/seremi-4-1_optimized-300x210.jpg 300w, https:\/\/radiorevelacionfm.cl\/wp-content\/uploads\/2022\/08\/seremi-4-1_optimized-768x536.jpg 768w, https:\/\/radiorevelacionfm.cl\/wp-content\/uploads\/2022\/08\/seremi-4-1_optimized-705x492.jpg 705w, https:\/\/radiorevelacionfm.cl\/wp-content\/uploads\/2022\/08\/seremi-4-1_optimized-600x419.jpg 600w\" sizes=\"(max-width: 859px) 100vw, 859px\" \/><\/div><\/div><\/div><\/div><div class=\"flex_column av_one_full  flex_column_div av-zero-column-padding first  avia-builder-el-2  el_after_av_one_full  el_before_av_one_full  column-top-margin\" style='border-radius:0px; '><section class=\"av_textblock_section \"  itemscope=\"itemscope\" itemtype=\"https:\/\/schema.org\/BlogPosting\" itemprop=\"blogPost\" ><div class='avia_textblock  '   itemprop=\"text\" ><p style=\"text-align: center;\"><span style=\"font-size: 18pt;\"><strong>Seremi Karina Acevedo informa avances de la ley 21.340 #RespetarLaNi\u00f1ezEsLey<\/strong><\/span><\/p>\n<div id=\"gtx-trans\" style=\"position: absolute; left: -50px; top: 4.31534px;\">\n<div class=\"gtx-trans-icon\"><\/div>\n<\/div>\n<\/div><\/section><\/div><div class=\"flex_column av_one_full  flex_column_div av-zero-column-padding first  avia-builder-el-4  el_after_av_one_full  el_before_av_hr  column-top-margin\" style='border-radius:0px; '><section class=\"av_textblock_section \"  itemscope=\"itemscope\" itemtype=\"https:\/\/schema.org\/BlogPosting\" itemprop=\"blogPost\" ><div class='avia_textblock  '   itemprop=\"text\" ><p style=\"text-align: justify;\">Con el prop\u00f3sito de informar a la comunidad de la regi\u00f3n de Ays\u00e9n los distintos aspectos de la Ley de Garant\u00edas N\u00b021.340 de Protecci\u00f3n Integral de los Derechos de la Ni\u00f1ez y Adolescencia, la Seremi de Desarrollo Social y Familia, Karina Acevedo, dio a conocer la p\u00e1gina Web: www. respetarlaninezesley.cl; plataforma en la que se encuentra de manera did\u00e1ctica la informaci\u00f3n como los derechos de: Supervivencia, Desarrollo, Protecci\u00f3n y Participaci\u00f3n, as\u00ed como tambi\u00e9n qui\u00e9nes son los encargados de garantizar estos derechos y aspectos claves como: qui\u00e9nes son sujetos de derecho, qu\u00e9 significa el inter\u00e9s superior de ni\u00f1o y la igualdad y no discriminaci\u00f3n arbitraria.<\/p>\n<p style=\"text-align: justify;\">Seg\u00fan explic\u00f3 la Seremi de Desarrollo Social y Familia, la importancia que le ha dado el gobierno de Gabriel Boric a esta plataforma y sobre todo a esta nueva Ley, tiene que ver con comenzar interiorizarse en esta iniciativa que viene a proteger y a garantizar los derechos de los ni\u00f1os, ni\u00f1as y adolescentes de nuestra Regi\u00f3n y Pa\u00eds. \u00a0Otro de los aspectos que destac\u00f3 Karina Acevedo, tiene relaci\u00f3n al trabajo que est\u00e1 realizando el Ministerio en esta \u00e1rea tal como lo ha mandatado el Presidente de la Rep\u00fablica. \u201cQueremos que los ni\u00f1os y ni\u00f1as y adolescentes, se sientan seguros, en sus hogares, colegios, plazas y Barrios. Es por este motivo, que como Estado estamos trabajando para proteger, garantizar los derechos de la ni\u00f1ez y adolescencia\u201d.<\/p>\n<p style=\"text-align: justify;\">Otro aspecto que destac\u00f3 Karina Acevedo, tiene relaci\u00f3n con la plataforma: www. respetarlaninezesley.cl; y realiz\u00f3 una especial invitaci\u00f3n a padres, apoderados, familiares y cuidadores a que visiten el sitio Web y se interioricen sobre c\u00f3mo se aplica esta Ley y que tambi\u00e9n los ni\u00f1os, ni\u00f1as y adolescentes puedan conocerla, participar y opinar en esto temas que fueron creados para ellos.<\/p>\n<p style=\"text-align: justify;\">La Seremi indic\u00f3 que \u201ces muy importante conocer 4 claves necesarias, de lo que es Ley de Garant\u00edas de Protecci\u00f3n Integral de los Derechos de ni\u00f1os y ni\u00f1as y adolescentes. Lo primero es que el Estado de Chile, se compromete a garantizar todos los derechos de ni\u00f1os, y adolescentes que est\u00e1n en el pa\u00eds; con independencia de la situaci\u00f3n migratoria o de su padre o madre y\/o cuidadores. Lo segundo, la protecci\u00f3n de derecho se debe pensar como sistema, los organismos del Estado deben trabajar de manera unida, relacionada y con sentido de urgencia en materia de ni\u00f1ez y adolescencia. En tercer lugar, todos los ni\u00f1os y ni\u00f1as y adolescentes, tienen\u00a0 derecho a recibir informaci\u00f3n de forma clara para que puedan dar su opini\u00f3n, y que sean escuchados y respetados\u201d.<\/p>\n<p style=\"text-align: justify;\">Asimismo Karina Acevedo, agreg\u00f3 que \u201cla Ley de Garant\u00eda, reconoce que las familias tienen derecho y un deber, preferencial en t\u00e9rminos de crianza y se considera como l\u00edmite, el inter\u00e9s superior del ni\u00f1o, ni\u00f1a y adolescente. Estas son las claves que nos permiten conocer la Ley de Garant\u00edas, esta nueva Ley que fue impulsada con mucha fuerza por el Presidente de la Rep\u00fablica Gabriel Boric, para poder potenciar el cuidado, promoci\u00f3n y protecci\u00f3n \u00a0de los ni\u00f1os, ni\u00f1as y adolescentes.\u201d<\/p>\n<p style=\"text-align: justify;\">Cabe se\u00f1alar que la Ley N\u00b0 21.340 se aprob\u00f3 el 15 de marzo de 2022, pero \u00a0a\u00fan se encuentran trabajando en los reglamentos para la implementaci\u00f3n de esta Ley.<\/p>\n<\/div><\/section><\/div><div  style='height:50px' class='hr hr-invisible   avia-builder-el-6  el_after_av_one_full  el_before_av_social_share '><span class='hr-inner ' ><span class='hr-inner-style'><\/span><\/span><\/div><\/p>\n<div  class='av-social-sharing-box  avia-builder-el-7  el_after_av_hr  el_before_av_hr  '><div class='av-share-box'><h5 class='av-share-link-description av-no-toc '>Compartir esta noticia<\/h5><ul class='av-share-box-list noLightbox'><li class='av-share-link av-social-link-facebook' ><a target=\"_blank\" aria-label=\"Compartir en Facebook\" href='https:\/\/www.facebook.com\/sharer.php?u=https:\/\/radiorevelacionfm.cl\/?p=20775&#038;t=Seremi%20Karina%20Acevedo%20informa%20avances%20de%20la%20ley%2021.340%20%23RespetarLaNi%C3%B1ezEsLey' aria-hidden='false' data-av_icon='\ue8f3' data-av_iconfont='entypo-fontello' title='' data-avia-related-tooltip='Compartir en Facebook' rel=\"noopener\"><span class='avia_hidden_link_text'>Compartir en Facebook<\/span><\/a><\/li><li class='av-share-link av-social-link-twitter' ><a target=\"_blank\" aria-label=\"Compartir en Twitter\" href='https:\/\/twitter.com\/share?text=Seremi%20Karina%20Acevedo%20informa%20avances%20de%20la%20ley%2021.340%20%23RespetarLaNi%C3%B1ezEsLey&#038;url=https:\/\/radiorevelacionfm.cl\/?p=20775' aria-hidden='false' data-av_icon='\ue8f1' data-av_iconfont='entypo-fontello' title='' data-avia-related-tooltip='Compartir en Twitter' rel=\"noopener\"><span class='avia_hidden_link_text'>Compartir en Twitter<\/span><\/a><\/li><li class='av-share-link av-social-link-whatsapp' ><a target=\"_blank\" aria-label=\"Compartir en Whatsapp\" href='https:\/\/api.whatsapp.com\/send?text=https:\/\/radiorevelacionfm.cl\/?p=20775' aria-hidden='false' data-av_icon='\uf232' data-av_iconfont='entypo-fontello' title='' data-avia-related-tooltip='Compartir en Whatsapp' rel=\"noopener\"><span class='avia_hidden_link_text'>Compartir en Whatsapp<\/span><\/a><\/li><li class='av-share-link av-social-link-linkedin' ><a target=\"_blank\" aria-label=\"Compartir en LinkedIn\" href='https:\/\/linkedin.com\/shareArticle?mini=true&#038;title=Seremi%20Karina%20Acevedo%20informa%20avances%20de%20la%20ley%2021.340%20%23RespetarLaNi%C3%B1ezEsLey&#038;url=https:\/\/radiorevelacionfm.cl\/?p=20775' aria-hidden='false' data-av_icon='\ue8fc' data-av_iconfont='entypo-fontello' title='' data-avia-related-tooltip='Compartir en LinkedIn' rel=\"noopener\"><span class='avia_hidden_link_text'>Compartir en LinkedIn<\/span><\/a><\/li><li class='av-share-link av-social-link-mail' ><a  aria-label=\"Compartir por correo\" href='mailto:?subject=Seremi%20Karina%20Acevedo%20informa%20avances%20de%20la%20ley%2021.340%20%23RespetarLaNi%C3%B1ezEsLey&#038;body=https:\/\/radiorevelacionfm.cl\/?p=20775' aria-hidden='false' data-av_icon='\ue805' data-av_iconfont='entypo-fontello' title='' data-avia-related-tooltip='Compartir por correo'><span class='avia_hidden_link_text'>Compartir por correo<\/span><\/a><\/li><\/ul><\/div><\/div>\n<div  style='height:50px' class='hr hr-invisible   avia-builder-el-8  el_after_av_social_share  el_before_av_comments_list '><span class='hr-inner ' ><span class='hr-inner-style'><\/span><\/span><\/div>\n<div  class='av-buildercomment  av-blog-meta-html-info-disabled av-blog-meta-tag-disabled  '><\/div>\n","protected":false},"excerpt":{"rendered":"","protected":false},"author":1,"featured_media":20777,"comment_status":"open","ping_status":"open","sticky":false,"template":"","format":"standard","meta":{"footnotes":""},"categories":[38],"tags":[],"class_list":["post-20775","post","type-post","status-publish","format-standard","has-post-thumbnail","hentry","category-regional"],"jetpack_featured_media_url":"https:\/\/radiorevelacionfm.cl\/wp-content\/uploads\/2022\/08\/seremi-4-1_optimized.jpg","_links":{"self":[{"href":"https:\/\/radiorevelacionfm.cl\/index.php?rest_route=\/wp\/v2\/posts\/20775","targetHints":{"allow":["GET"]}}],"collection":[{"href":"https:\/\/radiorevelacionfm.cl\/index.php?rest_route=\/wp\/v2\/posts"}],"about":[{"href":"https:\/\/radiorevelacionfm.cl\/index.php?rest_route=\/wp\/v2\/types\/post"}],"author":[{"embeddable":true,"href":"https:\/\/radiorevelacionfm.cl\/index.php?rest_route=\/wp\/v2\/users\/1"}],"replies":[{"embeddable":true,"href":"https:\/\/radiorevelacionfm.cl\/index.php?rest_route=%2Fwp%2Fv2%2Fcomments&post=20775"}],"version-history":[{"count":2,"href":"https:\/\/radiorevelacionfm.cl\/index.php?rest_route=\/wp\/v2\/posts\/20775\/revisions"}],"predecessor-version":[{"id":20779,"href":"https:\/\/radiorevelacionfm.cl\/index.php?rest_route=\/wp\/v2\/posts\/20775\/revisions\/20779"}],"wp:featuredmedia":[{"embeddable":true,"href":"https:\/\/radiorevelacionfm.cl\/index.php?rest_route=\/wp\/v2\/media\/20777"}],"wp:attachment":[{"href":"https:\/\/radiorevelacionfm.cl\/index.php?rest_route=%2Fwp%2Fv2%2Fmedia&parent=20775"}],"wp:term":[{"taxonomy":"category","embeddable":true,"href":"https:\/\/radiorevelacionfm.cl\/index.php?rest_route=%2Fwp%2Fv2%2Fcategories&post=20775"},{"taxonomy":"post_tag","embeddable":true,"href":"https:\/\/radiorevelacionfm.cl\/index.php?rest_route=%2Fwp%2Fv2%2Ftags&post=20775"}],"curies":[{"name":"wp","href":"https:\/\/api.w.org\/{rel}","templated":true}]}}