{"id":20772,"date":"2022-08-21T14:11:06","date_gmt":"2022-08-21T17:11:06","guid":{"rendered":"https:\/\/radiorevelacionfm.cl\/?p=20772"},"modified":"2022-08-21T14:18:43","modified_gmt":"2022-08-21T17:18:43","slug":"gobernadora-andrea-macias-asiste-a-discrepancias-para-el-presupuesto-regional-2023","status":"publish","type":"post","link":"https:\/\/radiorevelacionfm.cl\/?p=20772","title":{"rendered":"Gobernadora Andrea Mac\u00edas asiste en Santiago a discusi\u00f3n del presupuesto regional 2023"},"content":{"rendered":"<div class=\"flex_column av_one_full  flex_column_div av-zero-column-padding first  avia-builder-el-0  el_before_av_one_full  avia-builder-el-first  \" style='border-radius:0px; '><div  class='avia-image-container  av-styling-    avia-builder-el-1  avia-builder-el-no-sibling  avia-align-center '  itemprop=\"image\" itemscope=\"itemscope\" itemtype=\"https:\/\/schema.org\/ImageObject\"  ><div class='avia-image-container-inner'><div class='avia-image-overlay-wrap'><img decoding=\"async\" class='wp-image-20773 avia-img-lazy-loading-not-20773 avia_image' src=\"https:\/\/radiorevelacionfm.cl\/wp-content\/uploads\/2022\/08\/FOTO1-5-1-1.jpeg\" alt='' title='FOTO1 (5) (1) (1)' height=\"600\" width=\"900\"  itemprop=\"thumbnailUrl\" srcset=\"https:\/\/radiorevelacionfm.cl\/wp-content\/uploads\/2022\/08\/FOTO1-5-1-1.jpeg 900w, https:\/\/radiorevelacionfm.cl\/wp-content\/uploads\/2022\/08\/FOTO1-5-1-1-300x200.jpeg 300w, https:\/\/radiorevelacionfm.cl\/wp-content\/uploads\/2022\/08\/FOTO1-5-1-1-768x512.jpeg 768w, https:\/\/radiorevelacionfm.cl\/wp-content\/uploads\/2022\/08\/FOTO1-5-1-1-705x470.jpeg 705w, https:\/\/radiorevelacionfm.cl\/wp-content\/uploads\/2022\/08\/FOTO1-5-1-1-600x400.jpeg 600w\" sizes=\"(max-width: 900px) 100vw, 900px\" \/><\/div><\/div><\/div><\/div>\n<div class=\"flex_column av_one_full  flex_column_div av-zero-column-padding first  avia-builder-el-2  el_after_av_one_full  el_before_av_one_full  column-top-margin\" style='border-radius:0px; '><section class=\"av_textblock_section \"  itemscope=\"itemscope\" itemtype=\"https:\/\/schema.org\/BlogPosting\" itemprop=\"blogPost\" ><div class='avia_textblock  '   itemprop=\"text\" ><p style=\"text-align: center;\"><strong><span style=\"font-size: 18pt;\">Gobernadora Andrea Mac\u00edas asiste en Santiago a discusi\u00f3n del presupuesto regional 2023<\/span><\/strong><\/p>\n<div id=\"gtx-trans\" style=\"position: absolute; left: -50px; top: 4.31534px;\">\n<div class=\"gtx-trans-icon\"><\/div>\n<\/div>\n<\/div><\/section><\/div><div class=\"flex_column av_one_full  flex_column_div av-zero-column-padding first  avia-builder-el-4  el_after_av_one_full  el_before_av_hr  column-top-margin\" style='border-radius:0px; '><section class=\"av_textblock_section \"  itemscope=\"itemscope\" itemtype=\"https:\/\/schema.org\/BlogPosting\" itemprop=\"blogPost\" ><div class='avia_textblock  '   itemprop=\"text\" ><p dir=\"ltr\" style=\"text-align: justify;\">La Gobernadora Regional, Andrea Mac\u00edas Palma, junto a los Consejeros Regionales de Ays\u00e9n Ra\u00fal Rudolphi (RN), Jorge Abello (DC), Sergio Gonz\u00e1lez (DC) y la Consejera Paula Acu\u00f1a (CS) asistieron este viernes hasta las oficinas de la Subsecretar\u00eda de Desarrollo Regional y Administrativo (Subdere) en Santiago. Esto, con el objetivo de realizar la sesi\u00f3n de discrepancias presupuestarias con miras al presupuesto regional del 2023.<\/p>\n<p dir=\"ltr\" style=\"text-align: justify;\">Tras m\u00e1s de seis horas de trabajo junto a los representantes a nivel central de distintos ministerios, la Gobernadora Regional Andrea Mac\u00edas Palma dijo que \u00abvaloramos la disposici\u00f3n, la apertura al di\u00e1logo. Buenas noticias para la regi\u00f3n. Pero por otro lado, lamentamos que hoy no pudimos concretar este trabajo con el Ministerio de Desarrollo Social, que para nosotros es un ente fundamental, sobre todo por los servicios asociados que tiene\u00bb.<\/p>\n<p dir=\"ltr\" style=\"text-align: justify;\">En la sesi\u00f3n tambi\u00e9n estuvieron presentes parte del t\u00e9cnico del Gobierno Regional, el jefe de la Divisi\u00f3n de Planificaci\u00f3n y Desarrollo Regional, Francisco Lara y la jefa de la Divisi\u00f3n de Presupuesto e Inversi\u00f3n Regional, Margarita Gonz\u00e1lez.<\/p>\n<p dir=\"ltr\" style=\"text-align: justify;\">D\u00edas previos a la instancia los CORES Ra\u00fal Rudolphi, Jorge Abello, Sergio Gonz\u00e1lez y Paula Acu\u00f1a asistieron a diferentes audiencias con el fin de aclarar ciertos puntos que se discutieron este viernes.<\/p>\n<p dir=\"ltr\" style=\"text-align: justify;\">Si bien no hubo presencia desde el Ministerio de Desarrollo Social, desde Subdere indicaron que gestionar\u00e1n una futura instancia v\u00eda online, para definir el presupuesto en esa \u00e1rea.<\/p>\n<\/div><\/section><\/div><\/p>\n<div  style='height:50px' class='hr hr-invisible   avia-builder-el-6  el_after_av_one_full  el_before_av_social_share '><span class='hr-inner ' ><span class='hr-inner-style'><\/span><\/span><\/div>\n<div  class='av-social-sharing-box  avia-builder-el-7  el_after_av_hr  el_before_av_hr  '><div class='av-share-box'><h5 class='av-share-link-description av-no-toc '>Compartir esta noticia<\/h5><ul class='av-share-box-list noLightbox'><li class='av-share-link av-social-link-facebook' ><a target=\"_blank\" aria-label=\"Compartir en Facebook\" href='https:\/\/www.facebook.com\/sharer.php?u=https:\/\/radiorevelacionfm.cl\/?p=20772&#038;t=Gobernadora%20Andrea%20Mac%C3%ADas%20asiste%20en%20Santiago%20a%20discusi%C3%B3n%20del%20presupuesto%20regional%202023' aria-hidden='false' data-av_icon='\ue8f3' data-av_iconfont='entypo-fontello' title='' data-avia-related-tooltip='Compartir en Facebook' rel=\"noopener\"><span class='avia_hidden_link_text'>Compartir en Facebook<\/span><\/a><\/li><li class='av-share-link av-social-link-twitter' ><a target=\"_blank\" aria-label=\"Compartir en Twitter\" href='https:\/\/twitter.com\/share?text=Gobernadora%20Andrea%20Mac%C3%ADas%20asiste%20en%20Santiago%20a%20discusi%C3%B3n%20del%20presupuesto%20regional%202023&#038;url=https:\/\/radiorevelacionfm.cl\/?p=20772' aria-hidden='false' data-av_icon='\ue8f1' data-av_iconfont='entypo-fontello' title='' data-avia-related-tooltip='Compartir en Twitter' rel=\"noopener\"><span class='avia_hidden_link_text'>Compartir en Twitter<\/span><\/a><\/li><li class='av-share-link av-social-link-whatsapp' ><a target=\"_blank\" aria-label=\"Compartir en Whatsapp\" href='https:\/\/api.whatsapp.com\/send?text=https:\/\/radiorevelacionfm.cl\/?p=20772' aria-hidden='false' data-av_icon='\uf232' data-av_iconfont='entypo-fontello' title='' data-avia-related-tooltip='Compartir en Whatsapp' rel=\"noopener\"><span class='avia_hidden_link_text'>Compartir en Whatsapp<\/span><\/a><\/li><li class='av-share-link av-social-link-linkedin' ><a target=\"_blank\" aria-label=\"Compartir en LinkedIn\" href='https:\/\/linkedin.com\/shareArticle?mini=true&#038;title=Gobernadora%20Andrea%20Mac%C3%ADas%20asiste%20en%20Santiago%20a%20discusi%C3%B3n%20del%20presupuesto%20regional%202023&#038;url=https:\/\/radiorevelacionfm.cl\/?p=20772' aria-hidden='false' data-av_icon='\ue8fc' data-av_iconfont='entypo-fontello' title='' data-avia-related-tooltip='Compartir en LinkedIn' rel=\"noopener\"><span class='avia_hidden_link_text'>Compartir en LinkedIn<\/span><\/a><\/li><li class='av-share-link av-social-link-mail' ><a  aria-label=\"Compartir por correo\" href='mailto:?subject=Gobernadora%20Andrea%20Mac%C3%ADas%20asiste%20en%20Santiago%20a%20discusi%C3%B3n%20del%20presupuesto%20regional%202023&#038;body=https:\/\/radiorevelacionfm.cl\/?p=20772' aria-hidden='false' data-av_icon='\ue805' data-av_iconfont='entypo-fontello' title='' data-avia-related-tooltip='Compartir por correo'><span class='avia_hidden_link_text'>Compartir por correo<\/span><\/a><\/li><\/ul><\/div><\/div>\n<div  style='height:50px' class='hr hr-invisible   avia-builder-el-8  el_after_av_social_share  el_before_av_comments_list '><span class='hr-inner ' ><span class='hr-inner-style'><\/span><\/span><\/div>\n<div  class='av-buildercomment  av-blog-meta-html-info-disabled av-blog-meta-tag-disabled  '><\/div>\n","protected":false},"excerpt":{"rendered":"","protected":false},"author":1,"featured_media":20773,"comment_status":"open","ping_status":"open","sticky":false,"template":"","format":"standard","meta":{"footnotes":""},"categories":[38],"tags":[],"class_list":["post-20772","post","type-post","status-publish","format-standard","has-post-thumbnail","hentry","category-regional"],"jetpack_featured_media_url":"https:\/\/radiorevelacionfm.cl\/wp-content\/uploads\/2022\/08\/FOTO1-5-1-1.jpeg","_links":{"self":[{"href":"https:\/\/radiorevelacionfm.cl\/index.php?rest_route=\/wp\/v2\/posts\/20772","targetHints":{"allow":["GET"]}}],"collection":[{"href":"https:\/\/radiorevelacionfm.cl\/index.php?rest_route=\/wp\/v2\/posts"}],"about":[{"href":"https:\/\/radiorevelacionfm.cl\/index.php?rest_route=\/wp\/v2\/types\/post"}],"author":[{"embeddable":true,"href":"https:\/\/radiorevelacionfm.cl\/index.php?rest_route=\/wp\/v2\/users\/1"}],"replies":[{"embeddable":true,"href":"https:\/\/radiorevelacionfm.cl\/index.php?rest_route=%2Fwp%2Fv2%2Fcomments&post=20772"}],"version-history":[{"count":4,"href":"https:\/\/radiorevelacionfm.cl\/index.php?rest_route=\/wp\/v2\/posts\/20772\/revisions"}],"predecessor-version":[{"id":20784,"href":"https:\/\/radiorevelacionfm.cl\/index.php?rest_route=\/wp\/v2\/posts\/20772\/revisions\/20784"}],"wp:featuredmedia":[{"embeddable":true,"href":"https:\/\/radiorevelacionfm.cl\/index.php?rest_route=\/wp\/v2\/media\/20773"}],"wp:attachment":[{"href":"https:\/\/radiorevelacionfm.cl\/index.php?rest_route=%2Fwp%2Fv2%2Fmedia&parent=20772"}],"wp:term":[{"taxonomy":"category","embeddable":true,"href":"https:\/\/radiorevelacionfm.cl\/index.php?rest_route=%2Fwp%2Fv2%2Fcategories&post=20772"},{"taxonomy":"post_tag","embeddable":true,"href":"https:\/\/radiorevelacionfm.cl\/index.php?rest_route=%2Fwp%2Fv2%2Ftags&post=20772"}],"curies":[{"name":"wp","href":"https:\/\/api.w.org\/{rel}","templated":true}]}}