{"id":2075,"date":"2021-01-25T09:56:30","date_gmt":"2021-01-25T12:56:30","guid":{"rendered":"https:\/\/radiorevelacionfm.cl\/?p=2075"},"modified":"2021-01-25T09:56:30","modified_gmt":"2021-01-25T12:56:30","slug":"fuerte-inversion-en-obras-hidraulicas-impulsara-mayor-abastecimiento-de-agua-potable-en-sectores-rurales-de-la-region-de-aysen","status":"publish","type":"post","link":"https:\/\/radiorevelacionfm.cl\/?p=2075","title":{"rendered":"Fuerte inversi\u00f3n en obras hidr\u00e1ulicas impulsar\u00e1 mayor abastecimiento de agua potable en sectores rurales de la regi\u00f3n de Ays\u00e9n"},"content":{"rendered":"<div class=\"flex_column av_one_full  flex_column_div av-zero-column-padding first  avia-builder-el-0  el_before_av_one_full  avia-builder-el-first  \" style='border-radius:0px; '><div  class='avia-image-container  av-styling-    avia-builder-el-1  avia-builder-el-no-sibling  avia-align-center '  itemprop=\"image\" itemscope=\"itemscope\" itemtype=\"https:\/\/schema.org\/ImageObject\"  ><div class='avia-image-container-inner'><div class='avia-image-overlay-wrap'><img decoding=\"async\" class='wp-image-0 avia-img-lazy-loading-not-0 avia_image' src=\"https:\/\/radiorevelacionfm.cl\/wp-content\/uploads\/2021\/01\/IMG_2763-1-scaled.jpg\" alt='' title=''   itemprop=\"thumbnailUrl\"  \/><\/div><\/div><\/div><\/div><div class=\"flex_column av_one_full  flex_column_div av-zero-column-padding first  avia-builder-el-2  el_after_av_one_full  el_before_av_one_full  column-top-margin\" style='border-radius:0px; '><section class=\"av_textblock_section \"  itemscope=\"itemscope\" itemtype=\"https:\/\/schema.org\/BlogPosting\" itemprop=\"blogPost\" ><div class='avia_textblock  '   itemprop=\"text\" ><p style=\"text-align: center;\"><span style=\"font-size: 18pt;\"><strong>Fuerte inversi\u00f3n en obras hidr\u00e1ulicas impulsar\u00e1 mayor abastecimiento de agua potable en sectores rurales de la regi\u00f3n de Ays\u00e9n<\/strong><\/span><\/p>\n<div id=\"gtx-trans\" style=\"position: absolute; left: -50px; top: 4.31534px;\">\n<div class=\"gtx-trans-icon\"><\/div>\n<\/div>\n<\/div><\/section><\/div><div class=\"flex_column av_one_full  flex_column_div av-zero-column-padding first  avia-builder-el-4  el_after_av_one_full  el_before_av_hr  column-top-margin\" style='border-radius:0px; '><section class=\"av_textblock_section \"  itemscope=\"itemscope\" itemtype=\"https:\/\/schema.org\/BlogPosting\" itemprop=\"blogPost\" ><div class='avia_textblock  '   itemprop=\"text\" ><p style=\"text-align: justify;\"><em>\u00abInversi\u00f3n de la Direcci\u00f3n de Obras Hidr\u00e1ulicas en la regi\u00f3n de Ays\u00e9n s\u00f3lo en Agua Potable este a\u00f1o alcanzar\u00e1 los $10 mil millones, generando importante empleo. Todas estas obras forman parte del plan Paso a Paso Chile se Recupera que el gobierno del presidente Sebasti\u00e1n Pi\u00f1era tiene en marcha en la regi\u00f3n de Ays\u00e9n.<\/em><\/p>\n<p style=\"text-align: justify;\">Con la inauguraci\u00f3n del Servicio Sanitario Rural de Villa Frei, el Director Nacional de Obras Hidr\u00e1ulicas del Ministerio de Obras P\u00fablicas Claudio Darrigrandi Navarro culmin\u00f3 su visita a la regi\u00f3n de Ays\u00e9n desarrollada durante los d\u00edas 20, 21 y 22 de enero. As\u00ed lo inform\u00f3 hoy, el Secretario Regional Ministerial de Obras P\u00fablicas N\u00e9stor Mera Mu\u00f1oz.<\/p>\n<p style=\"text-align: justify;\">En la regi\u00f3n de Ays\u00e9n, el SEREMI de Obras P\u00fablicas junto al Director Nacional de Obras Hidr\u00e1ulicas, fueron acompa\u00f1ados\u00a0 por la Intendente de la regi\u00f3n de Ays\u00e9n Margarita Ossa Rojas, vecinos, dirigentes e integrantes de Comit\u00e9s de Agua Potable Rural, el Concejal Manuel Curinao, los Consejeros Regionales Rocco Martiniello, Eligio Montecinos, el presidente del Consejo Regional de Ays\u00e9n Sergio Gonz\u00e1lez y el Director Regional de Obras Hidr\u00e1ulicas del MOP Cristi\u00e1n Aguilar y equipo en las actividades realizadas entre las que destacan la inspecci\u00f3n a las nuevas oficinas de la Subdirecci\u00f3n de Servicios Sanitarios Rurales que se encuentran en su proceso final de implementaci\u00f3n en el marco de la entrada en vigencia de la Ley <strong>\u00a0<\/strong>N\u00b020.998, la inspecci\u00f3n a las obras de ampliaci\u00f3n del Servicio Sanitario Rural de Villa Ma\u00f1ihuales que actualmente presenta un 99,5% de avance, visitaron la \u00a0conservaci\u00f3n de las obras de control aluvional recientemente terminadas en el cerro Divisadero y finalizaron las actividades con la inauguraci\u00f3n del mejoramiento del Servicio Sanitario Rural de Villa Frei.<\/p>\n<p style=\"text-align: justify;\">En el marco de la inauguraci\u00f3n de la ampliaci\u00f3n del Servicio Sanitario Rural de Villa Frei, el Director Nacional de Obras Hidr\u00e1ulicas del MOP Claudio Darrigrandi Navarro destac\u00f3 la importancia de contar con agua potable junto con anunciar la inyecci\u00f3n de mayores recursos para entregar a m\u00e1s familias este vital elemento. Al respecto, indic\u00f3 \u201c\u201cAqu\u00ed estamos en Villa Frei, muy contentos de estar en esta inauguraci\u00f3n. Una inauguraci\u00f3n que representa el anhelo de 100 familias que se han visto beneficiadas, porque hab\u00eda 67 familias que estaban originalmente integradas a este sistema, pero nos faltaban 36 familias m\u00e1s que deb\u00edamos incorporar porque estaban sin agua, as\u00ed que hoy estamos inaugurando un proyecto \u00a0de $550 millones aproximadamente \u00a0que cambio toda la red. Tenemos un estanque de 50 m3 en altura -que es el estanque en altura m\u00e1s grande la regi\u00f3n- y sin duda\u00a0 esto \u00a0representa el esfuerzo de la Direcci\u00f3n de Obras Hidr\u00e1ulicas que invirti\u00f3 en total el a\u00f1o 2020 $6 mil millones y para este a\u00f1o en la regi\u00f3n de Ays\u00e9n vamos a invertir $15 mil millones, y esto est\u00e1 relacionado con el presupuesto de la Direcci\u00f3n de Obras Hidr\u00e1ulicas a nivel nacional en donde vamos a tener $500 mil millones que van a generar nueva mano de obra, nueva infraestructura y el mejoramiento de la calidad de vida de las personas.\u00a0 La mitad de ese presupuesto est\u00e1 dedicado al consumo de agua potable para las personas que es la prioridad del presidente Sebasti\u00e1n Pi\u00f1era, del Ministro Alfredo Moreno y sin duda del Subsecretario Crist\u00f3bal Leturia; entonces hoy d\u00eda estamos mandatados como Direcci\u00f3n a mejorar este tema asociado al consumo de agua humano, llegando con cobertura vamos a mejorar la calidad de vida. Eso es lo que estamos haciendo\u201d.<\/p>\n<p style=\"text-align: justify;\">As\u00ed tambi\u00e9n lo refrend\u00f3 el SEREMI del MOP agregando que \u201cnuestra Direcci\u00f3n de Obras Hidr\u00e1ulicas es una de las que tiene mayor inversi\u00f3n en nuestra regi\u00f3n y principalmente est\u00e1 enfocada en el abastecimiento de agua potable para mejorar la calidad de vida de las personas, por lo tanto contar con mayores recursos para contribuir como gobierno a facilitar la vida de los vecinos, es sin duda un importante anuncio y un aliciente para trabajar conjuntamente con la comunidad y futuros beneficiados en avanzar hacia el profundo cambio que tendr\u00e1n sus vidas con la entrega de agua potable, contribuyendo con una mayor equidad y nuevas oportunidades para los vecinos, as\u00ed que estamos muy contentos de poder contar con el apoyo del Director Nacional de Obras Hidr\u00e1ulicas para que este sue\u00f1o de contar con agua potable sea una firme realidad\u201d.<\/p>\n<p style=\"text-align: justify;\">\u201cEn este proyecto particip\u00f3 en forma muy activa y organizada la comunidad especialmente el Comit\u00e9 de Agua Potable Rural con quienes trabajamos muy coordinadamente y tuvimos un cambio dr\u00e1stico en la infraestructura, mejorando la presi\u00f3n del servicio y posibilitando que la comunidad pueda usar el calef\u00f3n sin inconvenientes, y los nuevos proyectos en materia de vivienda tambi\u00e9n podr\u00e1n contar con agua potable, entre otros. Ahora tenemos una infraestructura de primer nivel, que es parte del compromiso que tenemos como Ministerio de Obras P\u00fablicas en el gobierno del presidente Pi\u00f1era, as\u00ed que estamos muy contentos porque estas obras implican el desarrollo social, econ\u00f3mico y productivo tan importante en este momento de pandemia y recuperaci\u00f3n econ\u00f3mica \u00a0que estamos viviendo hoy como pa\u00eds\u201d, indic\u00f3 N\u00e9stor Mera.<\/p>\n<p style=\"text-align: justify;\">As\u00ed lo se\u00f1al\u00f3 tambi\u00e9n el presidente del Servicio Sanitario Rural de Villa Frei Luis Calder\u00f3n. \u201cPara nosotros es un mejoramiento \u00fanico que pudimos conseguir a trav\u00e9s de nuestras autoridades que nos han asignado recursos para esto, as\u00ed que estamos content\u00edsimos \u00a0de tener una tremenda presi\u00f3n de agua hoy en d\u00eda y abarcar a m\u00e1s vecinos que estaban consumiendo agua de arroyo, de pozos y que ahora ya tienen agua potable en sus casas, as\u00ed que estamos muy contentos. A nombre de todos nuestros usuarios del agua y en general agradezco a todas las autoridades que hicieron posible esto, y que han designado recursos para que nosotros tengamos una mejor vida en nuestra localidad\u201d.<\/p>\n<p style=\"text-align: justify;\">Por su parte, el presidente del Servicio Sanitario Rural de Villa Ma\u00f1ihuales, Jaime Toro Illesca quien tambi\u00e9n\u00a0 fue parte de la agenda de actividades del Director Nacional de Obras Hidr\u00e1ulicas en su visita al sector, indic\u00f3 \u201cPara este Comit\u00e9 es un avance muy grande, ya que viene a beneficiar a muchos pobladores que estaban con d\u00e9ficit h\u00eddrico, por lo tanto es un tremendo apoyo. Queremos destacar a las autoridades porque a pesar de todo lo que est\u00e1 pasando a nivel nacional nos vengan a visitar, eso demuestra que hay un inter\u00e9s por las comunidades peque\u00f1as y nos insta a trabajar con mayor esfuerzo ya que no estamos solos en esta lucha por este adelanto que viene a ayudar a Villa Ma\u00f1ihuales. Imag\u00ednese la diferencia que hay de tener el\u00a0 agua en un balde para despu\u00e9s tener que abrir solamente una llave. En el a\u00f1o 1966, mi madre siendo yo peque\u00f1o tiraba del r\u00edo el agua a un balde y a veces me dejaba encargado a mi hermana para poder ir al r\u00edo a buscar agua, entonces ver esto coronado hoy con otro sistema es un tremendo orgullo. Es un beneficio muy grande que han hecho las autoridades y nosotros como dirigentes para esta obra que se est\u00e1 casi terminada.\u201d<\/p>\n<\/div><\/section><\/div><div  style='height:50px' class='hr hr-invisible   avia-builder-el-6  el_after_av_one_full  el_before_av_social_share '><span class='hr-inner ' ><span class='hr-inner-style'><\/span><\/span><\/div><\/p>\n<div  class='av-social-sharing-box  avia-builder-el-7  el_after_av_hr  el_before_av_hr  '><div class='av-share-box'><h5 class='av-share-link-description av-no-toc '>Compartir esta noticia<\/h5><ul class='av-share-box-list noLightbox'><li class='av-share-link av-social-link-facebook' ><a target=\"_blank\" aria-label=\"Compartir en Facebook\" href='https:\/\/www.facebook.com\/sharer.php?u=https:\/\/radiorevelacionfm.cl\/?p=2075&#038;t=Fuerte%20inversi%C3%B3n%20en%20obras%20hidr%C3%A1ulicas%20impulsar%C3%A1%20mayor%20abastecimiento%20de%20agua%20potable%20en%20sectores%20rurales%20de%20la%20regi%C3%B3n%20de%20Ays%C3%A9n' aria-hidden='false' data-av_icon='\ue8f3' data-av_iconfont='entypo-fontello' title='' data-avia-related-tooltip='Compartir en Facebook' rel=\"noopener\"><span class='avia_hidden_link_text'>Compartir en Facebook<\/span><\/a><\/li><li class='av-share-link av-social-link-twitter' ><a target=\"_blank\" aria-label=\"Compartir en Twitter\" href='https:\/\/twitter.com\/share?text=Fuerte%20inversi%C3%B3n%20en%20obras%20hidr%C3%A1ulicas%20impulsar%C3%A1%20mayor%20abastecimiento%20de%20agua%20potable%20en%20sectores%20rurales%20de%20la%20regi%C3%B3n%20de%20Ays%C3%A9n&#038;url=https:\/\/radiorevelacionfm.cl\/?p=2075' aria-hidden='false' data-av_icon='\ue8f1' data-av_iconfont='entypo-fontello' title='' data-avia-related-tooltip='Compartir en Twitter' rel=\"noopener\"><span class='avia_hidden_link_text'>Compartir en Twitter<\/span><\/a><\/li><li class='av-share-link av-social-link-whatsapp' ><a target=\"_blank\" aria-label=\"Compartir en Whatsapp\" href='https:\/\/api.whatsapp.com\/send?text=https:\/\/radiorevelacionfm.cl\/?p=2075' aria-hidden='false' data-av_icon='\uf232' data-av_iconfont='entypo-fontello' title='' data-avia-related-tooltip='Compartir en Whatsapp' rel=\"noopener\"><span class='avia_hidden_link_text'>Compartir en Whatsapp<\/span><\/a><\/li><li class='av-share-link av-social-link-linkedin' ><a target=\"_blank\" aria-label=\"Compartir en LinkedIn\" href='https:\/\/linkedin.com\/shareArticle?mini=true&#038;title=Fuerte%20inversi%C3%B3n%20en%20obras%20hidr%C3%A1ulicas%20impulsar%C3%A1%20mayor%20abastecimiento%20de%20agua%20potable%20en%20sectores%20rurales%20de%20la%20regi%C3%B3n%20de%20Ays%C3%A9n&#038;url=https:\/\/radiorevelacionfm.cl\/?p=2075' aria-hidden='false' data-av_icon='\ue8fc' data-av_iconfont='entypo-fontello' title='' data-avia-related-tooltip='Compartir en LinkedIn' rel=\"noopener\"><span class='avia_hidden_link_text'>Compartir en LinkedIn<\/span><\/a><\/li><li class='av-share-link av-social-link-mail' ><a  aria-label=\"Compartir por correo\" href='mailto:?subject=Fuerte%20inversi%C3%B3n%20en%20obras%20hidr%C3%A1ulicas%20impulsar%C3%A1%20mayor%20abastecimiento%20de%20agua%20potable%20en%20sectores%20rurales%20de%20la%20regi%C3%B3n%20de%20Ays%C3%A9n&#038;body=https:\/\/radiorevelacionfm.cl\/?p=2075' aria-hidden='false' data-av_icon='\ue805' data-av_iconfont='entypo-fontello' title='' data-avia-related-tooltip='Compartir por correo'><span class='avia_hidden_link_text'>Compartir por correo<\/span><\/a><\/li><\/ul><\/div><\/div>\n<div  style='height:50px' class='hr hr-invisible   avia-builder-el-8  el_after_av_social_share  el_before_av_comments_list '><span class='hr-inner ' ><span class='hr-inner-style'><\/span><\/span><\/div>\n<div  class='av-buildercomment  av-blog-meta-html-info-disabled av-blog-meta-tag-disabled  '><\/div>\n","protected":false},"excerpt":{"rendered":"","protected":false},"author":1,"featured_media":0,"comment_status":"open","ping_status":"open","sticky":false,"template":"","format":"standard","meta":{"footnotes":""},"categories":[38],"tags":[],"class_list":["post-2075","post","type-post","status-publish","format-standard","hentry","category-regional"],"jetpack_featured_media_url":"","_links":{"self":[{"href":"https:\/\/radiorevelacionfm.cl\/index.php?rest_route=\/wp\/v2\/posts\/2075","targetHints":{"allow":["GET"]}}],"collection":[{"href":"https:\/\/radiorevelacionfm.cl\/index.php?rest_route=\/wp\/v2\/posts"}],"about":[{"href":"https:\/\/radiorevelacionfm.cl\/index.php?rest_route=\/wp\/v2\/types\/post"}],"author":[{"embeddable":true,"href":"https:\/\/radiorevelacionfm.cl\/index.php?rest_route=\/wp\/v2\/users\/1"}],"replies":[{"embeddable":true,"href":"https:\/\/radiorevelacionfm.cl\/index.php?rest_route=%2Fwp%2Fv2%2Fcomments&post=2075"}],"version-history":[{"count":1,"href":"https:\/\/radiorevelacionfm.cl\/index.php?rest_route=\/wp\/v2\/posts\/2075\/revisions"}],"predecessor-version":[{"id":2077,"href":"https:\/\/radiorevelacionfm.cl\/index.php?rest_route=\/wp\/v2\/posts\/2075\/revisions\/2077"}],"wp:attachment":[{"href":"https:\/\/radiorevelacionfm.cl\/index.php?rest_route=%2Fwp%2Fv2%2Fmedia&parent=2075"}],"wp:term":[{"taxonomy":"category","embeddable":true,"href":"https:\/\/radiorevelacionfm.cl\/index.php?rest_route=%2Fwp%2Fv2%2Fcategories&post=2075"},{"taxonomy":"post_tag","embeddable":true,"href":"https:\/\/radiorevelacionfm.cl\/index.php?rest_route=%2Fwp%2Fv2%2Ftags&post=2075"}],"curies":[{"name":"wp","href":"https:\/\/api.w.org\/{rel}","templated":true}]}}