{"id":20748,"date":"2022-08-20T11:27:19","date_gmt":"2022-08-20T14:27:19","guid":{"rendered":"https:\/\/radiorevelacionfm.cl\/?p=20748"},"modified":"2022-08-20T11:27:19","modified_gmt":"2022-08-20T14:27:19","slug":"mesa-intersectorial-de-prevencion-de-violencias-contra-las-mujeres-organiza-seminario-en-puerto-aysen","status":"publish","type":"post","link":"https:\/\/radiorevelacionfm.cl\/?p=20748","title":{"rendered":"Mesa Intersectorial de Prevenci\u00f3n de Violencias contra las Mujeres organiza Seminario en Puerto Ays\u00e9n"},"content":{"rendered":"<div class=\"flex_column av_one_full  flex_column_div av-zero-column-padding first  avia-builder-el-0  el_before_av_one_full  avia-builder-el-first  \" style='border-radius:0px; '><div  class='avia-image-container  av-styling-    avia-builder-el-1  avia-builder-el-no-sibling  avia-align-center '  itemprop=\"image\" itemscope=\"itemscope\" itemtype=\"https:\/\/schema.org\/ImageObject\"  ><div class='avia-image-container-inner'><div class='avia-image-overlay-wrap'><img decoding=\"async\" class='wp-image-20749 avia-img-lazy-loading-not-20749 avia_image' src=\"https:\/\/radiorevelacionfm.cl\/wp-content\/uploads\/2022\/08\/seminario-mesa-prevencion-aysen-13-1_optimized.jpg\" alt='' title='seminario-mesa-prevenci\u00f3n-ays\u00e9n-(13)-(1)_optimized' height=\"600\" width=\"890\"  itemprop=\"thumbnailUrl\" srcset=\"https:\/\/radiorevelacionfm.cl\/wp-content\/uploads\/2022\/08\/seminario-mesa-prevencion-aysen-13-1_optimized.jpg 890w, https:\/\/radiorevelacionfm.cl\/wp-content\/uploads\/2022\/08\/seminario-mesa-prevencion-aysen-13-1_optimized-300x202.jpg 300w, https:\/\/radiorevelacionfm.cl\/wp-content\/uploads\/2022\/08\/seminario-mesa-prevencion-aysen-13-1_optimized-768x518.jpg 768w, https:\/\/radiorevelacionfm.cl\/wp-content\/uploads\/2022\/08\/seminario-mesa-prevencion-aysen-13-1_optimized-705x475.jpg 705w, https:\/\/radiorevelacionfm.cl\/wp-content\/uploads\/2022\/08\/seminario-mesa-prevencion-aysen-13-1_optimized-600x404.jpg 600w\" sizes=\"(max-width: 890px) 100vw, 890px\" \/><\/div><\/div><\/div><\/div><div class=\"flex_column av_one_full  flex_column_div av-zero-column-padding first  avia-builder-el-2  el_after_av_one_full  el_before_av_one_full  column-top-margin\" style='border-radius:0px; '><section class=\"av_textblock_section \"  itemscope=\"itemscope\" itemtype=\"https:\/\/schema.org\/BlogPosting\" itemprop=\"blogPost\" ><div class='avia_textblock  '   itemprop=\"text\" ><p style=\"text-align: center;\"><strong><span style=\"font-size: 18pt;\">Mesa Intersectorial de Prevenci\u00f3n de Violencias contra las Mujeres organiza Seminario en Puerto Ays\u00e9n<\/span><\/strong><\/p>\n<div id=\"gtx-trans\" style=\"position: absolute; left: -50px; top: 4.31534px;\">\n<div class=\"gtx-trans-icon\"><\/div>\n<\/div>\n<\/div><\/section><\/div><div class=\"flex_column av_one_full  flex_column_div av-zero-column-padding first  avia-builder-el-4  el_after_av_one_full  el_before_av_hr  column-top-margin\" style='border-radius:0px; '><section class=\"av_textblock_section \"  itemscope=\"itemscope\" itemtype=\"https:\/\/schema.org\/BlogPosting\" itemprop=\"blogPost\" ><div class='avia_textblock  '   itemprop=\"text\" ><p class=\"v1MsoNormal\" style=\"text-align: justify;\"><span lang=\"ES\">Con un foco puesto en las tem\u00e1ticas de g\u00e9nero, juventudes y derechos humanos se realiz\u00f3 la segunda versi\u00f3n del Seminario de la Mesa Intersectorial de Prevenci\u00f3n de Violencias contra las Mujeres de la comuna de Ays\u00e9n. Instancia p\u00fablico- privada levantada el a\u00f1o 2015 por el Servicio Nacional de la Mujer y la Equidad de G\u00e9nero, SernamEG, junto a la Municipalidad de Ays\u00e9n. La actividad se llev\u00f3 a cabo en la sala de uso m\u00faltiple de Ribera Sur en la ciudad porte\u00f1a.<\/span><\/p>\n<p class=\"v1MsoNormal\" style=\"text-align: justify;\"><span lang=\"ES\">Junto con destacar que existe un mandato presidencial de robustecer todas las iniciativas preventivas que se levanten a nivel territorial, la Seremi de la Mujer y la Equidad de G\u00e9nero, Andrea M\u00e9ndez Valenzuela, precis\u00f3 que \u00abpara el Presidente Gabriel Boric Font, tanto la prevenci\u00f3n como la erradicaci\u00f3n de la violencia, es un eje fundamental; as\u00ed estuvo instalado inicialmente en su Programa. En coherencia con aquello, se ha impulsado la Ley Integral de Violencia contra las Mujeres, la que si bien no es una ley emanada desde nuestro Gobierno se le ha dado suma urgencia. Este cuerpo legal constituye un marco regulatorio amplio, que viene a subsanar la dispersi\u00f3n legislativa que existe actualmente respecto a esta materia\u00bb.\u00a0\u00a0<\/span><\/p>\n<p class=\"v1MsoNormal\" style=\"text-align: justify;\"><span lang=\"ES\">Por su parte, la Directora Regional (s) de SernamEG, Carla Arriagada Malague\u00f1o, sostuvo que \u00abla Mesa lleva varios a\u00f1os trabajando y tiene una trayectoria impecable, porque han logrado una coordinaci\u00f3n cercana, que les ha permitido levantar instancias y posicionarse dentro de la comuna de Ays\u00e9n. Por ejemplo, a prop\u00f3sito del D\u00eda Internacional de la Erradicaci\u00f3n de la Violencia contra las Mujeres, organizan actividades con la comunidad para poder instalar los temas. Han realizado seminarios, conversatorios e inclusive han tra\u00eddo personas fuera de la regi\u00f3n, que han hecho exposiciones sobre tem\u00e1ticas relacionadas con la prevenci\u00f3n de la violencia contra las mujeres\u00bb.\u00a0\u00a0 \u00a0\u00a0<\/span><\/p>\n<p class=\"v1MsoNormal\" style=\"text-align: justify;\">En tanto, el Administrador Municipal de Ays\u00e9n,\u00a0<span lang=\"ES\">Oscar Az\u00f3car Adriazola resalt\u00f3 la labor territorial del programa de Prevenci\u00f3n en Violencia contra las Mujeres que est\u00e1 a cargo de la Secretar\u00eda Ejecutiva de la Mesa Intersectorial en la comuna. \u00abComo Municipalidad representada por nuestro Alcalde, don Julio Uribe Alvarado, y los diversos programas que desarrolla el Municipio, estamos muy contentos de poder ser part\u00edcipe de una instancia tan importante en la cual se busca poder desarrollar y ejecutar estrategias que puedan prevenir la violencia contra las mujeres en diversos rangos etarios; es decir, no s\u00f3lo para las personas adultas sino tambi\u00e9n para las y los j\u00f3venes\u00bb, afirm\u00f3.<\/span><\/p>\n<p class=\"v1MsoNormal\" style=\"text-align: justify;\"><span lang=\"ES\">Una de las instituciones que estuvieron presentes en el Seminario fue el Centro de Formaci\u00f3n T\u00e9cnica Estatal de la regi\u00f3n de Ays\u00e9n. Su Rector, V\u00edctor Hugo \u00c1lvarez Vel\u00e1squez, resalt\u00f3 que \u00abme parece importante que se aborde la tem\u00e1tica de g\u00e9nero que es relevante hoy en d\u00eda, por lo que agradecemos a SernamEG y a la Municipalidad de Ays\u00e9n por realizar esta actividad\u00bb. El acad\u00e9mico tambi\u00e9n se refiri\u00f3 al proceso formativo de capacitaci\u00f3n para agentes preventivos, que actualmente desarrolla el programa de Prevenci\u00f3n en Violencia contra las Mujeres en la casa de estudios superior, agregando que \u00abhoy d\u00eda tenemos 82 estudiantes que est\u00e1n participando y creemos que es destacable que ellas y ellos lleven estas tem\u00e1ticas a los lugares donde se desenvuelven\u00bb. \u00a0<\/span><\/p>\n<p class=\"v1MsoNormal\" style=\"text-align: justify;\"><span lang=\"ES\">El Seminario \u00abEstrategias y herramientas para abordar las violencias en las juventudes\u00bb fue una instancia de capacitaci\u00f3n dirigida a las mismas instituciones que componen la Mesa y consisti\u00f3 en la entrega de herramientas te\u00f3rico \u2013 pr\u00e1cticas. La primera presentaci\u00f3n estuvo a cargo de los programas de la Corporaci\u00f3n Opci\u00f3n, perteneciente al Servicio Mejor Ni\u00f1ez, en la que se abord\u00f3 la oferta program\u00e1tica en la regi\u00f3n de Ays\u00e9n y el proceso terap\u00e9utico que se realiza con ni\u00f1as, ni\u00f1os y adolescentes junto a sus familias. A continuaci\u00f3n, fue el turno del Programa Prevenci\u00f3n en Violencia contra las Mujeres de SernamEG, que abord\u00f3 los conceptos de g\u00e9nero y violencia, el enfoque de juventudes y la participaci\u00f3n en el contexto adultoc\u00e9ntrico. Finalmente, el Jefe Regional del Instituto Nacional de Derechos Humanos, Joaqu\u00edn Bizama Tiznado, expuso sobre derechos humanos y diversidades sexuales.<\/span><\/p>\n<p class=\"v1MsoNormal\" style=\"text-align: justify;\"><span lang=\"ES\">Actualmente, la Mesa Intersectorial de Prevenci\u00f3n de Violencias contra las Mujeres la componen la Oficina de Asuntos Juveniles, Seremi de la Mujer y la Equidad de G\u00e9nero, MOWI, Servicio Nacional para la Prevenci\u00f3n y Rehabilitaci\u00f3n del Consumo de Drogas y Alcohol (SENDA), Oficina Local de la Ni\u00f1ez (OLN), programa Mujer, Sexualidad y Maternidad de SernamEG, programa Quiero mi Barrio, Oficina de Protecci\u00f3n de Derechos de Infancia (OPD), Polic\u00eda de Investigaciones de Chile (PDI), Programas de Intervenci\u00f3n Especializada (PIE), Programas de Prevenci\u00f3n Focalizada (PPF), Centro de Protecci\u00f3n Infanto Juvenil (CEPIJ), programa de Prevenci\u00f3n en Violencia contra las Mujeres de SernamEG, Seguridad P\u00fablica de la Municipalidad de Ays\u00e9n, Centro de Formaci\u00f3n T\u00e9cnica Ays\u00e9n, Segunda Comisaria de Carabineros de Puerto Ays\u00e9n, Juzgado de Letras, Garant\u00eda y Familia Puerto Ays\u00e9n, departamento de Atenci\u00f3n a V\u00edctimas de Violencia Sexual del Hospital de Ays\u00e9n, Instituto Nacional de la Juventud (INJUV), Corporaci\u00f3n Nacional Forestal (CONAF) Ays\u00e9n, Unidad de Cultura de la Municipalidad de Ays\u00e9n, Departamento de Orientaci\u00f3n del Colegio Sagrada Familia, los programas Gobierno en Terreno y de Seguridad P\u00fablica de la Delegaci\u00f3n Presidencial Provincial de Ays\u00e9n, Regimiento N\u00b08 Chilo\u00e9 del Ej\u00e9rcito de Chile, Servicio de Aduanas de Ays\u00e9n, Servicio Mejor Ni\u00f1ez, Fundaci\u00f3n para la Promoci\u00f3n de Desarrollo de la Mujer (PRODEMU), Unidad de G\u00e9nero de la Universidad de Ays\u00e9n, la Corporaci\u00f3n de Asistencia Judicial (CAJ), Centro de la Mujer Naa Alver\u00e9 y el programa Mujeres Jefas de Hogar (PMJH).<\/span><\/p>\n<p class=\"v1MsoNormal\" style=\"text-align: justify;\"><span lang=\"ES\">\u00a0<\/span><\/p>\n<\/div><\/section><\/div><div  style='height:50px' class='hr hr-invisible   avia-builder-el-6  el_after_av_one_full  el_before_av_social_share '><span class='hr-inner ' ><span class='hr-inner-style'><\/span><\/span><\/div><\/p>\n<div  class='av-social-sharing-box  avia-builder-el-7  el_after_av_hr  el_before_av_hr  '><div class='av-share-box'><h5 class='av-share-link-description av-no-toc '>Compartir esta noticia<\/h5><ul class='av-share-box-list noLightbox'><li class='av-share-link av-social-link-facebook' ><a target=\"_blank\" aria-label=\"Compartir en Facebook\" href='https:\/\/www.facebook.com\/sharer.php?u=https:\/\/radiorevelacionfm.cl\/?p=20748&#038;t=Mesa%20Intersectorial%20de%20Prevenci%C3%B3n%20de%20Violencias%20contra%20las%20Mujeres%20organiza%20Seminario%20en%20Puerto%20Ays%C3%A9n' aria-hidden='false' data-av_icon='\ue8f3' data-av_iconfont='entypo-fontello' title='' data-avia-related-tooltip='Compartir en Facebook' rel=\"noopener\"><span class='avia_hidden_link_text'>Compartir en Facebook<\/span><\/a><\/li><li class='av-share-link av-social-link-twitter' ><a target=\"_blank\" aria-label=\"Compartir en Twitter\" href='https:\/\/twitter.com\/share?text=Mesa%20Intersectorial%20de%20Prevenci%C3%B3n%20de%20Violencias%20contra%20las%20Mujeres%20organiza%20Seminario%20en%20Puerto%20Ays%C3%A9n&#038;url=https:\/\/radiorevelacionfm.cl\/?p=20748' aria-hidden='false' data-av_icon='\ue8f1' data-av_iconfont='entypo-fontello' title='' data-avia-related-tooltip='Compartir en Twitter' rel=\"noopener\"><span class='avia_hidden_link_text'>Compartir en Twitter<\/span><\/a><\/li><li class='av-share-link av-social-link-whatsapp' ><a target=\"_blank\" aria-label=\"Compartir en Whatsapp\" href='https:\/\/api.whatsapp.com\/send?text=https:\/\/radiorevelacionfm.cl\/?p=20748' aria-hidden='false' data-av_icon='\uf232' data-av_iconfont='entypo-fontello' title='' data-avia-related-tooltip='Compartir en Whatsapp' rel=\"noopener\"><span class='avia_hidden_link_text'>Compartir en Whatsapp<\/span><\/a><\/li><li class='av-share-link av-social-link-linkedin' ><a target=\"_blank\" aria-label=\"Compartir en LinkedIn\" href='https:\/\/linkedin.com\/shareArticle?mini=true&#038;title=Mesa%20Intersectorial%20de%20Prevenci%C3%B3n%20de%20Violencias%20contra%20las%20Mujeres%20organiza%20Seminario%20en%20Puerto%20Ays%C3%A9n&#038;url=https:\/\/radiorevelacionfm.cl\/?p=20748' aria-hidden='false' data-av_icon='\ue8fc' data-av_iconfont='entypo-fontello' title='' data-avia-related-tooltip='Compartir en LinkedIn' rel=\"noopener\"><span class='avia_hidden_link_text'>Compartir en LinkedIn<\/span><\/a><\/li><li class='av-share-link av-social-link-mail' ><a  aria-label=\"Compartir por correo\" href='mailto:?subject=Mesa%20Intersectorial%20de%20Prevenci%C3%B3n%20de%20Violencias%20contra%20las%20Mujeres%20organiza%20Seminario%20en%20Puerto%20Ays%C3%A9n&#038;body=https:\/\/radiorevelacionfm.cl\/?p=20748' aria-hidden='false' data-av_icon='\ue805' data-av_iconfont='entypo-fontello' title='' data-avia-related-tooltip='Compartir por correo'><span class='avia_hidden_link_text'>Compartir por correo<\/span><\/a><\/li><\/ul><\/div><\/div>\n<div  style='height:50px' class='hr hr-invisible   avia-builder-el-8  el_after_av_social_share  el_before_av_comments_list '><span class='hr-inner ' ><span class='hr-inner-style'><\/span><\/span><\/div>\n<div  class='av-buildercomment  av-blog-meta-html-info-disabled av-blog-meta-tag-disabled  '><\/div>\n","protected":false},"excerpt":{"rendered":"","protected":false},"author":1,"featured_media":20749,"comment_status":"open","ping_status":"open","sticky":false,"template":"","format":"standard","meta":{"footnotes":""},"categories":[38],"tags":[],"class_list":["post-20748","post","type-post","status-publish","format-standard","has-post-thumbnail","hentry","category-regional"],"jetpack_featured_media_url":"https:\/\/radiorevelacionfm.cl\/wp-content\/uploads\/2022\/08\/seminario-mesa-prevencion-aysen-13-1_optimized.jpg","_links":{"self":[{"href":"https:\/\/radiorevelacionfm.cl\/index.php?rest_route=\/wp\/v2\/posts\/20748","targetHints":{"allow":["GET"]}}],"collection":[{"href":"https:\/\/radiorevelacionfm.cl\/index.php?rest_route=\/wp\/v2\/posts"}],"about":[{"href":"https:\/\/radiorevelacionfm.cl\/index.php?rest_route=\/wp\/v2\/types\/post"}],"author":[{"embeddable":true,"href":"https:\/\/radiorevelacionfm.cl\/index.php?rest_route=\/wp\/v2\/users\/1"}],"replies":[{"embeddable":true,"href":"https:\/\/radiorevelacionfm.cl\/index.php?rest_route=%2Fwp%2Fv2%2Fcomments&post=20748"}],"version-history":[{"count":2,"href":"https:\/\/radiorevelacionfm.cl\/index.php?rest_route=\/wp\/v2\/posts\/20748\/revisions"}],"predecessor-version":[{"id":20762,"href":"https:\/\/radiorevelacionfm.cl\/index.php?rest_route=\/wp\/v2\/posts\/20748\/revisions\/20762"}],"wp:featuredmedia":[{"embeddable":true,"href":"https:\/\/radiorevelacionfm.cl\/index.php?rest_route=\/wp\/v2\/media\/20749"}],"wp:attachment":[{"href":"https:\/\/radiorevelacionfm.cl\/index.php?rest_route=%2Fwp%2Fv2%2Fmedia&parent=20748"}],"wp:term":[{"taxonomy":"category","embeddable":true,"href":"https:\/\/radiorevelacionfm.cl\/index.php?rest_route=%2Fwp%2Fv2%2Fcategories&post=20748"},{"taxonomy":"post_tag","embeddable":true,"href":"https:\/\/radiorevelacionfm.cl\/index.php?rest_route=%2Fwp%2Fv2%2Ftags&post=20748"}],"curies":[{"name":"wp","href":"https:\/\/api.w.org\/{rel}","templated":true}]}}