{"id":20742,"date":"2022-08-20T11:14:44","date_gmt":"2022-08-20T14:14:44","guid":{"rendered":"https:\/\/radiorevelacionfm.cl\/?p=20742"},"modified":"2022-08-20T11:14:44","modified_gmt":"2022-08-20T14:14:44","slug":"consejeros-se-reunen-en-santiago-con-el-consejo-de-monumentos-nacionales-por-construccion-del-hospital-de-chile-chico","status":"publish","type":"post","link":"https:\/\/radiorevelacionfm.cl\/?p=20742","title":{"rendered":"Consejeros se re\u00fanen en Santiago con el Consejo de Monumentos Nacionales por construcci\u00f3n del Hospital de Chile Chico"},"content":{"rendered":"<div class=\"flex_column av_one_full  flex_column_div av-zero-column-padding first  avia-builder-el-0  el_before_av_one_full  avia-builder-el-first  \" style='border-radius:0px; '><div  class='avia-image-container  av-styling-    avia-builder-el-1  avia-builder-el-no-sibling  avia-align-center '  itemprop=\"image\" itemscope=\"itemscope\" itemtype=\"https:\/\/schema.org\/ImageObject\"  ><div class='avia-image-container-inner'><div class='avia-image-overlay-wrap'><img decoding=\"async\" class='wp-image-20743 avia-img-lazy-loading-not-20743 avia_image' src=\"https:\/\/radiorevelacionfm.cl\/wp-content\/uploads\/2022\/08\/FOTO3-3.jpeg\" alt='' title='FOTO3 (3)' height=\"600\" width=\"900\"  itemprop=\"thumbnailUrl\" srcset=\"https:\/\/radiorevelacionfm.cl\/wp-content\/uploads\/2022\/08\/FOTO3-3.jpeg 900w, https:\/\/radiorevelacionfm.cl\/wp-content\/uploads\/2022\/08\/FOTO3-3-300x200.jpeg 300w, https:\/\/radiorevelacionfm.cl\/wp-content\/uploads\/2022\/08\/FOTO3-3-768x512.jpeg 768w, https:\/\/radiorevelacionfm.cl\/wp-content\/uploads\/2022\/08\/FOTO3-3-705x470.jpeg 705w, https:\/\/radiorevelacionfm.cl\/wp-content\/uploads\/2022\/08\/FOTO3-3-600x400.jpeg 600w\" sizes=\"(max-width: 900px) 100vw, 900px\" \/><\/div><\/div><\/div><\/div>\n<div class=\"flex_column av_one_full  flex_column_div av-zero-column-padding first  avia-builder-el-2  el_after_av_one_full  el_before_av_one_full  column-top-margin\" style='border-radius:0px; '><section class=\"av_textblock_section \"  itemscope=\"itemscope\" itemtype=\"https:\/\/schema.org\/BlogPosting\" itemprop=\"blogPost\" ><div class='avia_textblock  '   itemprop=\"text\" ><p style=\"text-align: center;\"><strong><span style=\"font-size: 18pt;\">Consejeros se re\u00fanen en Santiago con el Consejo de Monumentos Nacionales por construcci\u00f3n del Hospital de Chile Chico\u00a0<\/span><\/strong><\/p>\n<div id=\"gtx-trans\" style=\"position: absolute; left: -50px; top: 4.31534px;\">\n<div class=\"gtx-trans-icon\"><\/div>\n<\/div>\n<\/div><\/section><\/div><div class=\"flex_column av_one_full  flex_column_div av-zero-column-padding first  avia-builder-el-4  el_after_av_one_full  el_before_av_hr  column-top-margin\" style='border-radius:0px; '><section class=\"av_textblock_section \"  itemscope=\"itemscope\" itemtype=\"https:\/\/schema.org\/BlogPosting\" itemprop=\"blogPost\" ><div class='avia_textblock  '   itemprop=\"text\" ><p dir=\"ltr\" style=\"text-align: justify;\">Los Consejeros Regionales de Ays\u00e9n Ra\u00fal Rudolphi (RN), Jorge Abello (DC), Sergio Gonz\u00e1lez (DC), junto a la Consejera Paula Acu\u00f1a (CS) asistieron a cuatro audiencias durante este jueves en Santiago, con el objetivo de tratar temas relacionados con vialidad, seguridad e infraestructura. Sobre esta \u00faltima, desde el Consejo de Monumentos Nacionales confirman la continuidad de la construcci\u00f3n del hospital para Chile Chico.<\/p>\n<p dir=\"ltr\" style=\"text-align: justify;\">A primera hora los CORES asistieron al Ministerio de Obras P\u00fablicas, donde concretaron reuniones con el director Nacional de Arquitectura, Mart\u00edn Urrutia, y tambi\u00e9n en la Direcci\u00f3n Nacional de Vialidad. En el primer encuentro, se convers\u00f3 sobre la vialidad de la construcci\u00f3n del paseo costanera en Puerto R\u00edo Tranquilo.<\/p>\n<p dir=\"ltr\" style=\"text-align: justify;\">La segunda instancia trat\u00f3 sobre la ejecuci\u00f3n de la pavimentaci\u00f3n en Ruta 7, en particular sobre tramos en Cuesta El Traro- Cochrane y Villa Ortega- Alto Baguales.<\/p>\n<p dir=\"ltr\" style=\"text-align: justify;\">M\u00e1s tarde, el encuentro fue en el Palacio Pereira con representante del Consejo de Monumentos Nacionales. All\u00ed, el objetivo fue conocer el proceso de normalizaci\u00f3n del Hospital Leopoldo Ortega de Chile Chico, en cuyas faenas fueron encontradas osamentas. Tambi\u00e9n se trat\u00f3 sobre la construcci\u00f3n de alcantarillado y planta de tratamiento para aguas servidas en Caleta Tortel, como zona t\u00edpica. \u00abEl proyecto va a continuar en total normalidad, as\u00ed que son buenas noticias para la comuna de Chile Chile y la continuidad de ese proyecto\u00bb, dijo el Consejero Jorge Abello, integrante de la comisi\u00f3n de Transporte, Infraestructura y Telecomunicaciones.<\/p>\n<p dir=\"ltr\" style=\"text-align: justify;\">Finalmente, los CORES se reunieron en la Direcci\u00f3n Ejecutiva de la Corporaci\u00f3n Nacional Forestal (CONAF) para coordinar las medidas y medios para la prevenci\u00f3n y combate de incendios forestales en la regi\u00f3n de Ays\u00e9n, durante la pr\u00f3xima temporada de verano. Se busc\u00f3 asegurar la presencia de un helic\u00f3ptero durante 120 d\u00edas y por 130 horas. Adem\u00e1s, de asegurar un grupo de brigadistas dispuestos en distintos puntos de la regi\u00f3n para poder llegar de manera oportuna ante la eventual emergencia de un incendio forestal.<\/p>\n<p dir=\"ltr\" style=\"text-align: justify;\">El presidente de la comisi\u00f3n de Seguridad P\u00fablica y Emergencia, Ra\u00fal Rudolphi, expres\u00f3 que \u00ablas noticias son positivas, hemos recogido por parte de la Direcci\u00f3n Nacional el compromiso de que los recursos van a estar y que se complementan con los esfuerzos y de recursos que ha invertido el Gobierno Regional en esta materia\u00bb.<\/p>\n<p dir=\"ltr\" style=\"text-align: justify;\">Durante esta tarde, los Consejeros Regionales ser\u00e1n parte de la sesi\u00f3n de discrepancias para definir el presupuesto del Gobierno Regional para 2023.<\/p>\n<\/div><\/section><\/div><\/p>\n<div  style='height:50px' class='hr hr-invisible   avia-builder-el-6  el_after_av_one_full  el_before_av_social_share '><span class='hr-inner ' ><span class='hr-inner-style'><\/span><\/span><\/div>\n<div  class='av-social-sharing-box  avia-builder-el-7  el_after_av_hr  el_before_av_hr  '><div class='av-share-box'><h5 class='av-share-link-description av-no-toc '>Compartir esta noticia<\/h5><ul class='av-share-box-list noLightbox'><li class='av-share-link av-social-link-facebook' ><a target=\"_blank\" aria-label=\"Compartir en Facebook\" href='https:\/\/www.facebook.com\/sharer.php?u=https:\/\/radiorevelacionfm.cl\/?p=20742&#038;t=Consejeros%20se%20re%C3%BAnen%20en%20Santiago%20con%20el%20Consejo%20de%20Monumentos%20Nacionales%20por%20construcci%C3%B3n%20del%20Hospital%20de%20Chile%20Chico' aria-hidden='false' data-av_icon='\ue8f3' data-av_iconfont='entypo-fontello' title='' data-avia-related-tooltip='Compartir en Facebook' rel=\"noopener\"><span class='avia_hidden_link_text'>Compartir en Facebook<\/span><\/a><\/li><li class='av-share-link av-social-link-twitter' ><a target=\"_blank\" aria-label=\"Compartir en Twitter\" href='https:\/\/twitter.com\/share?text=Consejeros%20se%20re%C3%BAnen%20en%20Santiago%20con%20el%20Consejo%20de%20Monumentos%20Nacionales%20por%20construcci%C3%B3n%20del%20Hospital%20de%20Chile%20Chico&#038;url=https:\/\/radiorevelacionfm.cl\/?p=20742' aria-hidden='false' data-av_icon='\ue8f1' data-av_iconfont='entypo-fontello' title='' data-avia-related-tooltip='Compartir en Twitter' rel=\"noopener\"><span class='avia_hidden_link_text'>Compartir en Twitter<\/span><\/a><\/li><li class='av-share-link av-social-link-whatsapp' ><a target=\"_blank\" aria-label=\"Compartir en Whatsapp\" href='https:\/\/api.whatsapp.com\/send?text=https:\/\/radiorevelacionfm.cl\/?p=20742' aria-hidden='false' data-av_icon='\uf232' data-av_iconfont='entypo-fontello' title='' data-avia-related-tooltip='Compartir en Whatsapp' rel=\"noopener\"><span class='avia_hidden_link_text'>Compartir en Whatsapp<\/span><\/a><\/li><li class='av-share-link av-social-link-linkedin' ><a target=\"_blank\" aria-label=\"Compartir en LinkedIn\" href='https:\/\/linkedin.com\/shareArticle?mini=true&#038;title=Consejeros%20se%20re%C3%BAnen%20en%20Santiago%20con%20el%20Consejo%20de%20Monumentos%20Nacionales%20por%20construcci%C3%B3n%20del%20Hospital%20de%20Chile%20Chico&#038;url=https:\/\/radiorevelacionfm.cl\/?p=20742' aria-hidden='false' data-av_icon='\ue8fc' data-av_iconfont='entypo-fontello' title='' data-avia-related-tooltip='Compartir en LinkedIn' rel=\"noopener\"><span class='avia_hidden_link_text'>Compartir en LinkedIn<\/span><\/a><\/li><li class='av-share-link av-social-link-mail' ><a  aria-label=\"Compartir por correo\" href='mailto:?subject=Consejeros%20se%20re%C3%BAnen%20en%20Santiago%20con%20el%20Consejo%20de%20Monumentos%20Nacionales%20por%20construcci%C3%B3n%20del%20Hospital%20de%20Chile%20Chico&#038;body=https:\/\/radiorevelacionfm.cl\/?p=20742' aria-hidden='false' data-av_icon='\ue805' data-av_iconfont='entypo-fontello' title='' data-avia-related-tooltip='Compartir por correo'><span class='avia_hidden_link_text'>Compartir por correo<\/span><\/a><\/li><\/ul><\/div><\/div>\n<div  style='height:50px' class='hr hr-invisible   avia-builder-el-8  el_after_av_social_share  el_before_av_comments_list '><span class='hr-inner ' ><span class='hr-inner-style'><\/span><\/span><\/div>\n<div  class='av-buildercomment  av-blog-meta-html-info-disabled av-blog-meta-tag-disabled  '><\/div>\n","protected":false},"excerpt":{"rendered":"","protected":false},"author":1,"featured_media":20743,"comment_status":"open","ping_status":"open","sticky":false,"template":"","format":"standard","meta":{"footnotes":""},"categories":[38],"tags":[],"class_list":["post-20742","post","type-post","status-publish","format-standard","has-post-thumbnail","hentry","category-regional"],"jetpack_featured_media_url":"https:\/\/radiorevelacionfm.cl\/wp-content\/uploads\/2022\/08\/FOTO3-3.jpeg","_links":{"self":[{"href":"https:\/\/radiorevelacionfm.cl\/index.php?rest_route=\/wp\/v2\/posts\/20742","targetHints":{"allow":["GET"]}}],"collection":[{"href":"https:\/\/radiorevelacionfm.cl\/index.php?rest_route=\/wp\/v2\/posts"}],"about":[{"href":"https:\/\/radiorevelacionfm.cl\/index.php?rest_route=\/wp\/v2\/types\/post"}],"author":[{"embeddable":true,"href":"https:\/\/radiorevelacionfm.cl\/index.php?rest_route=\/wp\/v2\/users\/1"}],"replies":[{"embeddable":true,"href":"https:\/\/radiorevelacionfm.cl\/index.php?rest_route=%2Fwp%2Fv2%2Fcomments&post=20742"}],"version-history":[{"count":3,"href":"https:\/\/radiorevelacionfm.cl\/index.php?rest_route=\/wp\/v2\/posts\/20742\/revisions"}],"predecessor-version":[{"id":20761,"href":"https:\/\/radiorevelacionfm.cl\/index.php?rest_route=\/wp\/v2\/posts\/20742\/revisions\/20761"}],"wp:featuredmedia":[{"embeddable":true,"href":"https:\/\/radiorevelacionfm.cl\/index.php?rest_route=\/wp\/v2\/media\/20743"}],"wp:attachment":[{"href":"https:\/\/radiorevelacionfm.cl\/index.php?rest_route=%2Fwp%2Fv2%2Fmedia&parent=20742"}],"wp:term":[{"taxonomy":"category","embeddable":true,"href":"https:\/\/radiorevelacionfm.cl\/index.php?rest_route=%2Fwp%2Fv2%2Fcategories&post=20742"},{"taxonomy":"post_tag","embeddable":true,"href":"https:\/\/radiorevelacionfm.cl\/index.php?rest_route=%2Fwp%2Fv2%2Ftags&post=20742"}],"curies":[{"name":"wp","href":"https:\/\/api.w.org\/{rel}","templated":true}]}}