{"id":20736,"date":"2022-08-19T12:20:51","date_gmt":"2022-08-19T15:20:51","guid":{"rendered":"https:\/\/radiorevelacionfm.cl\/?p=20736"},"modified":"2022-08-19T12:26:09","modified_gmt":"2022-08-19T15:26:09","slug":"detienen-a-ultimo-involucrado-en-robo-con-intimidacion-que-afecto-a-familia-al-interior-de-su-inmueble-en-coyhaique","status":"publish","type":"post","link":"https:\/\/radiorevelacionfm.cl\/?p=20736","title":{"rendered":"Detienen a \u00faltimo involucrado en robo con intimidaci\u00f3n que afect\u00f3 a familia al interior de su domicilio en Coyhaique"},"content":{"rendered":"<div class=\"flex_column av_one_full  flex_column_div av-zero-column-padding first  avia-builder-el-0  el_before_av_one_full  avia-builder-el-first  \" style='border-radius:0px; '><div  class='avia-image-container  av-styling-    avia-builder-el-1  avia-builder-el-no-sibling  avia-align-center '  itemprop=\"image\" itemscope=\"itemscope\" itemtype=\"https:\/\/schema.org\/ImageObject\"  ><div class='avia-image-container-inner'><div class='avia-image-overlay-wrap'><img decoding=\"async\" class='wp-image-16354 avia-img-lazy-loading-not-16354 avia_image' src=\"https:\/\/radiorevelacionfm.cl\/wp-content\/uploads\/2022\/04\/PDI-Imagen-referencial-1-1.jpg\" alt='' title='PDI Imagen referencial (1) (1)' height=\"600\" width=\"900\"  itemprop=\"thumbnailUrl\" srcset=\"https:\/\/radiorevelacionfm.cl\/wp-content\/uploads\/2022\/04\/PDI-Imagen-referencial-1-1.jpg 900w, https:\/\/radiorevelacionfm.cl\/wp-content\/uploads\/2022\/04\/PDI-Imagen-referencial-1-1-300x200.jpg 300w, https:\/\/radiorevelacionfm.cl\/wp-content\/uploads\/2022\/04\/PDI-Imagen-referencial-1-1-768x512.jpg 768w, https:\/\/radiorevelacionfm.cl\/wp-content\/uploads\/2022\/04\/PDI-Imagen-referencial-1-1-705x470.jpg 705w, https:\/\/radiorevelacionfm.cl\/wp-content\/uploads\/2022\/04\/PDI-Imagen-referencial-1-1-600x400.jpg 600w\" sizes=\"(max-width: 900px) 100vw, 900px\" \/><\/div><\/div><\/div><\/div>\n<div class=\"flex_column av_one_full  flex_column_div av-zero-column-padding first  avia-builder-el-2  el_after_av_one_full  el_before_av_one_full  column-top-margin\" style='border-radius:0px; '><section class=\"av_textblock_section \"  itemscope=\"itemscope\" itemtype=\"https:\/\/schema.org\/BlogPosting\" itemprop=\"blogPost\" ><div class='avia_textblock  '   itemprop=\"text\" ><p style=\"text-align: center;\"><span style=\"font-size: 18pt;\"><strong>Detienen a \u00faltimo involucrado en robo con intimidaci\u00f3n que afect\u00f3 a familia al interior de su domicilio en Coyhaique<\/strong><\/span><\/p>\n<div id=\"gtx-trans\" style=\"position: absolute; left: -50px; top: 4.31534px;\">\n<div class=\"gtx-trans-icon\"><\/div>\n<\/div>\n<\/div><\/section><\/div><div class=\"flex_column av_one_full  flex_column_div av-zero-column-padding first  avia-builder-el-4  el_after_av_one_full  el_before_av_hr  column-top-margin\" style='border-radius:0px; '><section class=\"av_textblock_section \"  itemscope=\"itemscope\" itemtype=\"https:\/\/schema.org\/BlogPosting\" itemprop=\"blogPost\" ><div class='avia_textblock  '   itemprop=\"text\" ><p style=\"text-align: justify;\">Durante la tarde del mi\u00e9rcoles 17 de agosto, y como parte de una investigaci\u00f3n dirigida por la Fiscal\u00eda Local de Coyhaique, detectives de la Brigada Investigadora de Robos detuvieron a un imputado -de 28 a\u00f1os de edad y sin antecedentes policiales- por el delito de robo con intimidaci\u00f3n, hecho ocurrido en Coyhaique en marzo del presente a\u00f1o. En dicha ocasi\u00f3n, los imputados ingresaron hasta un domicilio, intimidaron a sus moradores y sustrajeron tres millones de pesos y otras especies.<\/p>\n<p style=\"text-align: justify;\">Gracias al trabajo coordinado entre el Ministerio P\u00fablico y la PDI, los detectives de la unidad especializada detuvieron al \u00faltimo involucrado en este hecho que afect\u00f3 a la administradora de un local comercial en su domicilio particular, sustrayendo la recaudaci\u00f3n del local. Cabe destacar que, anteriormente, en el mes de marzo y como resultado de diversas diligencias investigativas, se logr\u00f3 ubicar y detener a otros tres autores del delito habiendo transcurrido solamente algunas horas de cometido el il\u00edcito, imputados que a la fecha permanecen en prisi\u00f3n preventiva.<\/p>\n<p style=\"text-align: justify;\">Al respecto, el jefe de la Brigada Investigadora de Robos Coyhaique, subprefecto V\u00edctor Toledo, enfatiz\u00f3 que, gracias a diferentes antecedentes recopilados y de inter\u00e9s investigativo, \u201ceste equipo investigador ten\u00eda conocimiento de la participaci\u00f3n de un cuarto sujeto, el que fue identificado y se logr\u00f3 posicionar en el sitio de suceso, coordinando estos antecedentes con el Ministerio P\u00fablico, quien gestion\u00f3 la respectiva orden de detenci\u00f3n a la que se le dio cumplimiento el d\u00eda mi\u00e9rcoles en horas de la tarde\u201d.<\/p>\n<p style=\"text-align: justify;\">De acuerdo a lo se\u00f1alado por el subprefecto V\u00edctor Toledo, \u201cel detenido fue puesto a disposici\u00f3n del Juzgado de Garant\u00eda para su control de detenci\u00f3n y respectiva formalizaci\u00f3n, por instrucciones del Ministerio P\u00fablico\u201d.<\/p>\n<p style=\"text-align: justify;\">Sobre esto, el fiscal jefe de Coyhaique, Jos\u00e9 Moris, inform\u00f3 que, en la audiencia de formalizaci\u00f3n del imputado, el Ministerio P\u00fablico solicit\u00f3 su prisi\u00f3n preventiva, medida cautelar que fue acogida por el Juzgado de Garant\u00eda. \u201cLas diligencias efectuadas por la Brigada Investigadora de Robos permitieron la detenci\u00f3n de tres sujetos, pero siempre se manej\u00f3 la hip\u00f3tesis de un cuarto involucrado teniendo participaci\u00f3n, el que fue finalmente identificado. La Fiscal\u00eda solicit\u00f3 la orden de detenci\u00f3n al Juzgado de Garant\u00eda y esta fue ejecutada ayer por la BIRO\u201d, detall\u00f3 el persecutor penal.<\/p>\n<p style=\"text-align: justify;\">El plazo de investigaci\u00f3n de este caso, donde trabaja de forma conjunta la PDI y la Fiscal\u00eda, vence el 12 de septiembre, de acuerdo al tiempo otorgado en su momento por el tribunal.<\/p>\n<\/div><\/section><\/div><\/p>\n<div  style='height:50px' class='hr hr-invisible   avia-builder-el-6  el_after_av_one_full  el_before_av_social_share '><span class='hr-inner ' ><span class='hr-inner-style'><\/span><\/span><\/div>\n<div  class='av-social-sharing-box  avia-builder-el-7  el_after_av_hr  el_before_av_hr  '><div class='av-share-box'><h5 class='av-share-link-description av-no-toc '>Compartir esta noticia<\/h5><ul class='av-share-box-list noLightbox'><li class='av-share-link av-social-link-facebook' ><a target=\"_blank\" aria-label=\"Compartir en Facebook\" href='https:\/\/www.facebook.com\/sharer.php?u=https:\/\/radiorevelacionfm.cl\/?p=20736&#038;t=Detienen%20a%20%C3%BAltimo%20involucrado%20en%20robo%20con%20intimidaci%C3%B3n%20que%20afect%C3%B3%20a%20familia%20al%20interior%20de%20su%20domicilio%20en%20Coyhaique' aria-hidden='false' data-av_icon='\ue8f3' data-av_iconfont='entypo-fontello' title='' data-avia-related-tooltip='Compartir en Facebook' rel=\"noopener\"><span class='avia_hidden_link_text'>Compartir en Facebook<\/span><\/a><\/li><li class='av-share-link av-social-link-twitter' ><a target=\"_blank\" aria-label=\"Compartir en Twitter\" href='https:\/\/twitter.com\/share?text=Detienen%20a%20%C3%BAltimo%20involucrado%20en%20robo%20con%20intimidaci%C3%B3n%20que%20afect%C3%B3%20a%20familia%20al%20interior%20de%20su%20domicilio%20en%20Coyhaique&#038;url=https:\/\/radiorevelacionfm.cl\/?p=20736' aria-hidden='false' data-av_icon='\ue8f1' data-av_iconfont='entypo-fontello' title='' data-avia-related-tooltip='Compartir en Twitter' rel=\"noopener\"><span class='avia_hidden_link_text'>Compartir en Twitter<\/span><\/a><\/li><li class='av-share-link av-social-link-whatsapp' ><a target=\"_blank\" aria-label=\"Compartir en Whatsapp\" href='https:\/\/api.whatsapp.com\/send?text=https:\/\/radiorevelacionfm.cl\/?p=20736' aria-hidden='false' data-av_icon='\uf232' data-av_iconfont='entypo-fontello' title='' data-avia-related-tooltip='Compartir en Whatsapp' rel=\"noopener\"><span class='avia_hidden_link_text'>Compartir en Whatsapp<\/span><\/a><\/li><li class='av-share-link av-social-link-linkedin' ><a target=\"_blank\" aria-label=\"Compartir en LinkedIn\" href='https:\/\/linkedin.com\/shareArticle?mini=true&#038;title=Detienen%20a%20%C3%BAltimo%20involucrado%20en%20robo%20con%20intimidaci%C3%B3n%20que%20afect%C3%B3%20a%20familia%20al%20interior%20de%20su%20domicilio%20en%20Coyhaique&#038;url=https:\/\/radiorevelacionfm.cl\/?p=20736' aria-hidden='false' data-av_icon='\ue8fc' data-av_iconfont='entypo-fontello' title='' data-avia-related-tooltip='Compartir en LinkedIn' rel=\"noopener\"><span class='avia_hidden_link_text'>Compartir en LinkedIn<\/span><\/a><\/li><li class='av-share-link av-social-link-mail' ><a  aria-label=\"Compartir por correo\" href='mailto:?subject=Detienen%20a%20%C3%BAltimo%20involucrado%20en%20robo%20con%20intimidaci%C3%B3n%20que%20afect%C3%B3%20a%20familia%20al%20interior%20de%20su%20domicilio%20en%20Coyhaique&#038;body=https:\/\/radiorevelacionfm.cl\/?p=20736' aria-hidden='false' data-av_icon='\ue805' data-av_iconfont='entypo-fontello' title='' data-avia-related-tooltip='Compartir por correo'><span class='avia_hidden_link_text'>Compartir por correo<\/span><\/a><\/li><\/ul><\/div><\/div>\n<div  style='height:50px' class='hr hr-invisible   avia-builder-el-8  el_after_av_social_share  el_before_av_comments_list '><span class='hr-inner ' ><span class='hr-inner-style'><\/span><\/span><\/div>\n<div  class='av-buildercomment  av-blog-meta-html-info-disabled av-blog-meta-tag-disabled  '><\/div>\n","protected":false},"excerpt":{"rendered":"","protected":false},"author":1,"featured_media":16354,"comment_status":"open","ping_status":"open","sticky":false,"template":"","format":"standard","meta":{"footnotes":""},"categories":[36],"tags":[],"class_list":["post-20736","post","type-post","status-publish","format-standard","has-post-thumbnail","hentry","category-policial"],"jetpack_featured_media_url":"https:\/\/radiorevelacionfm.cl\/wp-content\/uploads\/2022\/04\/PDI-Imagen-referencial-1-1.jpg","_links":{"self":[{"href":"https:\/\/radiorevelacionfm.cl\/index.php?rest_route=\/wp\/v2\/posts\/20736","targetHints":{"allow":["GET"]}}],"collection":[{"href":"https:\/\/radiorevelacionfm.cl\/index.php?rest_route=\/wp\/v2\/posts"}],"about":[{"href":"https:\/\/radiorevelacionfm.cl\/index.php?rest_route=\/wp\/v2\/types\/post"}],"author":[{"embeddable":true,"href":"https:\/\/radiorevelacionfm.cl\/index.php?rest_route=\/wp\/v2\/users\/1"}],"replies":[{"embeddable":true,"href":"https:\/\/radiorevelacionfm.cl\/index.php?rest_route=%2Fwp%2Fv2%2Fcomments&post=20736"}],"version-history":[{"count":3,"href":"https:\/\/radiorevelacionfm.cl\/index.php?rest_route=\/wp\/v2\/posts\/20736\/revisions"}],"predecessor-version":[{"id":20738,"href":"https:\/\/radiorevelacionfm.cl\/index.php?rest_route=\/wp\/v2\/posts\/20736\/revisions\/20738"}],"wp:featuredmedia":[{"embeddable":true,"href":"https:\/\/radiorevelacionfm.cl\/index.php?rest_route=\/wp\/v2\/media\/16354"}],"wp:attachment":[{"href":"https:\/\/radiorevelacionfm.cl\/index.php?rest_route=%2Fwp%2Fv2%2Fmedia&parent=20736"}],"wp:term":[{"taxonomy":"category","embeddable":true,"href":"https:\/\/radiorevelacionfm.cl\/index.php?rest_route=%2Fwp%2Fv2%2Fcategories&post=20736"},{"taxonomy":"post_tag","embeddable":true,"href":"https:\/\/radiorevelacionfm.cl\/index.php?rest_route=%2Fwp%2Fv2%2Ftags&post=20736"}],"curies":[{"name":"wp","href":"https:\/\/api.w.org\/{rel}","templated":true}]}}