{"id":2072,"date":"2021-01-24T19:50:00","date_gmt":"2021-01-24T22:50:00","guid":{"rendered":"https:\/\/radiorevelacionfm.cl\/?p=2072"},"modified":"2021-01-24T19:50:00","modified_gmt":"2021-01-24T22:50:00","slug":"en-villa-ohiggins-inauguraran-estatua-tamano-real-del-teniente-hernan-merino-correa","status":"publish","type":"post","link":"https:\/\/radiorevelacionfm.cl\/?p=2072","title":{"rendered":"En Villa O&#8217;Higgins inaugurar\u00e1n estatua tama\u00f1o real del Teniente Hern\u00e1n Merino Correa"},"content":{"rendered":"<div class=\"flex_column av_one_full  flex_column_div av-zero-column-padding first  avia-builder-el-0  el_before_av_one_full  avia-builder-el-first  \" style='border-radius:0px; '><div  class='avia-image-container  av-styling-    avia-builder-el-1  avia-builder-el-no-sibling  avia-align-center '  itemprop=\"image\" itemscope=\"itemscope\" itemtype=\"https:\/\/schema.org\/ImageObject\"  ><div class='avia-image-container-inner'><div class='avia-image-overlay-wrap'><img decoding=\"async\" class='wp-image-0 avia-img-lazy-loading-not-0 avia_image' src=\"https:\/\/radiorevelacionfm.cl\/wp-content\/uploads\/2021\/01\/IMAGEN-ENCUENTRO-2-1.jpeg\" alt='' title=''   itemprop=\"thumbnailUrl\"  \/><\/div><\/div><\/div><\/div><div class=\"flex_column av_one_full  flex_column_div av-zero-column-padding first  avia-builder-el-2  el_after_av_one_full  el_before_av_one_full  column-top-margin\" style='border-radius:0px; '><section class=\"av_textblock_section \"  itemscope=\"itemscope\" itemtype=\"https:\/\/schema.org\/BlogPosting\" itemprop=\"blogPost\" ><div class='avia_textblock  '   itemprop=\"text\" ><p style=\"text-align: center;\"><span style=\"font-size: 18pt;\"><strong>En Villa O&#8217;Higgins inaugurar\u00e1n estatua tama\u00f1o real del Teniente Hern\u00e1n Merino Correa<\/strong><\/span><\/p>\n<div id=\"gtx-trans\" style=\"position: absolute; left: -50px; top: 4.31534px;\">\n<div class=\"gtx-trans-icon\"><\/div>\n<\/div>\n<\/div><\/section><\/div><div class=\"flex_column av_one_full  flex_column_div av-zero-column-padding first  avia-builder-el-4  el_after_av_one_full  el_before_av_hr  column-top-margin\" style='border-radius:0px; '><section class=\"av_textblock_section \"  itemscope=\"itemscope\" itemtype=\"https:\/\/schema.org\/BlogPosting\" itemprop=\"blogPost\" ><div class='avia_textblock  '   itemprop=\"text\" ><p style=\"font-weight: 400; text-align: justify;\">En cita con el General Director de Carabineros y el Subsecretario del Interior, se analiz\u00f3 adem\u00e1s la reapertura y control en el Paso El Bruna.<\/p>\n<p style=\"font-weight: 400; text-align: justify;\">Diversas reuniones sostuvo, en la capital del pa\u00eds, el alcalde de la comuna Roberto Recabal C\u00e1rcamo, entre ellas dos citas muy relevantes; una con el Subsecretario del Interior Juan Francisco Galli y otra con el General Director de Carabineros Ricardo Y\u00e1\u00f1ez.<\/p>\n<p style=\"font-weight: 400; text-align: justify;\">Visita provechosa, donde se abordaron diversas materias, entre ellas, la esperada instalaci\u00f3n e inauguraci\u00f3n oficial de la estatua de tama\u00f1o real del Teniente Hern\u00e1n Merino Correa, muerto en heroico acto de servicio, protegiendo la soberan\u00eda nacional, un 6 de noviembre de 1965, con tan solo 29 a\u00f1os de vida.<\/p>\n<p style=\"font-weight: 400; text-align: justify;\">Al respecto, el alcalde afirm\u00f3 que en marzo se realizar\u00e1 este hito, que busca homenajear, a trav\u00e9s de la figura del Teniente, la abnegada labor de patrullaje, ayuda social y control fronterizo que efect\u00faa Carabineros de Chile.<\/p>\n<p style=\"font-weight: 400; text-align: justify;\">\u201cCon este gran acto en nuestra comuna, queremos expresar el cari\u00f1o y afecto de toda nuestra regi\u00f3n a esta noble instituci\u00f3n, que hoy m\u00e1s que nunca necesita el respeto, el reconocimiento a la gran labor que realizan, no solo de orden p\u00fablico, sino tambi\u00e9n un sinf\u00edn de funciones de cuidado de lo m\u00e1s sagrado que tiene un pa\u00eds, que son sus fronteras. Esperamos, en el mes de marzo, inaugurar esta gran obra, con altas autoridades del nivel central y regional en nuestra capital comunal\u201d, expuso Recabal.<\/p>\n<p style=\"font-weight: 400; text-align: justify;\">En Santiago, el jefe comunal se reuni\u00f3 con el General Director de Carabineros, Ricardo Y\u00e1\u00f1ez, quien envi\u00f3 un saludo a los habitantes de este territorio austral, asegurando que comprometi\u00f3 \u201csu asistencia a un evento tan importante, para ustedes y para nosotros como Carabineros, creemos que la figura del Teniente Merino, el h\u00e9roe del siglo XX, es una motivaci\u00f3n para nuestra juventud y para esa acci\u00f3n que tienen todos los d\u00edas nuestros carabineros de entregarse a la comunidad, un abrazo grande a todos y esperemos vernos en marzo\u201d.<\/p>\n<p style=\"font-weight: 400; text-align: justify;\">La visita de la m\u00e1xima autoridad comunal a Santiago, tambi\u00e9n contempl\u00f3 una cita con el subsecretario del Interior Juan Francisco Galli, quien valor\u00f3 el encuentro y el inter\u00e9s del municipio de Villa O\u2019Higgins de \u201cdestacar la labor que cumple Carabineros de Chile en esa localidad, especialmente en el valor que tiene para Chile, geopol\u00edticamente, para la soberan\u00eda de nuestro pa\u00eds, el Campos de Hielo Sur. Nos invitaron a visitar, a estar presente, en la ceremonia de homenaje al Teniente Merino, esperamos poder organizar agenda para poder acompa\u00f1arlos prontamente\u201d.<\/p>\n<p style=\"font-weight: 400; text-align: justify;\">Junto con los alcances del homenaje al h\u00e9roe nacional Hern\u00e1n Merino Correa, se analiz\u00f3 en esta cita la posible reapertura y control en el Paso El Bruna, para as\u00ed profundizar la soberan\u00eda nacional, en un territorio estrat\u00e9gico como la comuna de O\u2019Higgins, en el extremo sur de la regi\u00f3n de Ays\u00e9n.<\/p>\n<\/div><\/section><\/div><div  style='height:50px' class='hr hr-invisible   avia-builder-el-6  el_after_av_one_full  el_before_av_social_share '><span class='hr-inner ' ><span class='hr-inner-style'><\/span><\/span><\/div><\/p>\n<div  class='av-social-sharing-box  avia-builder-el-7  el_after_av_hr  el_before_av_hr  '><div class='av-share-box'><h5 class='av-share-link-description av-no-toc '>Compartir esta noticia<\/h5><ul class='av-share-box-list noLightbox'><li class='av-share-link av-social-link-facebook' ><a target=\"_blank\" aria-label=\"Compartir en Facebook\" href='https:\/\/www.facebook.com\/sharer.php?u=https:\/\/radiorevelacionfm.cl\/?p=2072&#038;t=En%20Villa%20O%E2%80%99Higgins%20inaugurar%C3%A1n%20estatua%20tama%C3%B1o%20real%20del%20Teniente%20Hern%C3%A1n%20Merino%20Correa' aria-hidden='false' data-av_icon='\ue8f3' data-av_iconfont='entypo-fontello' title='' data-avia-related-tooltip='Compartir en Facebook' rel=\"noopener\"><span class='avia_hidden_link_text'>Compartir en Facebook<\/span><\/a><\/li><li class='av-share-link av-social-link-twitter' ><a target=\"_blank\" aria-label=\"Compartir en Twitter\" href='https:\/\/twitter.com\/share?text=En%20Villa%20O%E2%80%99Higgins%20inaugurar%C3%A1n%20estatua%20tama%C3%B1o%20real%20del%20Teniente%20Hern%C3%A1n%20Merino%20Correa&#038;url=https:\/\/radiorevelacionfm.cl\/?p=2072' aria-hidden='false' data-av_icon='\ue8f1' data-av_iconfont='entypo-fontello' title='' data-avia-related-tooltip='Compartir en Twitter' rel=\"noopener\"><span class='avia_hidden_link_text'>Compartir en Twitter<\/span><\/a><\/li><li class='av-share-link av-social-link-whatsapp' ><a target=\"_blank\" aria-label=\"Compartir en Whatsapp\" href='https:\/\/api.whatsapp.com\/send?text=https:\/\/radiorevelacionfm.cl\/?p=2072' aria-hidden='false' data-av_icon='\uf232' data-av_iconfont='entypo-fontello' title='' data-avia-related-tooltip='Compartir en Whatsapp' rel=\"noopener\"><span class='avia_hidden_link_text'>Compartir en Whatsapp<\/span><\/a><\/li><li class='av-share-link av-social-link-linkedin' ><a target=\"_blank\" aria-label=\"Compartir en LinkedIn\" href='https:\/\/linkedin.com\/shareArticle?mini=true&#038;title=En%20Villa%20O%E2%80%99Higgins%20inaugurar%C3%A1n%20estatua%20tama%C3%B1o%20real%20del%20Teniente%20Hern%C3%A1n%20Merino%20Correa&#038;url=https:\/\/radiorevelacionfm.cl\/?p=2072' aria-hidden='false' data-av_icon='\ue8fc' data-av_iconfont='entypo-fontello' title='' data-avia-related-tooltip='Compartir en LinkedIn' rel=\"noopener\"><span class='avia_hidden_link_text'>Compartir en LinkedIn<\/span><\/a><\/li><li class='av-share-link av-social-link-mail' ><a  aria-label=\"Compartir por correo\" href='mailto:?subject=En%20Villa%20O%E2%80%99Higgins%20inaugurar%C3%A1n%20estatua%20tama%C3%B1o%20real%20del%20Teniente%20Hern%C3%A1n%20Merino%20Correa&#038;body=https:\/\/radiorevelacionfm.cl\/?p=2072' aria-hidden='false' data-av_icon='\ue805' data-av_iconfont='entypo-fontello' title='' data-avia-related-tooltip='Compartir por correo'><span class='avia_hidden_link_text'>Compartir por correo<\/span><\/a><\/li><\/ul><\/div><\/div>\n<div  style='height:50px' class='hr hr-invisible   avia-builder-el-8  el_after_av_social_share  el_before_av_comments_list '><span class='hr-inner ' ><span class='hr-inner-style'><\/span><\/span><\/div>\n<div  class='av-buildercomment  av-blog-meta-html-info-disabled av-blog-meta-tag-disabled  '><\/div>\n","protected":false},"excerpt":{"rendered":"","protected":false},"author":1,"featured_media":0,"comment_status":"open","ping_status":"open","sticky":false,"template":"","format":"standard","meta":{"footnotes":""},"categories":[38],"tags":[],"class_list":["post-2072","post","type-post","status-publish","format-standard","hentry","category-regional"],"jetpack_featured_media_url":"","_links":{"self":[{"href":"https:\/\/radiorevelacionfm.cl\/index.php?rest_route=\/wp\/v2\/posts\/2072","targetHints":{"allow":["GET"]}}],"collection":[{"href":"https:\/\/radiorevelacionfm.cl\/index.php?rest_route=\/wp\/v2\/posts"}],"about":[{"href":"https:\/\/radiorevelacionfm.cl\/index.php?rest_route=\/wp\/v2\/types\/post"}],"author":[{"embeddable":true,"href":"https:\/\/radiorevelacionfm.cl\/index.php?rest_route=\/wp\/v2\/users\/1"}],"replies":[{"embeddable":true,"href":"https:\/\/radiorevelacionfm.cl\/index.php?rest_route=%2Fwp%2Fv2%2Fcomments&post=2072"}],"version-history":[{"count":1,"href":"https:\/\/radiorevelacionfm.cl\/index.php?rest_route=\/wp\/v2\/posts\/2072\/revisions"}],"predecessor-version":[{"id":2074,"href":"https:\/\/radiorevelacionfm.cl\/index.php?rest_route=\/wp\/v2\/posts\/2072\/revisions\/2074"}],"wp:attachment":[{"href":"https:\/\/radiorevelacionfm.cl\/index.php?rest_route=%2Fwp%2Fv2%2Fmedia&parent=2072"}],"wp:term":[{"taxonomy":"category","embeddable":true,"href":"https:\/\/radiorevelacionfm.cl\/index.php?rest_route=%2Fwp%2Fv2%2Fcategories&post=2072"},{"taxonomy":"post_tag","embeddable":true,"href":"https:\/\/radiorevelacionfm.cl\/index.php?rest_route=%2Fwp%2Fv2%2Ftags&post=2072"}],"curies":[{"name":"wp","href":"https:\/\/api.w.org\/{rel}","templated":true}]}}