{"id":20714,"date":"2022-08-19T15:54:01","date_gmt":"2022-08-19T18:54:01","guid":{"rendered":"https:\/\/radiorevelacionfm.cl\/?p=20714"},"modified":"2022-08-19T15:54:01","modified_gmt":"2022-08-19T18:54:01","slug":"gremios-de-aysen-por-medidas-de-reactivacion-economica-no-son-reactivadoras-y-no-atienden-las-urgencias-de-los-sectores-productivos","status":"publish","type":"post","link":"https:\/\/radiorevelacionfm.cl\/?p=20714","title":{"rendered":"Gremios de Ays\u00e9n por medidas de reactivaci\u00f3n econ\u00f3mica: No son reactivadoras y no atienden las urgencias de los sectores productivos"},"content":{"rendered":"<div class=\"flex_column av_one_full  flex_column_div av-zero-column-padding first  avia-builder-el-0  el_before_av_one_full  avia-builder-el-first  \" style='border-radius:0px; '><div  class='avia-image-container  av-styling-    avia-builder-el-1  avia-builder-el-no-sibling  avia-align-center '  itemprop=\"image\" itemscope=\"itemscope\" itemtype=\"https:\/\/schema.org\/ImageObject\"  ><div class='avia-image-container-inner'><div class='avia-image-overlay-wrap'><img decoding=\"async\" class='wp-image-20715 avia-img-lazy-loading-not-20715 avia_image' src=\"https:\/\/radiorevelacionfm.cl\/wp-content\/uploads\/2022\/08\/Gremios-de-Aysen-1-1.jpeg\" alt='' title='Gremios de Ays\u00e9n (1) (1)' height=\"600\" width=\"600\"  itemprop=\"thumbnailUrl\" srcset=\"https:\/\/radiorevelacionfm.cl\/wp-content\/uploads\/2022\/08\/Gremios-de-Aysen-1-1.jpeg 600w, https:\/\/radiorevelacionfm.cl\/wp-content\/uploads\/2022\/08\/Gremios-de-Aysen-1-1-300x300.jpeg 300w, https:\/\/radiorevelacionfm.cl\/wp-content\/uploads\/2022\/08\/Gremios-de-Aysen-1-1-80x80.jpeg 80w, https:\/\/radiorevelacionfm.cl\/wp-content\/uploads\/2022\/08\/Gremios-de-Aysen-1-1-36x36.jpeg 36w, https:\/\/radiorevelacionfm.cl\/wp-content\/uploads\/2022\/08\/Gremios-de-Aysen-1-1-180x180.jpeg 180w, https:\/\/radiorevelacionfm.cl\/wp-content\/uploads\/2022\/08\/Gremios-de-Aysen-1-1-100x100.jpeg 100w\" sizes=\"(max-width: 600px) 100vw, 600px\" \/><\/div><\/div><\/div><\/div>\n<div class=\"flex_column av_one_full  flex_column_div av-zero-column-padding first  avia-builder-el-2  el_after_av_one_full  el_before_av_one_full  column-top-margin\" style='border-radius:0px; '><section class=\"av_textblock_section \"  itemscope=\"itemscope\" itemtype=\"https:\/\/schema.org\/BlogPosting\" itemprop=\"blogPost\" ><div class='avia_textblock  '   itemprop=\"text\" ><p style=\"text-align: center;\"><span style=\"font-size: 18pt;\"><b>Gremios de Ays\u00e9n por medidas de reactivaci\u00f3n econ\u00f3mica: No son reactivadoras y no atienden las urgencias de los sectores productivos<\/b><\/span><\/p>\n<div id=\"gtx-trans\" style=\"position: absolute; left: -50px; top: 4.31534px;\">\n<div class=\"gtx-trans-icon\"><\/div>\n<\/div>\n<\/div><\/section><\/div><div class=\"flex_column av_one_full  flex_column_div av-zero-column-padding first  avia-builder-el-4  el_after_av_one_full  el_before_av_hr  column-top-margin\" style='border-radius:0px; '><section class=\"av_textblock_section \"  itemscope=\"itemscope\" itemtype=\"https:\/\/schema.org\/BlogPosting\" itemprop=\"blogPost\" ><div class='avia_textblock  '   itemprop=\"text\" ><p class=\"v1MsoNormal\" style=\"text-align: justify;\">Tras el anuncio realizado por la Gobernadora Regional de Ays\u00e9n, Andrea Mac\u00edas Palma sobre las 12 medidas de reactivaci\u00f3n econ\u00f3mica impulsadas por el Gobierno Regional, desde los Gremios de la Regi\u00f3n de Ays\u00e9n, espec\u00edficamente; la C\u00e1mara Chilena de la Construcci\u00f3n, C\u00e1mara de Comercio y Turismo de Coyhaique, OGANA A.G., C\u00e1mara de Turismo de Coyhaique, Salm\u00f3n Chile y el Consejo del Salm\u00f3n, manifestaron de acuerdo a su an\u00e1lisis, que estas apuntan a un mediano y largo plazo, pero no atienden a la urgencias planteadas por los distintos sectores productivos.<\/p>\n<p class=\"v1MsoNormal\" style=\"text-align: justify;\">Al respecto, las organizaciones gremiales se\u00f1alaron que si bien este plan contempla una mirada de descentralizaci\u00f3n, se debe haber abordado mediante un proceso de participaci\u00f3n con la sociedad civil y las entidades productivas, afirmando que las iniciativas apuntan a un ordenamiento en la gesti\u00f3n que impulsar\u00eda el Gobierno Regional y de instrumentos de relaci\u00f3n con los Municipios para los pr\u00f3ximos a\u00f1os, no quedando en claro, cu\u00e1les ser\u00edan los mecanismos que se implementar\u00e1n para la ejecuci\u00f3n de cada medida, revel\u00e1ndose que en su conjunto estas se podr\u00edan aplicar en el mediano y largo plazo, dado el alto gasto de recursos p\u00fablicos que conllevar\u00edan a\u00fan en tiempos de crisis.<\/p>\n<p class=\"v1MsoNormal\" style=\"text-align: justify;\">En esa l\u00ednea, afirman que las medidas anunciadas, no son reactivadoras, al no atender con sentido de urgencia las problem\u00e1ticas que se han estado planteando desde los distintos sectores, particularmente, en materia de apoyos directos al comercio y las MiPymes formalizadas, la aplicaci\u00f3n de instrumentos que permitan reactivar y re evaluar proyectos que se encuentren paralizados para dar continuidad a su ejecuci\u00f3n y la consideraci\u00f3n de factores externos para las pr\u00f3ximas iniciativas que cuenten con financiamiento del Gobierno Regional, tales como; la inflaci\u00f3n, alzas en el transporte, alzas en los bienes de consumo y materias primas. Adem\u00e1s de las dificultades log\u00edsticas que se mantienen en la regi\u00f3n.<\/p>\n<p class=\"v1MsoNormal\" style=\"text-align: justify;\">Finalmente, lamentaron que en el hito de presentaci\u00f3n que se llev\u00f3 a cabo en dependencias del Gobierno Regional de Ays\u00e9n, no se extendiera la invitaci\u00f3n a todas las organizaciones gremiales y productivas, dado que, desde los diversos entes privados, se ha estado disponibles para colaborar en el an\u00e1lisis t\u00e9cnico de las pol\u00edticas p\u00fablicas que se est\u00e1n realizando, as\u00ed como tambi\u00e9n para el di\u00e1logo permanente con todas las autoridades regionales.<\/p>\n<\/div><\/section><\/div><\/p>\n<div  style='height:50px' class='hr hr-invisible   avia-builder-el-6  el_after_av_one_full  el_before_av_social_share '><span class='hr-inner ' ><span class='hr-inner-style'><\/span><\/span><\/div>\n<div  class='av-social-sharing-box  avia-builder-el-7  el_after_av_hr  el_before_av_hr  '><div class='av-share-box'><h5 class='av-share-link-description av-no-toc '>Compartir esta noticia<\/h5><ul class='av-share-box-list noLightbox'><li class='av-share-link av-social-link-facebook' ><a target=\"_blank\" aria-label=\"Compartir en Facebook\" href='https:\/\/www.facebook.com\/sharer.php?u=https:\/\/radiorevelacionfm.cl\/?p=20714&#038;t=Gremios%20de%20Ays%C3%A9n%20por%20medidas%20de%20reactivaci%C3%B3n%20econ%C3%B3mica%3A%20No%20son%20reactivadoras%20y%20no%20atienden%20las%20urgencias%20de%20los%20sectores%20productivos' aria-hidden='false' data-av_icon='\ue8f3' data-av_iconfont='entypo-fontello' title='' data-avia-related-tooltip='Compartir en Facebook' rel=\"noopener\"><span class='avia_hidden_link_text'>Compartir en Facebook<\/span><\/a><\/li><li class='av-share-link av-social-link-twitter' ><a target=\"_blank\" aria-label=\"Compartir en Twitter\" href='https:\/\/twitter.com\/share?text=Gremios%20de%20Ays%C3%A9n%20por%20medidas%20de%20reactivaci%C3%B3n%20econ%C3%B3mica%3A%20No%20son%20reactivadoras%20y%20no%20atienden%20las%20urgencias%20de%20los%20sectores%20productivos&#038;url=https:\/\/radiorevelacionfm.cl\/?p=20714' aria-hidden='false' data-av_icon='\ue8f1' data-av_iconfont='entypo-fontello' title='' data-avia-related-tooltip='Compartir en Twitter' rel=\"noopener\"><span class='avia_hidden_link_text'>Compartir en Twitter<\/span><\/a><\/li><li class='av-share-link av-social-link-whatsapp' ><a target=\"_blank\" aria-label=\"Compartir en Whatsapp\" href='https:\/\/api.whatsapp.com\/send?text=https:\/\/radiorevelacionfm.cl\/?p=20714' aria-hidden='false' data-av_icon='\uf232' data-av_iconfont='entypo-fontello' title='' data-avia-related-tooltip='Compartir en Whatsapp' rel=\"noopener\"><span class='avia_hidden_link_text'>Compartir en Whatsapp<\/span><\/a><\/li><li class='av-share-link av-social-link-linkedin' ><a target=\"_blank\" aria-label=\"Compartir en LinkedIn\" href='https:\/\/linkedin.com\/shareArticle?mini=true&#038;title=Gremios%20de%20Ays%C3%A9n%20por%20medidas%20de%20reactivaci%C3%B3n%20econ%C3%B3mica%3A%20No%20son%20reactivadoras%20y%20no%20atienden%20las%20urgencias%20de%20los%20sectores%20productivos&#038;url=https:\/\/radiorevelacionfm.cl\/?p=20714' aria-hidden='false' data-av_icon='\ue8fc' data-av_iconfont='entypo-fontello' title='' data-avia-related-tooltip='Compartir en LinkedIn' rel=\"noopener\"><span class='avia_hidden_link_text'>Compartir en LinkedIn<\/span><\/a><\/li><li class='av-share-link av-social-link-mail' ><a  aria-label=\"Compartir por correo\" href='mailto:?subject=Gremios%20de%20Ays%C3%A9n%20por%20medidas%20de%20reactivaci%C3%B3n%20econ%C3%B3mica%3A%20No%20son%20reactivadoras%20y%20no%20atienden%20las%20urgencias%20de%20los%20sectores%20productivos&#038;body=https:\/\/radiorevelacionfm.cl\/?p=20714' aria-hidden='false' data-av_icon='\ue805' data-av_iconfont='entypo-fontello' title='' data-avia-related-tooltip='Compartir por correo'><span class='avia_hidden_link_text'>Compartir por correo<\/span><\/a><\/li><\/ul><\/div><\/div>\n<div  style='height:50px' class='hr hr-invisible   avia-builder-el-8  el_after_av_social_share  el_before_av_comments_list '><span class='hr-inner ' ><span class='hr-inner-style'><\/span><\/span><\/div>\n<div  class='av-buildercomment  av-blog-meta-html-info-disabled av-blog-meta-tag-disabled  '><\/div>\n","protected":false},"excerpt":{"rendered":"","protected":false},"author":1,"featured_media":20715,"comment_status":"open","ping_status":"open","sticky":false,"template":"","format":"standard","meta":{"footnotes":""},"categories":[45],"tags":[],"class_list":["post-20714","post","type-post","status-publish","format-standard","has-post-thumbnail","hentry","category-comercio"],"jetpack_featured_media_url":"https:\/\/radiorevelacionfm.cl\/wp-content\/uploads\/2022\/08\/Gremios-de-Aysen-1-1.jpeg","_links":{"self":[{"href":"https:\/\/radiorevelacionfm.cl\/index.php?rest_route=\/wp\/v2\/posts\/20714","targetHints":{"allow":["GET"]}}],"collection":[{"href":"https:\/\/radiorevelacionfm.cl\/index.php?rest_route=\/wp\/v2\/posts"}],"about":[{"href":"https:\/\/radiorevelacionfm.cl\/index.php?rest_route=\/wp\/v2\/types\/post"}],"author":[{"embeddable":true,"href":"https:\/\/radiorevelacionfm.cl\/index.php?rest_route=\/wp\/v2\/users\/1"}],"replies":[{"embeddable":true,"href":"https:\/\/radiorevelacionfm.cl\/index.php?rest_route=%2Fwp%2Fv2%2Fcomments&post=20714"}],"version-history":[{"count":4,"href":"https:\/\/radiorevelacionfm.cl\/index.php?rest_route=\/wp\/v2\/posts\/20714\/revisions"}],"predecessor-version":[{"id":20747,"href":"https:\/\/radiorevelacionfm.cl\/index.php?rest_route=\/wp\/v2\/posts\/20714\/revisions\/20747"}],"wp:featuredmedia":[{"embeddable":true,"href":"https:\/\/radiorevelacionfm.cl\/index.php?rest_route=\/wp\/v2\/media\/20715"}],"wp:attachment":[{"href":"https:\/\/radiorevelacionfm.cl\/index.php?rest_route=%2Fwp%2Fv2%2Fmedia&parent=20714"}],"wp:term":[{"taxonomy":"category","embeddable":true,"href":"https:\/\/radiorevelacionfm.cl\/index.php?rest_route=%2Fwp%2Fv2%2Fcategories&post=20714"},{"taxonomy":"post_tag","embeddable":true,"href":"https:\/\/radiorevelacionfm.cl\/index.php?rest_route=%2Fwp%2Fv2%2Ftags&post=20714"}],"curies":[{"name":"wp","href":"https:\/\/api.w.org\/{rel}","templated":true}]}}