{"id":20711,"date":"2022-08-19T13:37:38","date_gmt":"2022-08-19T16:37:38","guid":{"rendered":"https:\/\/radiorevelacionfm.cl\/?p=20711"},"modified":"2022-08-19T13:37:38","modified_gmt":"2022-08-19T16:37:38","slug":"salud-aysen-lanzan-nueva-aplicacion-movil-con-informacion-de-la-red-asistencial-aysenina","status":"publish","type":"post","link":"https:\/\/radiorevelacionfm.cl\/?p=20711","title":{"rendered":"Salud Ays\u00e9n: Lanzan nueva aplicaci\u00f3n m\u00f3vil con informaci\u00f3n de la Red Asistencial Aysenina"},"content":{"rendered":"<div class=\"flex_column av_one_full  flex_column_div av-zero-column-padding first  avia-builder-el-0  el_before_av_one_full  avia-builder-el-first  \" style='border-radius:0px; '><div  class='avia-image-container  av-styling-    avia-builder-el-1  avia-builder-el-no-sibling  avia-align-center '  itemprop=\"image\" itemscope=\"itemscope\" itemtype=\"https:\/\/schema.org\/ImageObject\"  ><div class='avia-image-container-inner'><div class='avia-image-overlay-wrap'><img decoding=\"async\" class='wp-image-20712 avia-img-lazy-loading-not-20712 avia_image' src=\"https:\/\/radiorevelacionfm.cl\/wp-content\/uploads\/2022\/08\/app-03-1_optimized.jpeg\" alt='' title='app-03-(1)_optimized' height=\"600\" width=\"892\"  itemprop=\"thumbnailUrl\" srcset=\"https:\/\/radiorevelacionfm.cl\/wp-content\/uploads\/2022\/08\/app-03-1_optimized.jpeg 892w, https:\/\/radiorevelacionfm.cl\/wp-content\/uploads\/2022\/08\/app-03-1_optimized-300x202.jpeg 300w, https:\/\/radiorevelacionfm.cl\/wp-content\/uploads\/2022\/08\/app-03-1_optimized-768x517.jpeg 768w, https:\/\/radiorevelacionfm.cl\/wp-content\/uploads\/2022\/08\/app-03-1_optimized-705x474.jpeg 705w, https:\/\/radiorevelacionfm.cl\/wp-content\/uploads\/2022\/08\/app-03-1_optimized-600x404.jpeg 600w\" sizes=\"(max-width: 892px) 100vw, 892px\" \/><\/div><\/div><\/div><\/div><div class=\"flex_column av_one_full  flex_column_div av-zero-column-padding first  avia-builder-el-2  el_after_av_one_full  el_before_av_one_full  column-top-margin\" style='border-radius:0px; '><section class=\"av_textblock_section \"  itemscope=\"itemscope\" itemtype=\"https:\/\/schema.org\/BlogPosting\" itemprop=\"blogPost\" ><div class='avia_textblock  '   itemprop=\"text\" ><p style=\"text-align: center;\"><span style=\"font-size: 18pt;\"><strong>Salud Ays\u00e9n: Lanzan nueva aplicaci\u00f3n m\u00f3vil con informaci\u00f3n de la Red Asistencial Aysenina<\/strong><\/span><\/p>\n<div id=\"gtx-trans\" style=\"position: absolute; left: -50px; top: 4.31534px;\">\n<div class=\"gtx-trans-icon\"><\/div>\n<\/div>\n<\/div><\/section><\/div><div class=\"flex_column av_one_full  flex_column_div av-zero-column-padding first  avia-builder-el-4  el_after_av_one_full  el_before_av_hr  column-top-margin\" style='border-radius:0px; '><section class=\"av_textblock_section \"  itemscope=\"itemscope\" itemtype=\"https:\/\/schema.org\/BlogPosting\" itemprop=\"blogPost\" ><div class='avia_textblock  '   itemprop=\"text\" ><p style=\"text-align: justify;\">Ya se encuentra operativa la aplicaci\u00f3n \u201cSalud Ays\u00e9n App\u201d, plataforma digital que est\u00e1 disponible en celulares y en la web, con la que se busca descongestionar los procesos, que usuarios y usuarias de la red p\u00fablica de salud enfrentan al momento de hacer seguimiento a sus interconsultas, seguimiento de campa\u00f1as, reagendar horas y otras funcionalidades como el levantamiento de resultados PCR, entre algunas de ellas<\/p>\n<p style=\"text-align: justify;\">El proyecto nace en contexto del Fondo para la Innovaci\u00f3n y Competitividad \u2013FIC-, que financia el Gobierno Regional, y que en este caso, contempl\u00f3 una inversi\u00f3n superior a los 200 millones de pesos, siendo ejecutada y desarrollada en conjunto, por el Servicio de Salud y la Universidad de Ays\u00e9n.<\/p>\n<p style=\"text-align: justify;\">La aplicaci\u00f3n permitir\u00e1 a los usuarios de la regi\u00f3n acceder a los avisos enviados por lo, adem\u00e1s de distintas campa\u00f1as que tengan por objetivo acercar a la comunidad lo referente a vacunaci\u00f3n, prevenci\u00f3n de enfermedades, adem\u00e1s de la publicaci\u00f3n de los informes de resultados de PCR y de otras funcionalidades.<\/p>\n<p style=\"text-align: justify;\">La aplicaci\u00f3n, a la que se puede ingresar con clave \u00fanica, dar\u00e1 la posibilidad de revisar las horas m\u00e9dicas, adem\u00e1s de entregar informaci\u00f3n relevante a los usuarios de los distintos establecimientos de salud de la Red Asistencial \u201cva a tener informaci\u00f3n de la urgencia, de las atenciones de interconsulta, adem\u00e1s de realizar trazabilidad de los servicios y dar\u00e1 la oportunidad de re agendar horas\u201d, explic\u00f3 Gabriel Burgos, director del Servicio de Salud Ays\u00e9n.<\/p>\n<p style=\"text-align: justify;\">Los usuarios que no cuenten con celular tambi\u00e9n podr\u00e1n acceder a trav\u00e9s de la p\u00e1gina web en la direcci\u00f3n http:\/\/login.saludaysen.cl, lo que fue destacado por la Seremi de Salud Ays\u00e9n, Carmen Gloria Monsalve, pues adicionalmente, se entrega mayor tranquilidad a los usuarios del sistema \u201cSi no tienen celular, se puede hacer a trav\u00e9s de computador, para ver en qu\u00e9 va mi interconsulta. Se disminuye el nivel de estr\u00e9s y ansiedad de los usuarios. Adem\u00e1s, se aporta en mejorar la satisfacci\u00f3n de la persona que est\u00e1 utilizando la red asistencial\u201d, detall\u00f3 la autoridad sanitaria.<\/p>\n<p style=\"text-align: justify;\">Con la aplicaci\u00f3n, desarrollada por el Servicio de Salud en conjunto con la Universidad de Ays\u00e9n, se busca ser un aporte a los vecinos de la regi\u00f3n, tal como lo explica Natacha Pino, rectora de la casa de estudios \u201csignifica la colaboraci\u00f3n directa y comprometida de la universidad con su territorio, pero tambi\u00e9n haci\u00e9ndose parte de una red con los actores regionales, en este caso el Servicio de Salud, y de manera conjunta se logra dise\u00f1ar un producto que va en beneficio de la comunidad de la regi\u00f3n de Ays\u00e9n\u201d.<\/p>\n<p style=\"text-align: justify;\">El proyecto fue adjudicado el a\u00f1o 2018, y hoy se concreta un proceso de 4 a\u00f1os de trabajo, con \u00e9nfasis en la descentralizaci\u00f3n, lo que fue destacado por Jessica Lagos, jefa de la Divisi\u00f3n de Fomento e Industria (DIFOI) del Gobierno Regional de Ays\u00e9n \u201cla gente que vive en el maritorio y tiene que tomar un barco para llegar a una atenci\u00f3n m\u00e9dica va a poder ver su atenci\u00f3n a trav\u00e9s del tel\u00e9fono y va a poder incluso cancelarla si es que el barco no lleg\u00f3 en caso de que hayan problemas de conectividad. En ese sentido, el Gobierno Regional est\u00e1 incentivando con este fondo, a darle importancia a la tecnolog\u00eda para el desarrollo de nuestra regi\u00f3n\u201d, indic\u00f3 la profesional.<\/p>\n<p style=\"text-align: justify;\">Para descargar la App, los usuarios solo deben ejecutar en su celular la aplicaci\u00f3n de descargas \u2013Play Store y\/o App Store- y buscar el nombre de \u201cSalud Ays\u00e9n App\u201d. Al descargarla, le entregar\u00e1 breves antecedentes sobre sus contenidos y luego le solicitar\u00e1 acceder con clave \u00fanica, eso s\u00ed, antes deber\u00e1 registrarse en el sitio web login.saludaysen.cl y as\u00ed, comenzar a hacer uso de los beneficios que este instrumento de la tecnolog\u00eda pretende insertar en la vida de ayseninas y ayseninos, los usuarios de la red p\u00fablica de salud.<\/p>\n<\/div><\/section><\/div><div  style='height:50px' class='hr hr-invisible   avia-builder-el-6  el_after_av_one_full  el_before_av_social_share '><span class='hr-inner ' ><span class='hr-inner-style'><\/span><\/span><\/div><\/p>\n<div  class='av-social-sharing-box  avia-builder-el-7  el_after_av_hr  el_before_av_hr  '><div class='av-share-box'><h5 class='av-share-link-description av-no-toc '>Compartir esta noticia<\/h5><ul class='av-share-box-list noLightbox'><li class='av-share-link av-social-link-facebook' ><a target=\"_blank\" aria-label=\"Compartir en Facebook\" href='https:\/\/www.facebook.com\/sharer.php?u=https:\/\/radiorevelacionfm.cl\/?p=20711&#038;t=Salud%20Ays%C3%A9n%3A%20Lanzan%20nueva%20aplicaci%C3%B3n%20m%C3%B3vil%20con%20informaci%C3%B3n%20de%20la%20Red%20Asistencial%20Aysenina' aria-hidden='false' data-av_icon='\ue8f3' data-av_iconfont='entypo-fontello' title='' data-avia-related-tooltip='Compartir en Facebook' rel=\"noopener\"><span class='avia_hidden_link_text'>Compartir en Facebook<\/span><\/a><\/li><li class='av-share-link av-social-link-twitter' ><a target=\"_blank\" aria-label=\"Compartir en Twitter\" href='https:\/\/twitter.com\/share?text=Salud%20Ays%C3%A9n%3A%20Lanzan%20nueva%20aplicaci%C3%B3n%20m%C3%B3vil%20con%20informaci%C3%B3n%20de%20la%20Red%20Asistencial%20Aysenina&#038;url=https:\/\/radiorevelacionfm.cl\/?p=20711' aria-hidden='false' data-av_icon='\ue8f1' data-av_iconfont='entypo-fontello' title='' data-avia-related-tooltip='Compartir en Twitter' rel=\"noopener\"><span class='avia_hidden_link_text'>Compartir en Twitter<\/span><\/a><\/li><li class='av-share-link av-social-link-whatsapp' ><a target=\"_blank\" aria-label=\"Compartir en Whatsapp\" href='https:\/\/api.whatsapp.com\/send?text=https:\/\/radiorevelacionfm.cl\/?p=20711' aria-hidden='false' data-av_icon='\uf232' data-av_iconfont='entypo-fontello' title='' data-avia-related-tooltip='Compartir en Whatsapp' rel=\"noopener\"><span class='avia_hidden_link_text'>Compartir en Whatsapp<\/span><\/a><\/li><li class='av-share-link av-social-link-linkedin' ><a target=\"_blank\" aria-label=\"Compartir en LinkedIn\" href='https:\/\/linkedin.com\/shareArticle?mini=true&#038;title=Salud%20Ays%C3%A9n%3A%20Lanzan%20nueva%20aplicaci%C3%B3n%20m%C3%B3vil%20con%20informaci%C3%B3n%20de%20la%20Red%20Asistencial%20Aysenina&#038;url=https:\/\/radiorevelacionfm.cl\/?p=20711' aria-hidden='false' data-av_icon='\ue8fc' data-av_iconfont='entypo-fontello' title='' data-avia-related-tooltip='Compartir en LinkedIn' rel=\"noopener\"><span class='avia_hidden_link_text'>Compartir en LinkedIn<\/span><\/a><\/li><li class='av-share-link av-social-link-mail' ><a  aria-label=\"Compartir por correo\" href='mailto:?subject=Salud%20Ays%C3%A9n%3A%20Lanzan%20nueva%20aplicaci%C3%B3n%20m%C3%B3vil%20con%20informaci%C3%B3n%20de%20la%20Red%20Asistencial%20Aysenina&#038;body=https:\/\/radiorevelacionfm.cl\/?p=20711' aria-hidden='false' data-av_icon='\ue805' data-av_iconfont='entypo-fontello' title='' data-avia-related-tooltip='Compartir por correo'><span class='avia_hidden_link_text'>Compartir por correo<\/span><\/a><\/li><\/ul><\/div><\/div>\n<div  style='height:50px' class='hr hr-invisible   avia-builder-el-8  el_after_av_social_share  el_before_av_comments_list '><span class='hr-inner ' ><span class='hr-inner-style'><\/span><\/span><\/div>\n<div  class='av-buildercomment  av-blog-meta-html-info-disabled av-blog-meta-tag-disabled  '><\/div>\n","protected":false},"excerpt":{"rendered":"","protected":false},"author":1,"featured_media":20712,"comment_status":"open","ping_status":"open","sticky":false,"template":"","format":"standard","meta":{"footnotes":""},"categories":[46],"tags":[],"class_list":["post-20711","post","type-post","status-publish","format-standard","has-post-thumbnail","hentry","category-salud"],"jetpack_featured_media_url":"https:\/\/radiorevelacionfm.cl\/wp-content\/uploads\/2022\/08\/app-03-1_optimized.jpeg","_links":{"self":[{"href":"https:\/\/radiorevelacionfm.cl\/index.php?rest_route=\/wp\/v2\/posts\/20711","targetHints":{"allow":["GET"]}}],"collection":[{"href":"https:\/\/radiorevelacionfm.cl\/index.php?rest_route=\/wp\/v2\/posts"}],"about":[{"href":"https:\/\/radiorevelacionfm.cl\/index.php?rest_route=\/wp\/v2\/types\/post"}],"author":[{"embeddable":true,"href":"https:\/\/radiorevelacionfm.cl\/index.php?rest_route=\/wp\/v2\/users\/1"}],"replies":[{"embeddable":true,"href":"https:\/\/radiorevelacionfm.cl\/index.php?rest_route=%2Fwp%2Fv2%2Fcomments&post=20711"}],"version-history":[{"count":2,"href":"https:\/\/radiorevelacionfm.cl\/index.php?rest_route=\/wp\/v2\/posts\/20711\/revisions"}],"predecessor-version":[{"id":20741,"href":"https:\/\/radiorevelacionfm.cl\/index.php?rest_route=\/wp\/v2\/posts\/20711\/revisions\/20741"}],"wp:featuredmedia":[{"embeddable":true,"href":"https:\/\/radiorevelacionfm.cl\/index.php?rest_route=\/wp\/v2\/media\/20712"}],"wp:attachment":[{"href":"https:\/\/radiorevelacionfm.cl\/index.php?rest_route=%2Fwp%2Fv2%2Fmedia&parent=20711"}],"wp:term":[{"taxonomy":"category","embeddable":true,"href":"https:\/\/radiorevelacionfm.cl\/index.php?rest_route=%2Fwp%2Fv2%2Fcategories&post=20711"},{"taxonomy":"post_tag","embeddable":true,"href":"https:\/\/radiorevelacionfm.cl\/index.php?rest_route=%2Fwp%2Fv2%2Ftags&post=20711"}],"curies":[{"name":"wp","href":"https:\/\/api.w.org\/{rel}","templated":true}]}}