{"id":20706,"date":"2022-08-19T10:39:21","date_gmt":"2022-08-19T13:39:21","guid":{"rendered":"https:\/\/radiorevelacionfm.cl\/?p=20706"},"modified":"2022-08-19T10:39:21","modified_gmt":"2022-08-19T13:39:21","slug":"injuv-y-senda-dialogan-sobre-el-impacto-del-consumo-de-drogas-con-jovenes-del-liceo-san-felipe-benicio","status":"publish","type":"post","link":"https:\/\/radiorevelacionfm.cl\/?p=20706","title":{"rendered":"Injuv y Senda dialogan sobre el impacto del consumo de drogas con j\u00f3venes del Liceo San Felipe Benicio"},"content":{"rendered":"<div class=\"flex_column av_one_full  flex_column_div av-zero-column-padding first  avia-builder-el-0  el_before_av_one_full  avia-builder-el-first  \" style='border-radius:0px; '><div  class='avia-image-container  av-styling-    avia-builder-el-1  avia-builder-el-no-sibling  avia-align-center '  itemprop=\"image\" itemscope=\"itemscope\" itemtype=\"https:\/\/schema.org\/ImageObject\"  ><div class='avia-image-container-inner'><div class='avia-image-overlay-wrap'><img decoding=\"async\" class='wp-image-20707 avia-img-lazy-loading-not-20707 avia_image' src=\"https:\/\/radiorevelacionfm.cl\/wp-content\/uploads\/2022\/08\/foto-1-20-1_optimized-1.jpg\" alt='' title='foto-1-(20)-(1)_optimized (1)' height=\"600\" width=\"915\"  itemprop=\"thumbnailUrl\" srcset=\"https:\/\/radiorevelacionfm.cl\/wp-content\/uploads\/2022\/08\/foto-1-20-1_optimized-1.jpg 915w, https:\/\/radiorevelacionfm.cl\/wp-content\/uploads\/2022\/08\/foto-1-20-1_optimized-1-300x197.jpg 300w, https:\/\/radiorevelacionfm.cl\/wp-content\/uploads\/2022\/08\/foto-1-20-1_optimized-1-768x504.jpg 768w, https:\/\/radiorevelacionfm.cl\/wp-content\/uploads\/2022\/08\/foto-1-20-1_optimized-1-705x462.jpg 705w, https:\/\/radiorevelacionfm.cl\/wp-content\/uploads\/2022\/08\/foto-1-20-1_optimized-1-600x393.jpg 600w\" sizes=\"(max-width: 915px) 100vw, 915px\" \/><\/div><\/div><\/div><\/div><div class=\"flex_column av_one_full  flex_column_div av-zero-column-padding first  avia-builder-el-2  el_after_av_one_full  el_before_av_one_full  column-top-margin\" style='border-radius:0px; '><section class=\"av_textblock_section \"  itemscope=\"itemscope\" itemtype=\"https:\/\/schema.org\/BlogPosting\" itemprop=\"blogPost\" ><div class='avia_textblock  '   itemprop=\"text\" ><p style=\"text-align: center;\"><strong><span style=\"font-size: 18pt;\">Injuv y Senda dialogan sobre el impacto del consumo de drogas con j\u00f3venes del Liceo San Felipe Benicio<\/span><\/strong><\/p>\n<div id=\"gtx-trans\" style=\"position: absolute; left: -50px; top: 4.31534px;\">\n<div class=\"gtx-trans-icon\"><\/div>\n<\/div>\n<\/div><\/section><\/div><div class=\"flex_column av_one_full  flex_column_div av-zero-column-padding first  avia-builder-el-4  el_after_av_one_full  el_before_av_hr  column-top-margin\" style='border-radius:0px; '><section class=\"av_textblock_section \"  itemscope=\"itemscope\" itemtype=\"https:\/\/schema.org\/BlogPosting\" itemprop=\"blogPost\" ><div class='avia_textblock  '   itemprop=\"text\" ><p style=\"text-align: justify;\">Con el objetivo de sensibilizar y aumentar la percepci\u00f3n de riesgo frente al consumo de drogas y alcohol y as\u00ed desarrollar en las y los j\u00f3venes una actitud cr\u00edtica e informada frente al consumo, el Instituto Nacional de la Juventud (INJUV) junto al Servicio Nacional para la Prevenci\u00f3n y Rehabilitaci\u00f3n del Consumo de Drogas y Alcohol (SENDA), llev\u00f3 a cabo una activaci\u00f3n regional correspondiente al programa Hablemos de Todo.<\/p>\n<p style=\"text-align: justify;\">El encuentro se realiz\u00f3 en la biblioteca del Liceo San Felipe Benicio y conto con la participaci\u00f3n de j\u00f3venes de diferentes cursos quienes realizaron distintas actividades en torno a la tem\u00e1tica abordada en la oportunidad.<\/p>\n<p style=\"text-align: justify;\">Seg\u00fan antecedentes aportados por Senda Ays\u00e9n, el consumo principal de los j\u00f3venes en la regi\u00f3n se centra en la marihuana y el alcohol, a ra\u00edz de esta problem\u00e1tica durante el encuentro los j\u00f3venes tambi\u00e9n reflexionaron en torno al cuidado del cerebro, tomando conciencia sobre el desarrollo del sistema nervioso durante la adolescencia y c\u00f3mo el consumo de drogas y alcohol puede alterarlo.<\/p>\n<p style=\"text-align: justify;\">En la oportunidad tambi\u00e9n se inform\u00f3 a las y los presentes sobre el programa de INJUV Hablemos de Todo, iniciativa que ofrece herramientas confiables de autocuidado y bienestar para brindar asistencia, contenci\u00f3n y orientaciones libres de estigmatizaci\u00f3n sobre tem\u00e1ticas asociadas a las conductas de autocuidado, iniciativas p\u00fablicas disponibles, marcos normativos vigentes y derechos.<\/p>\n<p style=\"text-align: justify;\">\u201cSe ha realizado un espacio de conversaci\u00f3n entre estudiantes del Liceo San Felipe, Senda e INJUV, un espacio de conversaci\u00f3n que da cuenta de las acciones para poder prevenir el consumo abusivo del alcohol y drogas y donde da cuenta de los da\u00f1os que provoca, no solamente en el ahora, si no que en el futuro a todos los adolescentes que consumen y abusan de estas sustancias. Lo bueno es que adem\u00e1s se le coment\u00f3 a los j\u00f3venes sobre la plataforma que tiene INJUV, que es Hablemosdetodo.gob.cl, una plataforma que permite escuchar a los j\u00f3venes desde todos los \u00e1mbitos de situaciones que los aquejan, salud mental es una de las \u00e1reas que debemos abordar y a las y los j\u00f3venes debemos darle espacio, conversar, dialogar, que alguien los escuche y los oriente en materias tan sensibles como son estas \u00e1reas que les hemos comentado, as\u00ed que invitamos a todos las y los que puedan participar, que se sumen a esta p\u00e1gina Hablemosdetodo.gob.cl, ir a la oficinas de INJUV que est\u00e1n ubicadas en Manuel Rodr\u00edguez #239 o que puedan ingresar a las redes sociales del servicio, hagan las consultas que quieran, Hablemos de Todo es una plataforma que va a dar respuestas en la materia a cada uno de los j\u00f3venes que lo requiera\u201d, explic\u00f3 la Seremi de Desarrollo Social y Familia, Karina Acevedo Auad.<\/p>\n<p style=\"text-align: justify;\">\u201cEstamos conscientes de que hoy m\u00e1s que nunca debemos trabajar por mejorar la salud mental los nuestros j\u00f3venes, quienes se han visto muy afectados por la pandemia. Muchos de ellos est\u00e1n atravesando por un momento de vulnerabilidad y queremos ayudarlos, estableciendo canales de informaci\u00f3n que se adapten a su lenguaje, gui\u00e1ndolos para que adopten h\u00e1bitos de autocuidado e incentiv\u00e1ndolos a que los promuevan entre sus pares. Es por ello que estamos realizando este tipo de actividades y que seguiremos realizando en distintos establecimientos educacionales de nuestra regi\u00f3n\u201d, sostuvo la directora regional (s) de INJUV Ays\u00e9n, G\u00e9nesis Arias Fuentes.<\/p>\n<p style=\"text-align: justify;\">En la misma l\u00ednea indic\u00f3 que \u201cinvitamos a toda la comunidad juvenil regional a informarse a trav\u00e9s de nuestras redes sociales; Fan Page, Instagram y Twitter @injuvaysen sobre las distintas actividades que est\u00e1 realizando el servicio enfocadas en la salud mental, ah\u00ed podr\u00e1n encontrar orientaci\u00f3n, apoyo y contenci\u00f3n\u201d, concluy\u00f3 la directora regional (s) de INJUV Ays\u00e9n.<\/p>\n<p style=\"text-align: justify;\">Por su parte el director regional (s) de Senda Ays\u00e9n, Carlos Jara Neguel, mencion\u00f3: \u201ces importante propiciar el di\u00e1logo con los y las adolescentes, en todo nivel, ya sea en el \u00e1mbito educacional, como familiar, en esta instancia pudimos conversar sobre efectos de las drogas en el desarrollo del cerebro y adem\u00e1s, se logr\u00f3 complementar la sesi\u00f3n, con un taller enfocado en las acciones que los j\u00f3venes vinculan en torno al bienestar, logrando una participaci\u00f3n activa de parte de ellos y ellas\u201d<\/p>\n<p style=\"text-align: justify;\">Ariel Ortega, joven estudiante, agradeci\u00f3 la instancia y se\u00f1al\u00f3 que \u201cla actividad me gust\u00f3 mucho, fue entretenida y s\u00faper did\u00e1ctica, es muy buena para aquellos j\u00f3venes que no tiene mucha informaci\u00f3n sobre las drogas o que no saben cu\u00e1les son sus efectos, me gustar\u00eda que la pudieran repetir a m\u00e1s j\u00f3venes para que as\u00ed todos tengan la oportunidad de aprender y tambi\u00e9n que se realice en otros establecimientos educacionales de la regi\u00f3n\u201d.<\/p>\n<p style=\"text-align: justify;\">En tanto Natalia Riquelme, joven participante afirm\u00f3 que \u201cencontr\u00e9 bastante interactiva la actividad y deber\u00edan hacerlas m\u00e1s seguido, ojal\u00e1 que INJUV y SENDA sigan realizando este tipo de actividades, incluso con m\u00e1s frecuencia porque siento que este tipo de encuentros nos hacen faltan\u201d.<\/p>\n<p style=\"text-align: justify;\">INJUV tiene un sitio web donde las y los j\u00f3venes pueden acceder de forma gratuita a atenci\u00f3n psicol\u00f3gica, esto se realiza a trav\u00e9s de un chat que es atendido por profesionales del \u00e1rea, la plataforma aborda diferentes tem\u00e1ticas que aquejan a las y los j\u00f3venes como VIH e ITS, embarazo adolescente, ciberacoso, ansiedad, depresi\u00f3n, ETS, VIH y m\u00e1s. \u00bfLa clave? Hablar de todo eso sin prejuicios ni tab\u00faes. Los profesionales atienden las consultas y se encuentran operativos de lunes a viernes entre las 11:00 AM y 20:00 PM.<\/p>\n<p style=\"text-align: justify;\">Las y los j\u00f3venes interesados en obtener informaci\u00f3n referente a los diversos temas mencionados anteriormente pueden acceder a trav\u00e9s del siguiente link: <a href=\"http:\/\/hablemosdetodo.injuv.gob.cl\">http:\/\/hablemosdetodo.injuv.gob.cl<\/a> , escribirnos a nuestras redes sociales,\u00a0 Fan Page, Instagram y Twitter @injuvaysen\u00a0o visitarnos presencialmente en la Direcci\u00f3n Regional de INJUV Ays\u00e9n, ubicada en Manuel Rodr\u00edguez #239, Coyhaique, de lunes a viernes durante las ma\u00f1anas de 08:00 a 13:00 horas y en la tardes de 14:00 a 17:00 horas, viernes hasta las 16:00 horas.<\/p>\n<\/div><\/section><\/div><div  style='height:50px' class='hr hr-invisible   avia-builder-el-6  el_after_av_one_full  el_before_av_social_share '><span class='hr-inner ' ><span class='hr-inner-style'><\/span><\/span><\/div><\/p>\n<div  class='av-social-sharing-box  avia-builder-el-7  el_after_av_hr  el_before_av_hr  '><div class='av-share-box'><h5 class='av-share-link-description av-no-toc '>Compartir esta noticia<\/h5><ul class='av-share-box-list noLightbox'><li class='av-share-link av-social-link-facebook' ><a target=\"_blank\" aria-label=\"Compartir en Facebook\" href='https:\/\/www.facebook.com\/sharer.php?u=https:\/\/radiorevelacionfm.cl\/?p=20706&#038;t=Injuv%20y%20Senda%20dialogan%20sobre%20el%20impacto%20del%20consumo%20de%20drogas%20con%20j%C3%B3venes%20del%20Liceo%20San%20Felipe%20Benicio' aria-hidden='false' data-av_icon='\ue8f3' data-av_iconfont='entypo-fontello' title='' data-avia-related-tooltip='Compartir en Facebook' rel=\"noopener\"><span class='avia_hidden_link_text'>Compartir en Facebook<\/span><\/a><\/li><li class='av-share-link av-social-link-twitter' ><a target=\"_blank\" aria-label=\"Compartir en Twitter\" href='https:\/\/twitter.com\/share?text=Injuv%20y%20Senda%20dialogan%20sobre%20el%20impacto%20del%20consumo%20de%20drogas%20con%20j%C3%B3venes%20del%20Liceo%20San%20Felipe%20Benicio&#038;url=https:\/\/radiorevelacionfm.cl\/?p=20706' aria-hidden='false' data-av_icon='\ue8f1' data-av_iconfont='entypo-fontello' title='' data-avia-related-tooltip='Compartir en Twitter' rel=\"noopener\"><span class='avia_hidden_link_text'>Compartir en Twitter<\/span><\/a><\/li><li class='av-share-link av-social-link-whatsapp' ><a target=\"_blank\" aria-label=\"Compartir en Whatsapp\" href='https:\/\/api.whatsapp.com\/send?text=https:\/\/radiorevelacionfm.cl\/?p=20706' aria-hidden='false' data-av_icon='\uf232' data-av_iconfont='entypo-fontello' title='' data-avia-related-tooltip='Compartir en Whatsapp' rel=\"noopener\"><span class='avia_hidden_link_text'>Compartir en Whatsapp<\/span><\/a><\/li><li class='av-share-link av-social-link-linkedin' ><a target=\"_blank\" aria-label=\"Compartir en LinkedIn\" href='https:\/\/linkedin.com\/shareArticle?mini=true&#038;title=Injuv%20y%20Senda%20dialogan%20sobre%20el%20impacto%20del%20consumo%20de%20drogas%20con%20j%C3%B3venes%20del%20Liceo%20San%20Felipe%20Benicio&#038;url=https:\/\/radiorevelacionfm.cl\/?p=20706' aria-hidden='false' data-av_icon='\ue8fc' data-av_iconfont='entypo-fontello' title='' data-avia-related-tooltip='Compartir en LinkedIn' rel=\"noopener\"><span class='avia_hidden_link_text'>Compartir en LinkedIn<\/span><\/a><\/li><li class='av-share-link av-social-link-mail' ><a  aria-label=\"Compartir por correo\" href='mailto:?subject=Injuv%20y%20Senda%20dialogan%20sobre%20el%20impacto%20del%20consumo%20de%20drogas%20con%20j%C3%B3venes%20del%20Liceo%20San%20Felipe%20Benicio&#038;body=https:\/\/radiorevelacionfm.cl\/?p=20706' aria-hidden='false' data-av_icon='\ue805' data-av_iconfont='entypo-fontello' title='' data-avia-related-tooltip='Compartir por correo'><span class='avia_hidden_link_text'>Compartir por correo<\/span><\/a><\/li><\/ul><\/div><\/div>\n<div  style='height:50px' class='hr hr-invisible   avia-builder-el-8  el_after_av_social_share  el_before_av_comments_list '><span class='hr-inner ' ><span class='hr-inner-style'><\/span><\/span><\/div>\n<div  class='av-buildercomment  av-blog-meta-html-info-disabled av-blog-meta-tag-disabled  '><\/div>\n","protected":false},"excerpt":{"rendered":"","protected":false},"author":1,"featured_media":20707,"comment_status":"open","ping_status":"open","sticky":false,"template":"","format":"standard","meta":{"footnotes":""},"categories":[38],"tags":[],"class_list":["post-20706","post","type-post","status-publish","format-standard","has-post-thumbnail","hentry","category-regional"],"jetpack_featured_media_url":"https:\/\/radiorevelacionfm.cl\/wp-content\/uploads\/2022\/08\/foto-1-20-1_optimized-1.jpg","_links":{"self":[{"href":"https:\/\/radiorevelacionfm.cl\/index.php?rest_route=\/wp\/v2\/posts\/20706","targetHints":{"allow":["GET"]}}],"collection":[{"href":"https:\/\/radiorevelacionfm.cl\/index.php?rest_route=\/wp\/v2\/posts"}],"about":[{"href":"https:\/\/radiorevelacionfm.cl\/index.php?rest_route=\/wp\/v2\/types\/post"}],"author":[{"embeddable":true,"href":"https:\/\/radiorevelacionfm.cl\/index.php?rest_route=\/wp\/v2\/users\/1"}],"replies":[{"embeddable":true,"href":"https:\/\/radiorevelacionfm.cl\/index.php?rest_route=%2Fwp%2Fv2%2Fcomments&post=20706"}],"version-history":[{"count":2,"href":"https:\/\/radiorevelacionfm.cl\/index.php?rest_route=\/wp\/v2\/posts\/20706\/revisions"}],"predecessor-version":[{"id":20730,"href":"https:\/\/radiorevelacionfm.cl\/index.php?rest_route=\/wp\/v2\/posts\/20706\/revisions\/20730"}],"wp:featuredmedia":[{"embeddable":true,"href":"https:\/\/radiorevelacionfm.cl\/index.php?rest_route=\/wp\/v2\/media\/20707"}],"wp:attachment":[{"href":"https:\/\/radiorevelacionfm.cl\/index.php?rest_route=%2Fwp%2Fv2%2Fmedia&parent=20706"}],"wp:term":[{"taxonomy":"category","embeddable":true,"href":"https:\/\/radiorevelacionfm.cl\/index.php?rest_route=%2Fwp%2Fv2%2Fcategories&post=20706"},{"taxonomy":"post_tag","embeddable":true,"href":"https:\/\/radiorevelacionfm.cl\/index.php?rest_route=%2Fwp%2Fv2%2Ftags&post=20706"}],"curies":[{"name":"wp","href":"https:\/\/api.w.org\/{rel}","templated":true}]}}