{"id":20703,"date":"2022-08-19T11:17:30","date_gmt":"2022-08-19T14:17:30","guid":{"rendered":"https:\/\/radiorevelacionfm.cl\/?p=20703"},"modified":"2022-08-19T11:17:30","modified_gmt":"2022-08-19T14:17:30","slug":"realizan-entrega-de-pizarras-de-las-emociones-a-educadoras-de-establecimientos-municipales","status":"publish","type":"post","link":"https:\/\/radiorevelacionfm.cl\/?p=20703","title":{"rendered":"Realizan entrega de \u201cPizarras de las Emociones\u201d a Educadoras de Establecimientos Municipales"},"content":{"rendered":"<div class=\"flex_column av_one_full  flex_column_div av-zero-column-padding first  avia-builder-el-0  el_before_av_one_full  avia-builder-el-first  \" style='border-radius:0px; '><div  class='avia-image-container  av-styling-    avia-builder-el-1  avia-builder-el-no-sibling  avia-align-center '  itemprop=\"image\" itemscope=\"itemscope\" itemtype=\"https:\/\/schema.org\/ImageObject\"  ><div class='avia-image-container-inner'><div class='avia-image-overlay-wrap'><img decoding=\"async\" class='wp-image-20704 avia-img-lazy-loading-not-20704 avia_image' src=\"https:\/\/radiorevelacionfm.cl\/wp-content\/uploads\/2022\/08\/4-66-1-1.jpg\" alt='' title='4 (66) (1) (1)' height=\"600\" width=\"800\"  itemprop=\"thumbnailUrl\" srcset=\"https:\/\/radiorevelacionfm.cl\/wp-content\/uploads\/2022\/08\/4-66-1-1.jpg 800w, https:\/\/radiorevelacionfm.cl\/wp-content\/uploads\/2022\/08\/4-66-1-1-300x225.jpg 300w, https:\/\/radiorevelacionfm.cl\/wp-content\/uploads\/2022\/08\/4-66-1-1-768x576.jpg 768w, https:\/\/radiorevelacionfm.cl\/wp-content\/uploads\/2022\/08\/4-66-1-1-705x529.jpg 705w, https:\/\/radiorevelacionfm.cl\/wp-content\/uploads\/2022\/08\/4-66-1-1-600x450.jpg 600w\" sizes=\"(max-width: 800px) 100vw, 800px\" \/><\/div><\/div><\/div><\/div><div class=\"flex_column av_one_full  flex_column_div av-zero-column-padding first  avia-builder-el-2  el_after_av_one_full  el_before_av_one_full  column-top-margin\" style='border-radius:0px; '><section class=\"av_textblock_section \"  itemscope=\"itemscope\" itemtype=\"https:\/\/schema.org\/BlogPosting\" itemprop=\"blogPost\" ><div class='avia_textblock  '   itemprop=\"text\" ><p style=\"text-align: center;\"><span style=\"font-size: 18pt;\"><strong>Realizan entrega de \u201cPizarras de las Emociones\u201d a Educadoras de Establecimientos Municipales<\/strong><\/span><\/p>\n<div id=\"gtx-trans\" style=\"position: absolute; left: -50px; top: 4.31534px;\">\n<div class=\"gtx-trans-icon\"><\/div>\n<\/div>\n<\/div><\/section><\/div><div class=\"flex_column av_one_full  flex_column_div av-zero-column-padding first  avia-builder-el-4  el_after_av_one_full  el_before_av_hr  column-top-margin\" style='border-radius:0px; '><section class=\"av_textblock_section \"  itemscope=\"itemscope\" itemtype=\"https:\/\/schema.org\/BlogPosting\" itemprop=\"blogPost\" ><div class='avia_textblock  '   itemprop=\"text\" ><p style=\"text-align: justify;\">Con el objetivo de reconocer el estado de las emociones de los ni\u00f1os y ni\u00f1as en el aula, la Seremi de Desarrollo Social y Familia Karina Acevedo, Educaci\u00f3n, Isabel Garrido y el Director Regional de Junaeb, Cristian Magne, hicieron entrega de 6 pizarras de las emociones a las educadoras del establecimiento: Liceo T\u00e9cnico Profesional Profesor Ricardo Navarrete. Durante la ceremonia tambi\u00e9n participaron los ni\u00f1os y ni\u00f1as de los niveles de transici\u00f3n 1 y 2 quienes har\u00e1n uso de este material l\u00fadico educativo.<\/p>\n<p style=\"text-align: justify;\">\u201cC\u00f3mo estamos hoy\u201d, es el nombre de la pizarra del Subsistema de Protecci\u00f3n a la Infancia Chile Crece Contigo del Ministerio de Desarrollo Social y Familia, que utilizar\u00e1n los ni\u00f1os y ni\u00f1as de establecimientos municipales, que se encuentren ejecutando el programa Habilidades para la Vida de Junaeb. Seg\u00fan explic\u00f3 Karina Acevedo, se distribuir\u00e1n 50 pizarras entre las comunas de Coyhaique, Cochrane y Ays\u00e9n, en las que se desarrolla la iniciativa perteneciente a Junaeb; y que tiene la finalidad de apoyar los procesos de aprendizaje integral y bienestar de los ni\u00f1os y ni\u00f1as, as\u00ed como tambi\u00e9n de los equipos educativos.<\/p>\n<p style=\"text-align: justify;\">La Seremi de Desarrollo Social y Familia destac\u00f3 el trabajo colaborativo e intersectorial. \u201cEstamos contentos de poner en pr\u00e1ctica este trabajo intersectorial que estamos realizando con Educaci\u00f3n, Junaeb y otros Ministerios para dar cumplimiento a lo que nos ha pedido la Subsecretaria de Ni\u00f1ez, y fortalecer, sobre todo, a trav\u00e9s de este programa Habilidades para la Vida, el trabajo con las emociones de los ni\u00f1os y ni\u00f1as del primer nivel. Este tablero les va a permitir conectarse con los ni\u00f1os para detectar cu\u00e1les son las emociones, para que ellos puedan identificarlas y para tratar de gestionar las emociones. Creo que el trabajo de poder conocer, de mirar a los ni\u00f1os en sus emociones y poder gestionarlas, va a ser un paso importante para el futuro pre adolescente y un futuro adulto\u201d, se\u00f1al\u00f3.<\/p>\n<p style=\"text-align: justify;\">En tanto la Seremi de Educaci\u00f3n, se refiri\u00f3 a la importancia de la salud mental de los estudiantes y a la importancia del programa ejecutado por Junaeb. \u201cEl programa Habilidades para la Vida donde se enmarca la entrega de estos tableros, fue anunciado por el Presidente, en la cuenta p\u00fablica. Nos parece muy importante el desarrollo de habilidades socioemocionales, y la salud mental en los ni\u00f1os y ni\u00f1as; porque si hay algo que demostr\u00f3 la pandemia, es que sin bienestar socio emocional, dif\u00edcilmente se va a producir el aprendizaje. La pol\u00edtica de reactivaci\u00f3n educativa, busca fortalecer el programa de Habilidad es para la vida, saludamos esta iniciativa y esperamos que la comunidad educativa le de el mayor provecho\u201d.<\/p>\n<p style=\"text-align: justify;\">Cada pizarra cuenta con un tablero magn\u00e9tico, 14 fichas de las emociones m\u00e1s frecuentes: alegre, rabia, calma, verg\u00fcenza, entre otras. 50 fichas magn\u00e9ticas triangulares para que cada ni\u00f1o, ni\u00f1a o adulto se ubique en el tablero.<\/p>\n<p style=\"text-align: justify;\">Finalmente, la Educadora de P\u00e1rvulos quien har\u00e1 uso del material l\u00fadico con sus alumnos, Eliana Ortega, manifest\u00f3 su agradecimiento. \u201cQuiero agradecer la entrega de este material, que viene a entregar, un refuerzo a todo el trabajo que se realiza en los niveles de transici\u00f3n 1 y 2. Junto con la pandemia, nosotros en casa trabajamos las emociones con las familias; y estamos prestos a trabajar este tablero de las emociones con los ni\u00f1os y las ni\u00f1as, al comienzo de nuestra jornada y al finalizar la jornada. Comenzando con los niveles de transici\u00f3n 1 y 2, primero, segundo, tercero y cuarto b\u00e1sico\u201d.<\/p>\n<\/div><\/section><\/div><div  style='height:50px' class='hr hr-invisible   avia-builder-el-6  el_after_av_one_full  el_before_av_social_share '><span class='hr-inner ' ><span class='hr-inner-style'><\/span><\/span><\/div><\/p>\n<div  class='av-social-sharing-box  avia-builder-el-7  el_after_av_hr  el_before_av_hr  '><div class='av-share-box'><h5 class='av-share-link-description av-no-toc '>Compartir esta noticia<\/h5><ul class='av-share-box-list noLightbox'><li class='av-share-link av-social-link-facebook' ><a target=\"_blank\" aria-label=\"Compartir en Facebook\" href='https:\/\/www.facebook.com\/sharer.php?u=https:\/\/radiorevelacionfm.cl\/?p=20703&#038;t=Realizan%20entrega%20de%20%E2%80%9CPizarras%20de%20las%20Emociones%E2%80%9D%20a%20Educadoras%20de%20Establecimientos%20Municipales' aria-hidden='false' data-av_icon='\ue8f3' data-av_iconfont='entypo-fontello' title='' data-avia-related-tooltip='Compartir en Facebook' rel=\"noopener\"><span class='avia_hidden_link_text'>Compartir en Facebook<\/span><\/a><\/li><li class='av-share-link av-social-link-twitter' ><a target=\"_blank\" aria-label=\"Compartir en Twitter\" href='https:\/\/twitter.com\/share?text=Realizan%20entrega%20de%20%E2%80%9CPizarras%20de%20las%20Emociones%E2%80%9D%20a%20Educadoras%20de%20Establecimientos%20Municipales&#038;url=https:\/\/radiorevelacionfm.cl\/?p=20703' aria-hidden='false' data-av_icon='\ue8f1' data-av_iconfont='entypo-fontello' title='' data-avia-related-tooltip='Compartir en Twitter' rel=\"noopener\"><span class='avia_hidden_link_text'>Compartir en Twitter<\/span><\/a><\/li><li class='av-share-link av-social-link-whatsapp' ><a target=\"_blank\" aria-label=\"Compartir en Whatsapp\" href='https:\/\/api.whatsapp.com\/send?text=https:\/\/radiorevelacionfm.cl\/?p=20703' aria-hidden='false' data-av_icon='\uf232' data-av_iconfont='entypo-fontello' title='' data-avia-related-tooltip='Compartir en Whatsapp' rel=\"noopener\"><span class='avia_hidden_link_text'>Compartir en Whatsapp<\/span><\/a><\/li><li class='av-share-link av-social-link-linkedin' ><a target=\"_blank\" aria-label=\"Compartir en LinkedIn\" href='https:\/\/linkedin.com\/shareArticle?mini=true&#038;title=Realizan%20entrega%20de%20%E2%80%9CPizarras%20de%20las%20Emociones%E2%80%9D%20a%20Educadoras%20de%20Establecimientos%20Municipales&#038;url=https:\/\/radiorevelacionfm.cl\/?p=20703' aria-hidden='false' data-av_icon='\ue8fc' data-av_iconfont='entypo-fontello' title='' data-avia-related-tooltip='Compartir en LinkedIn' rel=\"noopener\"><span class='avia_hidden_link_text'>Compartir en LinkedIn<\/span><\/a><\/li><li class='av-share-link av-social-link-mail' ><a  aria-label=\"Compartir por correo\" href='mailto:?subject=Realizan%20entrega%20de%20%E2%80%9CPizarras%20de%20las%20Emociones%E2%80%9D%20a%20Educadoras%20de%20Establecimientos%20Municipales&#038;body=https:\/\/radiorevelacionfm.cl\/?p=20703' aria-hidden='false' data-av_icon='\ue805' data-av_iconfont='entypo-fontello' title='' data-avia-related-tooltip='Compartir por correo'><span class='avia_hidden_link_text'>Compartir por correo<\/span><\/a><\/li><\/ul><\/div><\/div>\n<div  style='height:50px' class='hr hr-invisible   avia-builder-el-8  el_after_av_social_share  el_before_av_comments_list '><span class='hr-inner ' ><span class='hr-inner-style'><\/span><\/span><\/div>\n<div  class='av-buildercomment  av-blog-meta-html-info-disabled av-blog-meta-tag-disabled  '><\/div>\n","protected":false},"excerpt":{"rendered":"","protected":false},"author":1,"featured_media":20704,"comment_status":"open","ping_status":"open","sticky":false,"template":"","format":"standard","meta":{"footnotes":""},"categories":[38],"tags":[],"class_list":["post-20703","post","type-post","status-publish","format-standard","has-post-thumbnail","hentry","category-regional"],"jetpack_featured_media_url":"https:\/\/radiorevelacionfm.cl\/wp-content\/uploads\/2022\/08\/4-66-1-1.jpg","_links":{"self":[{"href":"https:\/\/radiorevelacionfm.cl\/index.php?rest_route=\/wp\/v2\/posts\/20703","targetHints":{"allow":["GET"]}}],"collection":[{"href":"https:\/\/radiorevelacionfm.cl\/index.php?rest_route=\/wp\/v2\/posts"}],"about":[{"href":"https:\/\/radiorevelacionfm.cl\/index.php?rest_route=\/wp\/v2\/types\/post"}],"author":[{"embeddable":true,"href":"https:\/\/radiorevelacionfm.cl\/index.php?rest_route=\/wp\/v2\/users\/1"}],"replies":[{"embeddable":true,"href":"https:\/\/radiorevelacionfm.cl\/index.php?rest_route=%2Fwp%2Fv2%2Fcomments&post=20703"}],"version-history":[{"count":2,"href":"https:\/\/radiorevelacionfm.cl\/index.php?rest_route=\/wp\/v2\/posts\/20703\/revisions"}],"predecessor-version":[{"id":20735,"href":"https:\/\/radiorevelacionfm.cl\/index.php?rest_route=\/wp\/v2\/posts\/20703\/revisions\/20735"}],"wp:featuredmedia":[{"embeddable":true,"href":"https:\/\/radiorevelacionfm.cl\/index.php?rest_route=\/wp\/v2\/media\/20704"}],"wp:attachment":[{"href":"https:\/\/radiorevelacionfm.cl\/index.php?rest_route=%2Fwp%2Fv2%2Fmedia&parent=20703"}],"wp:term":[{"taxonomy":"category","embeddable":true,"href":"https:\/\/radiorevelacionfm.cl\/index.php?rest_route=%2Fwp%2Fv2%2Fcategories&post=20703"},{"taxonomy":"post_tag","embeddable":true,"href":"https:\/\/radiorevelacionfm.cl\/index.php?rest_route=%2Fwp%2Fv2%2Ftags&post=20703"}],"curies":[{"name":"wp","href":"https:\/\/api.w.org\/{rel}","templated":true}]}}