{"id":20692,"date":"2022-08-18T19:40:03","date_gmt":"2022-08-18T22:40:03","guid":{"rendered":"https:\/\/radiorevelacionfm.cl\/?p=20692"},"modified":"2022-08-18T19:40:03","modified_gmt":"2022-08-18T22:40:03","slug":"todo-chile-vota-informado-voceria-aysen-entrego-propuesta-de-la-nueva-constitucion-en-braille","status":"publish","type":"post","link":"https:\/\/radiorevelacionfm.cl\/?p=20692","title":{"rendered":"\u00abTodo Chile Vota Informado\u00bb: Vocer\u00eda Ays\u00e9n entreg\u00f3 propuesta de la nueva Constituci\u00f3n en Braille"},"content":{"rendered":"<div class=\"flex_column av_one_full  flex_column_div av-zero-column-padding first  avia-builder-el-0  el_before_av_one_full  avia-builder-el-first  \" style='border-radius:0px; '><div  class='avia-image-container  av-styling-    avia-builder-el-1  avia-builder-el-no-sibling  avia-align-center '  itemprop=\"image\" itemscope=\"itemscope\" itemtype=\"https:\/\/schema.org\/ImageObject\"  ><div class='avia-image-container-inner'><div class='avia-image-overlay-wrap'><img decoding=\"async\" class='wp-image-20693 avia-img-lazy-loading-not-20693 avia_image' src=\"https:\/\/radiorevelacionfm.cl\/wp-content\/uploads\/2022\/08\/BRAILE-01-1-1.jpg\" alt='' title='BRAILE 01 (1) (1)' height=\"600\" width=\"900\"  itemprop=\"thumbnailUrl\" srcset=\"https:\/\/radiorevelacionfm.cl\/wp-content\/uploads\/2022\/08\/BRAILE-01-1-1.jpg 900w, https:\/\/radiorevelacionfm.cl\/wp-content\/uploads\/2022\/08\/BRAILE-01-1-1-300x200.jpg 300w, https:\/\/radiorevelacionfm.cl\/wp-content\/uploads\/2022\/08\/BRAILE-01-1-1-768x512.jpg 768w, https:\/\/radiorevelacionfm.cl\/wp-content\/uploads\/2022\/08\/BRAILE-01-1-1-705x470.jpg 705w, https:\/\/radiorevelacionfm.cl\/wp-content\/uploads\/2022\/08\/BRAILE-01-1-1-600x400.jpg 600w\" sizes=\"(max-width: 900px) 100vw, 900px\" \/><\/div><\/div><\/div><\/div><div class=\"flex_column av_one_full  flex_column_div av-zero-column-padding first  avia-builder-el-2  el_after_av_one_full  el_before_av_one_full  column-top-margin\" style='border-radius:0px; '><section class=\"av_textblock_section \"  itemscope=\"itemscope\" itemtype=\"https:\/\/schema.org\/BlogPosting\" itemprop=\"blogPost\" ><div class='avia_textblock  '   itemprop=\"text\" ><p style=\"text-align: center;\"><strong><span style=\"font-size: 18pt;\">\u00abTodo Chile Vota Informado\u00bb: Vocer\u00eda Ays\u00e9n entreg\u00f3 propuesta de la nueva Constituci\u00f3n en Braille<\/span><\/strong><\/p>\n<div id=\"gtx-trans\" style=\"position: absolute; left: -50px; top: 4.31534px;\">\n<div class=\"gtx-trans-icon\"><\/div>\n<\/div>\n<\/div><\/section><\/div><div class=\"flex_column av_one_full  flex_column_div av-zero-column-padding first  avia-builder-el-4  el_after_av_one_full  el_before_av_hr  column-top-margin\" style='border-radius:0px; '><section class=\"av_textblock_section \"  itemscope=\"itemscope\" itemtype=\"https:\/\/schema.org\/BlogPosting\" itemprop=\"blogPost\" ><div class='avia_textblock  '   itemprop=\"text\" ><p style=\"text-align: justify;\">Cumpliendo el mandato de la Contralor\u00eda General de la Rep\u00fablica, de informar a la comunidad sobre las elecciones del pr\u00f3ximo 4 de septiembre, la Seremi de Gobierno de Ays\u00e9n, Tatiana Pl\u00e1 \u00c1lvarez, entreg\u00f3 este viernes a la Agrupaci\u00f3n de Ciegos de la Patagonia (ACIPA) los primeros ejemplares de la propuesta de nueva Carta Fundamental en formato braille.<\/p>\n<p style=\"text-align: justify;\">La vocera explic\u00f3 que la iniciativa busca acercar la propuesta de forma inclusiva a personas con discapacidad visual, se\u00f1alando que: \u00abEn nuestra regi\u00f3n, al igual que en el resto del pa\u00eds, tenemos una comunidad de personas ciegas o que viven con cierto grado de discapacidad visual; entonces, cuando hablamos de garantizar el derecho a voto, \u00e9ste tiene que ser informado para todos y todas, y justamente nuestro gobierno est\u00e1 comprometido a que todos y todas tengan la posibilidad de informarse para optar libremente por la alternativa que prefieran\u00bb.<\/p>\n<p style=\"text-align: justify;\">\u00abEn este sentido, y como lo ha se\u00f1alado el Presidente Gabriel Boric, nosotros tenemos la convicci\u00f3n de que lo que hemos hecho, al repartir en la regi\u00f3n los ejemplares del proyecto de nueva Constituci\u00f3n, es justamente informar. Las dos opciones que tendremos el 4 de septiembre son leg\u00edtimas y, ese d\u00eda la gente tendr\u00e1 que decidir de manera informada estudiando el texto y sus contenidos, y ojal\u00e1 sin mentiras o fake news \u00ab, agreg\u00f3.<\/p>\n<p style=\"text-align: justify;\">La creaci\u00f3n de la propuesta en formato braille, es una colaboraci\u00f3n entre el gobierno, la UTEM (Universidad Tecnol\u00f3gica Metropolitana) y la Asociaci\u00f3n de Ciegos de Chile. En ese sentido, las dirigentas de\u00a0 ACIPA, Fabiola Trivi\u00f1o y Cristina Barrientos, agradecieron y valoraron la entrega de los vol\u00famenes con la propuesta, se\u00f1alando que lo pondr\u00e1n a disposici\u00f3n de sus asociados y las personas con baja o nula visi\u00f3n, en su sede de Coyhaique.<\/p>\n<p style=\"text-align: justify;\">\u00abEs muy bueno que hayan pasado esto al sistema Braille. Yo estoy muy contenta que el Gobierno nos est\u00e9 tomando en cuenta como personas ciegas. Si mal no recuerdo hace unos a\u00f1os fui la cara visible del primer voto en Braille en Coyhaique, y estoy muy agradecida de que el Gobierno nos tome en cuenta\u00bb, dijo Fabiola Trivi\u00f1o.<\/p>\n<p style=\"text-align: justify;\">\u00abEsto es una ayuda muy buena. Nosotros estamos en contacto con otras personas no videntes del pa\u00eds y nos conseguimos audios para escuchar la propuesta, pero nada mejor que tener los textos en Braille porque adem\u00e1s son documento hist\u00f3rico, independiente del resultado del 4 de septiembre\u00bb, agreg\u00f3 Cristina.<\/p>\n<p style=\"text-align: justify;\">Cabe agregar que en esta misma l\u00ednea, el gobierno lanz\u00f3 un perfil en la aplicaci\u00f3n Spotify donde se est\u00e1 subiendo la propuesta de nueva Constituci\u00f3n en formato audiolibro. Los primeros tres cap\u00edtulos de la propuesta, \u00abPrincipios y disposiciones generales\u00bb, \u00abDerechos Fundamentales y Garant\u00edas\u00bb (I y II) y \u00abNaturaleza y Medio Ambiente\u00bb, ya est\u00e1n disponibles en\u00a0<a href=\"https:\/\/open.spotify.com\/show\/4jeMZ7ECwbW0TnKV7NUOYC\" target=\"_blank\" rel=\"noopener noreferrer\">https:\/\/open.spotify.com\/show\/4jeMZ7ECwbW0TnKV7NUOYC<\/a>. En los pr\u00f3ximos d\u00edas se lanzar\u00e1 el resto de los cap\u00edtulos.<\/p>\n<p style=\"text-align: justify;\">\u00abNo puede ser que en nuestro pa\u00eds haya personas que no tengan la posibilidad o las herramientas para acceder a la lectura de este texto. Nosotros llevamos m\u00e1s de un mes y ya hemos distribuido m\u00e1s de 7 mil ejemplares para cumplir con nuestra obligaci\u00f3n, y ahora es labor de las organizaciones y de aquellos que las dirigen, de difundir esto y hacer llegar el texto de propuesta constitucional a la mayor cantidad posible de personas no videntes\u00bb, concluy\u00f3 Tatiana Pl\u00e1.\u00bb<\/p>\n<\/div><\/section><\/div><div  style='height:50px' class='hr hr-invisible   avia-builder-el-6  el_after_av_one_full  el_before_av_social_share '><span class='hr-inner ' ><span class='hr-inner-style'><\/span><\/span><\/div><\/p>\n<div  class='av-social-sharing-box  avia-builder-el-7  el_after_av_hr  el_before_av_hr  '><div class='av-share-box'><h5 class='av-share-link-description av-no-toc '>Compartir esta noticia<\/h5><ul class='av-share-box-list noLightbox'><li class='av-share-link av-social-link-facebook' ><a target=\"_blank\" aria-label=\"Compartir en Facebook\" href='https:\/\/www.facebook.com\/sharer.php?u=https:\/\/radiorevelacionfm.cl\/?p=20692&#038;t=%C2%ABTodo%20Chile%20Vota%20Informado%C2%BB%3A%20Vocer%C3%ADa%20Ays%C3%A9n%20entreg%C3%B3%20propuesta%20de%20la%20nueva%20Constituci%C3%B3n%20en%20Braille' aria-hidden='false' data-av_icon='\ue8f3' data-av_iconfont='entypo-fontello' title='' data-avia-related-tooltip='Compartir en Facebook' rel=\"noopener\"><span class='avia_hidden_link_text'>Compartir en Facebook<\/span><\/a><\/li><li class='av-share-link av-social-link-twitter' ><a target=\"_blank\" aria-label=\"Compartir en Twitter\" href='https:\/\/twitter.com\/share?text=%C2%ABTodo%20Chile%20Vota%20Informado%C2%BB%3A%20Vocer%C3%ADa%20Ays%C3%A9n%20entreg%C3%B3%20propuesta%20de%20la%20nueva%20Constituci%C3%B3n%20en%20Braille&#038;url=https:\/\/radiorevelacionfm.cl\/?p=20692' aria-hidden='false' data-av_icon='\ue8f1' data-av_iconfont='entypo-fontello' title='' data-avia-related-tooltip='Compartir en Twitter' rel=\"noopener\"><span class='avia_hidden_link_text'>Compartir en Twitter<\/span><\/a><\/li><li class='av-share-link av-social-link-whatsapp' ><a target=\"_blank\" aria-label=\"Compartir en Whatsapp\" href='https:\/\/api.whatsapp.com\/send?text=https:\/\/radiorevelacionfm.cl\/?p=20692' aria-hidden='false' data-av_icon='\uf232' data-av_iconfont='entypo-fontello' title='' data-avia-related-tooltip='Compartir en Whatsapp' rel=\"noopener\"><span class='avia_hidden_link_text'>Compartir en Whatsapp<\/span><\/a><\/li><li class='av-share-link av-social-link-linkedin' ><a target=\"_blank\" aria-label=\"Compartir en LinkedIn\" href='https:\/\/linkedin.com\/shareArticle?mini=true&#038;title=%C2%ABTodo%20Chile%20Vota%20Informado%C2%BB%3A%20Vocer%C3%ADa%20Ays%C3%A9n%20entreg%C3%B3%20propuesta%20de%20la%20nueva%20Constituci%C3%B3n%20en%20Braille&#038;url=https:\/\/radiorevelacionfm.cl\/?p=20692' aria-hidden='false' data-av_icon='\ue8fc' data-av_iconfont='entypo-fontello' title='' data-avia-related-tooltip='Compartir en LinkedIn' rel=\"noopener\"><span class='avia_hidden_link_text'>Compartir en LinkedIn<\/span><\/a><\/li><li class='av-share-link av-social-link-mail' ><a  aria-label=\"Compartir por correo\" href='mailto:?subject=%C2%ABTodo%20Chile%20Vota%20Informado%C2%BB%3A%20Vocer%C3%ADa%20Ays%C3%A9n%20entreg%C3%B3%20propuesta%20de%20la%20nueva%20Constituci%C3%B3n%20en%20Braille&#038;body=https:\/\/radiorevelacionfm.cl\/?p=20692' aria-hidden='false' data-av_icon='\ue805' data-av_iconfont='entypo-fontello' title='' data-avia-related-tooltip='Compartir por correo'><span class='avia_hidden_link_text'>Compartir por correo<\/span><\/a><\/li><\/ul><\/div><\/div>\n<div  style='height:50px' class='hr hr-invisible   avia-builder-el-8  el_after_av_social_share  el_before_av_comments_list '><span class='hr-inner ' ><span class='hr-inner-style'><\/span><\/span><\/div>\n<div  class='av-buildercomment  av-blog-meta-html-info-disabled av-blog-meta-tag-disabled  '><\/div>\n","protected":false},"excerpt":{"rendered":"","protected":false},"author":1,"featured_media":20693,"comment_status":"open","ping_status":"open","sticky":false,"template":"","format":"standard","meta":{"footnotes":""},"categories":[38],"tags":[],"class_list":["post-20692","post","type-post","status-publish","format-standard","has-post-thumbnail","hentry","category-regional"],"jetpack_featured_media_url":"https:\/\/radiorevelacionfm.cl\/wp-content\/uploads\/2022\/08\/BRAILE-01-1-1.jpg","_links":{"self":[{"href":"https:\/\/radiorevelacionfm.cl\/index.php?rest_route=\/wp\/v2\/posts\/20692","targetHints":{"allow":["GET"]}}],"collection":[{"href":"https:\/\/radiorevelacionfm.cl\/index.php?rest_route=\/wp\/v2\/posts"}],"about":[{"href":"https:\/\/radiorevelacionfm.cl\/index.php?rest_route=\/wp\/v2\/types\/post"}],"author":[{"embeddable":true,"href":"https:\/\/radiorevelacionfm.cl\/index.php?rest_route=\/wp\/v2\/users\/1"}],"replies":[{"embeddable":true,"href":"https:\/\/radiorevelacionfm.cl\/index.php?rest_route=%2Fwp%2Fv2%2Fcomments&post=20692"}],"version-history":[{"count":2,"href":"https:\/\/radiorevelacionfm.cl\/index.php?rest_route=\/wp\/v2\/posts\/20692\/revisions"}],"predecessor-version":[{"id":20710,"href":"https:\/\/radiorevelacionfm.cl\/index.php?rest_route=\/wp\/v2\/posts\/20692\/revisions\/20710"}],"wp:featuredmedia":[{"embeddable":true,"href":"https:\/\/radiorevelacionfm.cl\/index.php?rest_route=\/wp\/v2\/media\/20693"}],"wp:attachment":[{"href":"https:\/\/radiorevelacionfm.cl\/index.php?rest_route=%2Fwp%2Fv2%2Fmedia&parent=20692"}],"wp:term":[{"taxonomy":"category","embeddable":true,"href":"https:\/\/radiorevelacionfm.cl\/index.php?rest_route=%2Fwp%2Fv2%2Fcategories&post=20692"},{"taxonomy":"post_tag","embeddable":true,"href":"https:\/\/radiorevelacionfm.cl\/index.php?rest_route=%2Fwp%2Fv2%2Ftags&post=20692"}],"curies":[{"name":"wp","href":"https:\/\/api.w.org\/{rel}","templated":true}]}}