{"id":20686,"date":"2022-08-18T17:53:45","date_gmt":"2022-08-18T20:53:45","guid":{"rendered":"https:\/\/radiorevelacionfm.cl\/?p=20686"},"modified":"2022-08-18T17:53:45","modified_gmt":"2022-08-18T20:53:45","slug":"por-segundo-mes-consecutivo-se-realizara-apertura-de-agenda-medica-preferencial-en-el-hospital-regional-coyhaique","status":"publish","type":"post","link":"https:\/\/radiorevelacionfm.cl\/?p=20686","title":{"rendered":"Por segundo mes consecutivo se realizar\u00e1 apertura de Agenda M\u00e9dica Preferencial en el Hospital Regional Coyhaique"},"content":{"rendered":"<div class=\"flex_column av_one_full  flex_column_div av-zero-column-padding first  avia-builder-el-0  el_before_av_one_full  avia-builder-el-first  \" style='border-radius:0px; '><div  class='avia-image-container  av-styling-    avia-builder-el-1  avia-builder-el-no-sibling  avia-align-center '  itemprop=\"image\" itemscope=\"itemscope\" itemtype=\"https:\/\/schema.org\/ImageObject\"  ><div class='avia-image-container-inner'><div class='avia-image-overlay-wrap'><img decoding=\"async\" class='wp-image-20687 avia-img-lazy-loading-not-20687 avia_image' src=\"https:\/\/radiorevelacionfm.cl\/wp-content\/uploads\/2022\/08\/Hospital-Coyhaique_b-1-1.jpg\" alt='' title='Hospital Coyhaique_b (1) (1)' height=\"600\" width=\"800\"  itemprop=\"thumbnailUrl\" srcset=\"https:\/\/radiorevelacionfm.cl\/wp-content\/uploads\/2022\/08\/Hospital-Coyhaique_b-1-1.jpg 800w, https:\/\/radiorevelacionfm.cl\/wp-content\/uploads\/2022\/08\/Hospital-Coyhaique_b-1-1-300x225.jpg 300w, https:\/\/radiorevelacionfm.cl\/wp-content\/uploads\/2022\/08\/Hospital-Coyhaique_b-1-1-768x576.jpg 768w, https:\/\/radiorevelacionfm.cl\/wp-content\/uploads\/2022\/08\/Hospital-Coyhaique_b-1-1-705x529.jpg 705w, https:\/\/radiorevelacionfm.cl\/wp-content\/uploads\/2022\/08\/Hospital-Coyhaique_b-1-1-600x450.jpg 600w\" sizes=\"(max-width: 800px) 100vw, 800px\" \/><\/div><\/div><\/div><\/div><div class=\"flex_column av_one_full  flex_column_div av-zero-column-padding first  avia-builder-el-2  el_after_av_one_full  el_before_av_one_full  column-top-margin\" style='border-radius:0px; '><section class=\"av_textblock_section \"  itemscope=\"itemscope\" itemtype=\"https:\/\/schema.org\/BlogPosting\" itemprop=\"blogPost\" ><div class='avia_textblock  '   itemprop=\"text\" ><p style=\"text-align: center;\"><span style=\"font-size: 18pt;\"><b>Por segundo mes consecutivo se realizar\u00e1 apertura de Agenda M\u00e9dica Preferencial en el Hospital Regional Coyhaique<\/b><\/span><\/p>\n<div id=\"gtx-trans\" style=\"position: absolute; left: -50px; top: 4.31534px;\">\n<div class=\"gtx-trans-icon\"><\/div>\n<\/div>\n<\/div><\/section><\/div><div class=\"flex_column av_one_full  flex_column_div av-zero-column-padding first  avia-builder-el-4  el_after_av_one_full  el_before_av_hr  column-top-margin\" style='border-radius:0px; '><section class=\"av_textblock_section \"  itemscope=\"itemscope\" itemtype=\"https:\/\/schema.org\/BlogPosting\" itemprop=\"blogPost\" ><div class='avia_textblock  '   itemprop=\"text\" ><p style=\"font-weight: 400; text-align: justify;\">El pr\u00f3ximo lunes 22 de agosto, entre las 14 y 17 horas, en el SOME del Hospital Regional Coyhaique (HRC) y de manera simult\u00e1nea a trav\u00e9s del Call Center 800 630 630, se realizar\u00e1 la apertura de Agenda M\u00e9dica Preferencial para Adultos Mayores y personas con discapacidad.<\/p>\n<p style=\"font-weight: 400; text-align: justify;\">Desde el principal centro asistencial de la Regi\u00f3n de Ays\u00e9n, destacaron el reforzamiento que se realiz\u00f3 de la atenci\u00f3n telef\u00f3nica, recordando que en julio se logr\u00f3 disminuir a un promedio de 20 minutos la espera por atenci\u00f3n y se respondieron m\u00e1s de 600 llamados.<\/p>\n<p style=\"font-weight: 400; text-align: justify;\">\u201cAl igual que en julio contaremos con 8 operadores en nuestro Call Center, por lo que invitamos a las y los usuarios a preferir el 800 630 630 para la obtenci\u00f3n de sus horas de control de especialistas, esto implica que no tengan que realizar filas presenciales\u201d indic\u00f3 Claudio Oyarz\u00fan, Jefe de Producci\u00f3n del Hospital Regional.<\/p>\n<p style=\"font-weight: 400; text-align: justify;\">Es importante recordar que en los procesos de apertura de agenda solo se entregan horas de control, esto implica que las y los usuarios que han sido derivados a especialistas tienen que esperar a ser ingresados y priorizados para que se les asigne a trav\u00e9s de ella una primera atenci\u00f3n (pacientes nuevos).<\/p>\n<p style=\"font-weight: 400; text-align: justify;\">\u201cLas horas de pacientes nuevos, primer atenci\u00f3n, se entregan a trav\u00e9s de un proceso interno de priorizaci\u00f3n de interconsulta en la que los especialista y los m\u00e9dicos contralores realizan un seguimiento a cada una de las derivaciones a trav\u00e9s de nuestra plataforma digital y se entrega una prioridad a cada uno de los diagn\u00f3sticos. Estas horas no son entregadas a trav\u00e9s de la ventanilla sino que se realiza un proceso de contactabilidad para entregar la hora m\u00e9dica directamente a los pacientes\u201d agreg\u00f3 el Jefe de Producci\u00f3n del HRC.<\/p>\n<p style=\"font-weight: 400; text-align: justify;\">Desde el Hospital Regional agregaron que la apertura para p\u00fablico general se desarrollar\u00e1 a partir de las 8 de la ma\u00f1ana del martes 23 de agosto y recordaron que debido a las limitaciones f\u00edsicas del establecimiento se ha generado una disminuci\u00f3n importante de las horas de control disponibles de especialistas.<\/p>\n<p style=\"font-weight: 400; text-align: justify;\">\u201cComo todos sabemos en el Hospital est\u00e1n disminuidas las horas de especialistas porque no tenemos espacio f\u00edsico donde desarrollarlas, esto ocurri\u00f3 desde el traslado desde el ELEAM al establecimiento, as\u00ed que pido paciencia y comprensi\u00f3n ya que seguimos trabajando para contar con el sistema modular que nos permitir\u00e1 normalizar esta situaci\u00f3n\u201d se\u00f1al\u00f3 la Doctora Julia Palma, Jefa de Policl\u00ednico HRC.<\/p>\n<p style=\"font-weight: 400; text-align: justify;\">El llamado para la apertura preferencial del d\u00eda lunes 22 y general del martes 23, es a preferir el Call Center 800 630 630 que funcionar\u00e1 en el mismo horario de las atenciones presenciales realizadas en el SOME del Hospital Regional Coyhaique.<\/p>\n<\/div><\/section><\/div><div  style='height:50px' class='hr hr-invisible   avia-builder-el-6  el_after_av_one_full  el_before_av_social_share '><span class='hr-inner ' ><span class='hr-inner-style'><\/span><\/span><\/div><\/p>\n<div  class='av-social-sharing-box  avia-builder-el-7  el_after_av_hr  el_before_av_hr  '><div class='av-share-box'><h5 class='av-share-link-description av-no-toc '>Compartir esta noticia<\/h5><ul class='av-share-box-list noLightbox'><li class='av-share-link av-social-link-facebook' ><a target=\"_blank\" aria-label=\"Compartir en Facebook\" href='https:\/\/www.facebook.com\/sharer.php?u=https:\/\/radiorevelacionfm.cl\/?p=20686&#038;t=Por%20segundo%20mes%20consecutivo%20se%20realizar%C3%A1%20apertura%20de%20Agenda%20M%C3%A9dica%20Preferencial%20en%20el%20Hospital%20Regional%20Coyhaique' aria-hidden='false' data-av_icon='\ue8f3' data-av_iconfont='entypo-fontello' title='' data-avia-related-tooltip='Compartir en Facebook' rel=\"noopener\"><span class='avia_hidden_link_text'>Compartir en Facebook<\/span><\/a><\/li><li class='av-share-link av-social-link-twitter' ><a target=\"_blank\" aria-label=\"Compartir en Twitter\" href='https:\/\/twitter.com\/share?text=Por%20segundo%20mes%20consecutivo%20se%20realizar%C3%A1%20apertura%20de%20Agenda%20M%C3%A9dica%20Preferencial%20en%20el%20Hospital%20Regional%20Coyhaique&#038;url=https:\/\/radiorevelacionfm.cl\/?p=20686' aria-hidden='false' data-av_icon='\ue8f1' data-av_iconfont='entypo-fontello' title='' data-avia-related-tooltip='Compartir en Twitter' rel=\"noopener\"><span class='avia_hidden_link_text'>Compartir en Twitter<\/span><\/a><\/li><li class='av-share-link av-social-link-whatsapp' ><a target=\"_blank\" aria-label=\"Compartir en Whatsapp\" href='https:\/\/api.whatsapp.com\/send?text=https:\/\/radiorevelacionfm.cl\/?p=20686' aria-hidden='false' data-av_icon='\uf232' data-av_iconfont='entypo-fontello' title='' data-avia-related-tooltip='Compartir en Whatsapp' rel=\"noopener\"><span class='avia_hidden_link_text'>Compartir en Whatsapp<\/span><\/a><\/li><li class='av-share-link av-social-link-linkedin' ><a target=\"_blank\" aria-label=\"Compartir en LinkedIn\" href='https:\/\/linkedin.com\/shareArticle?mini=true&#038;title=Por%20segundo%20mes%20consecutivo%20se%20realizar%C3%A1%20apertura%20de%20Agenda%20M%C3%A9dica%20Preferencial%20en%20el%20Hospital%20Regional%20Coyhaique&#038;url=https:\/\/radiorevelacionfm.cl\/?p=20686' aria-hidden='false' data-av_icon='\ue8fc' data-av_iconfont='entypo-fontello' title='' data-avia-related-tooltip='Compartir en LinkedIn' rel=\"noopener\"><span class='avia_hidden_link_text'>Compartir en LinkedIn<\/span><\/a><\/li><li class='av-share-link av-social-link-mail' ><a  aria-label=\"Compartir por correo\" href='mailto:?subject=Por%20segundo%20mes%20consecutivo%20se%20realizar%C3%A1%20apertura%20de%20Agenda%20M%C3%A9dica%20Preferencial%20en%20el%20Hospital%20Regional%20Coyhaique&#038;body=https:\/\/radiorevelacionfm.cl\/?p=20686' aria-hidden='false' data-av_icon='\ue805' data-av_iconfont='entypo-fontello' title='' data-avia-related-tooltip='Compartir por correo'><span class='avia_hidden_link_text'>Compartir por correo<\/span><\/a><\/li><\/ul><\/div><\/div>\n<div  style='height:50px' class='hr hr-invisible   avia-builder-el-8  el_after_av_social_share  el_before_av_comments_list '><span class='hr-inner ' ><span class='hr-inner-style'><\/span><\/span><\/div>\n<div  class='av-buildercomment  av-blog-meta-html-info-disabled av-blog-meta-tag-disabled  '><\/div>\n","protected":false},"excerpt":{"rendered":"","protected":false},"author":1,"featured_media":20687,"comment_status":"open","ping_status":"open","sticky":false,"template":"","format":"standard","meta":{"footnotes":""},"categories":[46],"tags":[],"class_list":["post-20686","post","type-post","status-publish","format-standard","has-post-thumbnail","hentry","category-salud"],"jetpack_featured_media_url":"https:\/\/radiorevelacionfm.cl\/wp-content\/uploads\/2022\/08\/Hospital-Coyhaique_b-1-1.jpg","_links":{"self":[{"href":"https:\/\/radiorevelacionfm.cl\/index.php?rest_route=\/wp\/v2\/posts\/20686","targetHints":{"allow":["GET"]}}],"collection":[{"href":"https:\/\/radiorevelacionfm.cl\/index.php?rest_route=\/wp\/v2\/posts"}],"about":[{"href":"https:\/\/radiorevelacionfm.cl\/index.php?rest_route=\/wp\/v2\/types\/post"}],"author":[{"embeddable":true,"href":"https:\/\/radiorevelacionfm.cl\/index.php?rest_route=\/wp\/v2\/users\/1"}],"replies":[{"embeddable":true,"href":"https:\/\/radiorevelacionfm.cl\/index.php?rest_route=%2Fwp%2Fv2%2Fcomments&post=20686"}],"version-history":[{"count":2,"href":"https:\/\/radiorevelacionfm.cl\/index.php?rest_route=\/wp\/v2\/posts\/20686\/revisions"}],"predecessor-version":[{"id":20691,"href":"https:\/\/radiorevelacionfm.cl\/index.php?rest_route=\/wp\/v2\/posts\/20686\/revisions\/20691"}],"wp:featuredmedia":[{"embeddable":true,"href":"https:\/\/radiorevelacionfm.cl\/index.php?rest_route=\/wp\/v2\/media\/20687"}],"wp:attachment":[{"href":"https:\/\/radiorevelacionfm.cl\/index.php?rest_route=%2Fwp%2Fv2%2Fmedia&parent=20686"}],"wp:term":[{"taxonomy":"category","embeddable":true,"href":"https:\/\/radiorevelacionfm.cl\/index.php?rest_route=%2Fwp%2Fv2%2Fcategories&post=20686"},{"taxonomy":"post_tag","embeddable":true,"href":"https:\/\/radiorevelacionfm.cl\/index.php?rest_route=%2Fwp%2Fv2%2Ftags&post=20686"}],"curies":[{"name":"wp","href":"https:\/\/api.w.org\/{rel}","templated":true}]}}