{"id":20681,"date":"2022-08-18T22:24:57","date_gmt":"2022-08-19T01:24:57","guid":{"rendered":"https:\/\/radiorevelacionfm.cl\/?p=20681"},"modified":"2022-08-18T22:24:57","modified_gmt":"2022-08-19T01:24:57","slug":"destacan-que-salario-minimo-se-reajusto-a-400-000-y-se-incremento-el-subsidio-a-mipymes","status":"publish","type":"post","link":"https:\/\/radiorevelacionfm.cl\/?p=20681","title":{"rendered":"Destacan que salario m\u00ednimo se reajust\u00f3 a $400.000 y se increment\u00f3 el subsidio a MiPymes"},"content":{"rendered":"<div class=\"flex_column av_one_full  flex_column_div av-zero-column-padding first  avia-builder-el-0  el_before_av_one_full  avia-builder-el-first  \" style='border-radius:0px; '><div  class='avia-image-container  av-styling-    avia-builder-el-1  avia-builder-el-no-sibling  avia-align-center '  itemprop=\"image\" itemscope=\"itemscope\" itemtype=\"https:\/\/schema.org\/ImageObject\"  ><div class='avia-image-container-inner'><div class='avia-image-overlay-wrap'><img decoding=\"async\" class='wp-image-20682 avia-img-lazy-loading-not-20682 avia_image' src=\"https:\/\/radiorevelacionfm.cl\/wp-content\/uploads\/2022\/08\/seremi-trab-y-economia-aysen-b-1_optimized-1.jpg\" alt='' title='seremi-trab-y-economia-aysen-b-(1)_optimized (1)' height=\"600\" width=\"912\"  itemprop=\"thumbnailUrl\" srcset=\"https:\/\/radiorevelacionfm.cl\/wp-content\/uploads\/2022\/08\/seremi-trab-y-economia-aysen-b-1_optimized-1.jpg 912w, https:\/\/radiorevelacionfm.cl\/wp-content\/uploads\/2022\/08\/seremi-trab-y-economia-aysen-b-1_optimized-1-300x197.jpg 300w, https:\/\/radiorevelacionfm.cl\/wp-content\/uploads\/2022\/08\/seremi-trab-y-economia-aysen-b-1_optimized-1-768x505.jpg 768w, https:\/\/radiorevelacionfm.cl\/wp-content\/uploads\/2022\/08\/seremi-trab-y-economia-aysen-b-1_optimized-1-705x464.jpg 705w, https:\/\/radiorevelacionfm.cl\/wp-content\/uploads\/2022\/08\/seremi-trab-y-economia-aysen-b-1_optimized-1-600x395.jpg 600w\" sizes=\"(max-width: 912px) 100vw, 912px\" \/><\/div><\/div><\/div><\/div><div class=\"flex_column av_one_full  flex_column_div av-zero-column-padding first  avia-builder-el-2  el_after_av_one_full  el_before_av_one_full  column-top-margin\" style='border-radius:0px; '><section class=\"av_textblock_section \"  itemscope=\"itemscope\" itemtype=\"https:\/\/schema.org\/BlogPosting\" itemprop=\"blogPost\" ><div class='avia_textblock  '   itemprop=\"text\" ><p style=\"text-align: center;\"><span style=\"font-size: 18pt;\"><b><span lang=\"ES\">Destacan que salario m\u00ednimo se reajust\u00f3 a $400.000 y se increment\u00f3 el subsidio a MiPymes<\/span><\/b><\/span><\/p>\n<div id=\"gtx-trans\" style=\"position: absolute; left: -50px; top: 4.31534px;\">\n<div class=\"gtx-trans-icon\"><\/div>\n<\/div>\n<\/div><\/section><\/div><div class=\"flex_column av_one_full  flex_column_div av-zero-column-padding first  avia-builder-el-4  el_after_av_one_full  el_before_av_hr  column-top-margin\" style='border-radius:0px; '><section class=\"av_textblock_section \"  itemscope=\"itemscope\" itemtype=\"https:\/\/schema.org\/BlogPosting\" itemprop=\"blogPost\" ><div class='avia_textblock  '   itemprop=\"text\" ><p class=\"v1MsoNormal\" style=\"text-align: justify;\"><span lang=\"ES-MX\">A partir del 1 de agosto el sueldo m\u00ednimo se reajust\u00f3, pasando de $380.000 a $400.000, esto en el marco de la ley N\u00b021.456 publicada el 26 de mayo de 2022 en el Diario Oficial, lo cual tambi\u00e9n aumenta el subsidio para las empresas de menor tama\u00f1o. Los Seremis de Trabajo y Previsi\u00f3n Social, Rodrigo D\u00edaz y de Econom\u00eda, Fomento y Turismo, Rosa Machac\u00e1n, recordaron que esta medida es parte del Plan ChileApoya, invitando a informarse sobre el apoyo estatal.<\/span><\/p>\n<p class=\"v1MsoNormal\" style=\"text-align: justify;\"><span lang=\"ES-MX\">\u00abComo Seremi del Trabajo y Previsi\u00f3n Social, les debo se\u00f1alar que ahora en agosto ya entr\u00f3 en vigencia el aumento del salario m\u00ednimo. Ya estamos con los $400.000, es un hecho potente, se est\u00e1 cumpliendo lo comprometido. Debo mencionar tambi\u00e9n que esto viene con la gradualidad que se dijo y es importante para las micro y peque\u00f1as empresas, hay un aporte del Estado y es importante que ingresen a la p\u00e1gina que est\u00e1 habilitada por el Servicio de Impuestos Internos, y autom\u00e1ticamente les va a indicar si son beneficiarios o no. Tambi\u00e9n no hay que olvidar que a contar de enero -y con la inflaci\u00f3n que tenemos, lo m\u00e1s probable es que as\u00ed sea- el salario m\u00ednimo en enero va a quedar en $410.000. Entonces, con gradualidad, con apoyo, esto es sostenible y esta es una medida que est\u00e1 realmente aportando dentro del Gobierno del Presidente Boric\u00bb, afirm\u00f3 el Seremi Rodrigo D\u00edaz.<\/span><\/p>\n<p class=\"v1MsoNormal\" style=\"text-align: justify;\"><span lang=\"ES-MX\">En la Regi\u00f3n de Ays\u00e9n, son 10.000 trabajadores y trabajadoras aproximadamente que se beneficiar\u00edan de este reajuste. Tal como coment\u00f3 la autoridad laboral, el salario m\u00ednimo aumentar\u00eda en el mes de enero si la inflaci\u00f3n acumulada en los \u00faltimos 12 meses llega al 7%, reajust\u00e1ndose a su vez, nuevamente, el subsidio a las micro y peque\u00f1as empresas.<\/span><\/p>\n<p class=\"v1MsoNormal\" style=\"text-align: justify;\"><span lang=\"ES-MX\">\u00a0<\/span><\/p>\n<p class=\"v1MsoNormal\" style=\"text-align: justify;\"><b><u><span lang=\"ES-MX\">Subsidio Sueldo M\u00ednimo MiPymes<\/span><\/u><\/b><\/p>\n<p class=\"v1MsoNormal\" style=\"text-align: justify;\"><span lang=\"ES-MX\">El Subsidio al Sueldo M\u00ednimo, orientado a ayudar a las empresas de menor tama\u00f1o para que puedan financiar esta alza, tiene un reajuste en este mes de agosto, elev\u00e1ndose de $22.000 a $26.000.<\/span><\/p>\n<p class=\"v1MsoNormal\" style=\"text-align: justify;\"><span lang=\"ES-MX\">\u00abLlamamos a todas las micro, peque\u00f1as y medianas empresas, personalidades jur\u00eddicas y cooperativas que tengan personas contratadas con el salario m\u00ednimo a que realicen la solicitud a trav\u00e9s de la p\u00e1gina del Servicio de Impuestos Internos, al Subsidio al Salario M\u00ednimo Mipyme, que es de $26.000 por trabajador a partir de agosto, para que puedan hacer frente a este aumento salarial y acompa\u00f1arlos en este camino\u00bb, coment\u00f3 la Seremi Rosa Machac\u00e1n.<\/span><\/p>\n<p class=\"v1MsoNormal\" style=\"text-align: justify;\"><span lang=\"ES-MX\">Vale destacar que, desde su implementaci\u00f3n, el subsidio, que se entrega de manera directa al empleador, ha sido solicitado por solo 112.715 empresas a nivel nacional, que representan un 52,3% del total a alcanzar, tomando en consideraci\u00f3n que existe un universo de 215.393 empresas que son potenciales beneficiadas.<\/span><\/p>\n<p class=\"v1MsoNormal\" style=\"text-align: justify;\"><span lang=\"ES-MX\">Para acceder al beneficio, las empresas deben realizar una solicitud, por una sola vez, en la p\u00e1gina web del SII,\u00a0<a href=\"http:\/\/www.sii.cl\/\" target=\"_blank\" rel=\"noopener noreferrer\">www.sii.cl<\/a>. Al ingresar a la plataforma, podr\u00e1n ver de forma autom\u00e1tica si cumplen con la normativa para acceder al subsidio y la p\u00e1gina calcular\u00e1 cual es el monto que corresponde en cada caso, el cual es variable mes a mes, ya que depender\u00e1 del n\u00famero de trabajadoras y trabajadores que tenga la MyPyme; informaci\u00f3n que ser\u00e1 proporcionada por la Administradora de Fondos de Cesant\u00eda (AFC).<\/span><\/p>\n<p class=\"v1MsoNormal\" style=\"text-align: justify;\"><span lang=\"ES-MX\">Este es un subsidio temporal, que se entregar\u00e1 hasta abril de 2023 siempre y cuando se cumplan las condiciones legales para ello. En este sentido, el monto de $26.000 por trabajador con sueldo m\u00ednimo se entregar\u00e1 desde agosto 2022 hasta abril 2023 y, en caso de que el IPC sea mayor a 7% y con ello se eleve el ingreso m\u00ednimo a $410.000, el monto ascender\u00eda a $32.000 entre enero y abril del 2023.<\/span><\/p>\n<p class=\"v1MsoNormal\" style=\"text-align: justify;\"><span lang=\"ES-MX\">\u00a0<\/span><\/p>\n<p class=\"v1MsoNormal\" style=\"text-align: justify;\"><b><u><span lang=\"ES-MX\">\u00bfCu\u00e1les son los requisitos para acceder al subsidio?<\/span><\/u><\/b><\/p>\n<p class=\"v1MsoNormal\" style=\"text-align: justify;\"><span lang=\"ES-MX\">Pueden acceder a este subsidio las MyPymes y cooperativas que tengan inicio de actividad en Primera Categor\u00eda, como persona natural o jur\u00eddica. Deben tener ventas o servicios del giro superiores a 0,01 UF e iguales o inferiores a 100.000 UF en 2021 y contar con uno o m\u00e1s trabajadores con sueldo m\u00ednimo.<\/span><\/p>\n<p class=\"v1MsoNormal\" style=\"text-align: justify;\"><span lang=\"ES-MX\">En el caso de las personas jur\u00eddicas sin fines de lucro y las comunidades constituidas hasta el 30 de abril de 2022, solo se considerar\u00e1 que tengan inicio de actividad de primera categor\u00eda, sin tener que acreditar ingresos por ventas y servicios.<\/span><\/p>\n<p class=\"v1MsoNormal\" style=\"text-align: justify;\"><strong><span lang=\"ES-MX\">Quienes no pueden acceder<\/span><\/strong><\/p>\n<p class=\"v1MsoNormal\" style=\"text-align: justify;\"><span lang=\"ES-MX\">No podr\u00e1n acceder al Subsidio de Sueldo M\u00ednimo las empresas Individuales de Responsabilidad Limitada, donde el due\u00f1o es el \u00fanico trabajador o la Sociedad por Acciones, en la que uno de los accionistas sea el \u00fanico trabajador; tampoco las empresas que tengan inicio de actividad desde del 30 de abril de 2022 ni en las que un socio o accionista sea persona jur\u00eddica, o las empresas que tengan c\u00f3digo de actividad financiera y de seguros registrado en el SII.<\/span><\/p>\n<p class=\"v1MsoNormal\" style=\"text-align: justify;\">Por otro lado, las empresas que inicien actividades desde el 1 de agosto de 2022, solo podr\u00e1n acceder entre enero y abril de 2023 en caso que el sueldo m\u00ednimo aumente a $410.000. Si no se produce ese aumento, no est\u00e1n incluidas en el beneficio.<\/p>\n<\/div><\/section><\/div><div  style='height:50px' class='hr hr-invisible   avia-builder-el-6  el_after_av_one_full  el_before_av_social_share '><span class='hr-inner ' ><span class='hr-inner-style'><\/span><\/span><\/div><\/p>\n<div  class='av-social-sharing-box  avia-builder-el-7  el_after_av_hr  el_before_av_hr  '><div class='av-share-box'><h5 class='av-share-link-description av-no-toc '>Compartir esta noticia<\/h5><ul class='av-share-box-list noLightbox'><li class='av-share-link av-social-link-facebook' ><a target=\"_blank\" aria-label=\"Compartir en Facebook\" href='https:\/\/www.facebook.com\/sharer.php?u=https:\/\/radiorevelacionfm.cl\/?p=20681&#038;t=Destacan%20que%20salario%20m%C3%ADnimo%20se%20reajust%C3%B3%20a%20%24400.000%20y%20se%20increment%C3%B3%20el%20subsidio%20a%20MiPymes' aria-hidden='false' data-av_icon='\ue8f3' data-av_iconfont='entypo-fontello' title='' data-avia-related-tooltip='Compartir en Facebook' rel=\"noopener\"><span class='avia_hidden_link_text'>Compartir en Facebook<\/span><\/a><\/li><li class='av-share-link av-social-link-twitter' ><a target=\"_blank\" aria-label=\"Compartir en Twitter\" href='https:\/\/twitter.com\/share?text=Destacan%20que%20salario%20m%C3%ADnimo%20se%20reajust%C3%B3%20a%20%24400.000%20y%20se%20increment%C3%B3%20el%20subsidio%20a%20MiPymes&#038;url=https:\/\/radiorevelacionfm.cl\/?p=20681' aria-hidden='false' data-av_icon='\ue8f1' data-av_iconfont='entypo-fontello' title='' data-avia-related-tooltip='Compartir en Twitter' rel=\"noopener\"><span class='avia_hidden_link_text'>Compartir en Twitter<\/span><\/a><\/li><li class='av-share-link av-social-link-whatsapp' ><a target=\"_blank\" aria-label=\"Compartir en Whatsapp\" href='https:\/\/api.whatsapp.com\/send?text=https:\/\/radiorevelacionfm.cl\/?p=20681' aria-hidden='false' data-av_icon='\uf232' data-av_iconfont='entypo-fontello' title='' data-avia-related-tooltip='Compartir en Whatsapp' rel=\"noopener\"><span class='avia_hidden_link_text'>Compartir en Whatsapp<\/span><\/a><\/li><li class='av-share-link av-social-link-linkedin' ><a target=\"_blank\" aria-label=\"Compartir en LinkedIn\" href='https:\/\/linkedin.com\/shareArticle?mini=true&#038;title=Destacan%20que%20salario%20m%C3%ADnimo%20se%20reajust%C3%B3%20a%20%24400.000%20y%20se%20increment%C3%B3%20el%20subsidio%20a%20MiPymes&#038;url=https:\/\/radiorevelacionfm.cl\/?p=20681' aria-hidden='false' data-av_icon='\ue8fc' data-av_iconfont='entypo-fontello' title='' data-avia-related-tooltip='Compartir en LinkedIn' rel=\"noopener\"><span class='avia_hidden_link_text'>Compartir en LinkedIn<\/span><\/a><\/li><li class='av-share-link av-social-link-mail' ><a  aria-label=\"Compartir por correo\" href='mailto:?subject=Destacan%20que%20salario%20m%C3%ADnimo%20se%20reajust%C3%B3%20a%20%24400.000%20y%20se%20increment%C3%B3%20el%20subsidio%20a%20MiPymes&#038;body=https:\/\/radiorevelacionfm.cl\/?p=20681' aria-hidden='false' data-av_icon='\ue805' data-av_iconfont='entypo-fontello' title='' data-avia-related-tooltip='Compartir por correo'><span class='avia_hidden_link_text'>Compartir por correo<\/span><\/a><\/li><\/ul><\/div><\/div>\n<div  style='height:50px' class='hr hr-invisible   avia-builder-el-8  el_after_av_social_share  el_before_av_comments_list '><span class='hr-inner ' ><span class='hr-inner-style'><\/span><\/span><\/div>\n<div  class='av-buildercomment  av-blog-meta-html-info-disabled av-blog-meta-tag-disabled  '><\/div>\n","protected":false},"excerpt":{"rendered":"","protected":false},"author":1,"featured_media":20682,"comment_status":"open","ping_status":"open","sticky":false,"template":"","format":"standard","meta":{"footnotes":""},"categories":[56],"tags":[],"class_list":["post-20681","post","type-post","status-publish","format-standard","has-post-thumbnail","hentry","category-trabajo"],"jetpack_featured_media_url":"https:\/\/radiorevelacionfm.cl\/wp-content\/uploads\/2022\/08\/seremi-trab-y-economia-aysen-b-1_optimized-1.jpg","_links":{"self":[{"href":"https:\/\/radiorevelacionfm.cl\/index.php?rest_route=\/wp\/v2\/posts\/20681","targetHints":{"allow":["GET"]}}],"collection":[{"href":"https:\/\/radiorevelacionfm.cl\/index.php?rest_route=\/wp\/v2\/posts"}],"about":[{"href":"https:\/\/radiorevelacionfm.cl\/index.php?rest_route=\/wp\/v2\/types\/post"}],"author":[{"embeddable":true,"href":"https:\/\/radiorevelacionfm.cl\/index.php?rest_route=\/wp\/v2\/users\/1"}],"replies":[{"embeddable":true,"href":"https:\/\/radiorevelacionfm.cl\/index.php?rest_route=%2Fwp%2Fv2%2Fcomments&post=20681"}],"version-history":[{"count":2,"href":"https:\/\/radiorevelacionfm.cl\/index.php?rest_route=\/wp\/v2\/posts\/20681\/revisions"}],"predecessor-version":[{"id":20728,"href":"https:\/\/radiorevelacionfm.cl\/index.php?rest_route=\/wp\/v2\/posts\/20681\/revisions\/20728"}],"wp:featuredmedia":[{"embeddable":true,"href":"https:\/\/radiorevelacionfm.cl\/index.php?rest_route=\/wp\/v2\/media\/20682"}],"wp:attachment":[{"href":"https:\/\/radiorevelacionfm.cl\/index.php?rest_route=%2Fwp%2Fv2%2Fmedia&parent=20681"}],"wp:term":[{"taxonomy":"category","embeddable":true,"href":"https:\/\/radiorevelacionfm.cl\/index.php?rest_route=%2Fwp%2Fv2%2Fcategories&post=20681"},{"taxonomy":"post_tag","embeddable":true,"href":"https:\/\/radiorevelacionfm.cl\/index.php?rest_route=%2Fwp%2Fv2%2Ftags&post=20681"}],"curies":[{"name":"wp","href":"https:\/\/api.w.org\/{rel}","templated":true}]}}