{"id":20678,"date":"2022-08-20T12:42:35","date_gmt":"2022-08-20T15:42:35","guid":{"rendered":"https:\/\/radiorevelacionfm.cl\/?p=20678"},"modified":"2022-08-20T12:42:35","modified_gmt":"2022-08-20T15:42:35","slug":"senador-sandoval-integra-consejo-asesor-para-programa-de-emergencia-habitacional-del-minvu","status":"publish","type":"post","link":"https:\/\/radiorevelacionfm.cl\/?p=20678","title":{"rendered":"Senador Sandoval integra consejo asesor para Programa de Emergencia Habitacional del Minvu"},"content":{"rendered":"<div class=\"flex_column av_one_full  flex_column_div av-zero-column-padding first  avia-builder-el-0  el_before_av_one_full  avia-builder-el-first  \" style='border-radius:0px; '><div  class='avia-image-container  av-styling-    avia-builder-el-1  avia-builder-el-no-sibling  avia-align-center '  itemprop=\"image\" itemscope=\"itemscope\" itemtype=\"https:\/\/schema.org\/ImageObject\"  ><div class='avia-image-container-inner'><div class='avia-image-overlay-wrap'><img decoding=\"async\" class='wp-image-20679 avia-img-lazy-loading-not-20679 avia_image' src=\"https:\/\/radiorevelacionfm.cl\/wp-content\/uploads\/2022\/08\/SENADOR-SANDOVAL-CONSEJO-ASESOR1-1-1.jpg\" alt='' title='SENADOR SANDOVAL CONSEJO ASESOR1 (1) (1)' height=\"600\" width=\"900\"  itemprop=\"thumbnailUrl\" srcset=\"https:\/\/radiorevelacionfm.cl\/wp-content\/uploads\/2022\/08\/SENADOR-SANDOVAL-CONSEJO-ASESOR1-1-1.jpg 900w, https:\/\/radiorevelacionfm.cl\/wp-content\/uploads\/2022\/08\/SENADOR-SANDOVAL-CONSEJO-ASESOR1-1-1-300x200.jpg 300w, https:\/\/radiorevelacionfm.cl\/wp-content\/uploads\/2022\/08\/SENADOR-SANDOVAL-CONSEJO-ASESOR1-1-1-768x512.jpg 768w, https:\/\/radiorevelacionfm.cl\/wp-content\/uploads\/2022\/08\/SENADOR-SANDOVAL-CONSEJO-ASESOR1-1-1-705x470.jpg 705w, https:\/\/radiorevelacionfm.cl\/wp-content\/uploads\/2022\/08\/SENADOR-SANDOVAL-CONSEJO-ASESOR1-1-1-600x400.jpg 600w\" sizes=\"(max-width: 900px) 100vw, 900px\" \/><\/div><\/div><\/div><\/div><div class=\"flex_column av_one_full  flex_column_div av-zero-column-padding first  avia-builder-el-2  el_after_av_one_full  el_before_av_one_full  column-top-margin\" style='border-radius:0px; '><section class=\"av_textblock_section \"  itemscope=\"itemscope\" itemtype=\"https:\/\/schema.org\/BlogPosting\" itemprop=\"blogPost\" ><div class='avia_textblock  '   itemprop=\"text\" ><p style=\"text-align: center;\"><strong><span style=\"font-size: 18pt;\">Senador Sandoval integra consejo asesor para Programa de Emergencia Habitacional del Minvu<\/span><\/strong><\/p>\n<div id=\"gtx-trans\" style=\"position: absolute; left: -50px; top: 4.31534px;\">\n<div class=\"gtx-trans-icon\"><\/div>\n<\/div>\n<\/div><\/section><\/div><div class=\"flex_column av_one_full  flex_column_div av-zero-column-padding first  avia-builder-el-4  el_after_av_one_full  el_before_av_hr  column-top-margin\" style='border-radius:0px; '><section class=\"av_textblock_section \"  itemscope=\"itemscope\" itemtype=\"https:\/\/schema.org\/BlogPosting\" itemprop=\"blogPost\" ><div class='avia_textblock  '   itemprop=\"text\" ><p style=\"text-align: justify;\">El parlamentario forma parte de la instancia, como presidente de la comisi\u00f3n de Vivienda del Senado.<\/p>\n<p style=\"text-align: justify;\">\u201cEsto no tiene nada que ver con pol\u00edtica, sino que, con la gente, con las personas, a quienes hay que poner en el centro hoy d\u00eda\u201d. As\u00ed lo se\u00f1al\u00f3 el senador David Sandoval, en la ceremonia donde se dio al trabajo del consejo asesor para el Plan de Emergencia Habitacional, impulsado por el Ministerio de Vivienda (MINVU), cuyo principal objetivo es entregar 260 mil soluciones habitacionales durante la actual administraci\u00f3n.<\/p>\n<p style=\"text-align: justify;\">El parlamentario formar\u00e1 parte de esta instancia como presidente de la comisi\u00f3n de Vivienda del Senado, en conjunto con representantes de distintos \u00e1mbitos, entre instituciones acad\u00e9micas, municipios, exministros MINVU, dirigentes sociales, sociedad civil y de la construcci\u00f3n. \u201cPonemos toda la colaboraci\u00f3n de la comisi\u00f3n; (estamos) todos comprometidos con este esfuerzo\u201d, se\u00f1al\u00f3.<\/p>\n<p style=\"text-align: justify;\">La instancia de la que forma parte el legislador, sesionar\u00e1 peri\u00f3dicamente y constituir\u00e1 un espacio de di\u00e1logo multisectorial respecto del desarrollo de esta pol\u00edtica p\u00fablica, as\u00ed como de evaluaci\u00f3n de sus avances. \u201cEspero el mayor de los logros en este plan, porque en definitiva, estamos frente a una crisis humana y social, la que hay que enfrentar con toda la fuerza\u201d, indic\u00f3.<\/p>\n<p style=\"text-align: justify;\">Este consejo tiene como objetivo entregar aportes y observaciones que permitan potenciar la estrategia desarrollada por el Minvu, que busca abordar con sentido de urgencia la necesidad de viviendas en el pa\u00eds. \u201cEl tema de vivienda sin duda est\u00e1 adquiriendo mayor significaci\u00f3n porque constituye una demanda de primera prioridad para gran parte de nuestras comunidades. Se trata de un sue\u00f1o de miles de familias, lo cual debemos enfrentar con rapidez\u201d, concluy\u00f3 el legislador.<\/p>\n<p style=\"text-align: justify;\">Sandoval record\u00f3 que este programa de emergencia fue aprobado en la ley de Integraci\u00f3n Social, norma que viene de la administraci\u00f3n pasada, y que considera ha sido un gran insumo para impulsar esta iniciativa. La idea, dijo, es que \u201cse aproveche este plan que impulsa el ministerio\u201d.<\/p>\n<p style=\"text-align: justify;\">Cabe se\u00f1alar que, en la regi\u00f3n de Ays\u00e9n, existe un d\u00e9ficit habitacional cuantitativo de 1.217 viviendas, de acuerdo con el informe CASEN en pandemia 2020, realizado por el Ministerio de Desarrollo Social.<\/p>\n<p style=\"text-align: justify;\">Recordar por \u00faltimo, que ya en 2017, seg\u00fan el CENSO realizado, se hablaba de la necesidad de 1.793 viviendas nuevas, de las cuales 1.230 requerimientos correspond\u00edan a casas irrecuperables.<\/p>\n<\/div><\/section><\/div><div  style='height:50px' class='hr hr-invisible   avia-builder-el-6  el_after_av_one_full  el_before_av_social_share '><span class='hr-inner ' ><span class='hr-inner-style'><\/span><\/span><\/div><\/p>\n<div  class='av-social-sharing-box  avia-builder-el-7  el_after_av_hr  el_before_av_hr  '><div class='av-share-box'><h5 class='av-share-link-description av-no-toc '>Compartir esta noticia<\/h5><ul class='av-share-box-list noLightbox'><li class='av-share-link av-social-link-facebook' ><a target=\"_blank\" aria-label=\"Compartir en Facebook\" href='https:\/\/www.facebook.com\/sharer.php?u=https:\/\/radiorevelacionfm.cl\/?p=20678&#038;t=Senador%20Sandoval%20integra%20consejo%20asesor%20para%20Programa%20de%20Emergencia%20Habitacional%20del%20Minvu' aria-hidden='false' data-av_icon='\ue8f3' data-av_iconfont='entypo-fontello' title='' data-avia-related-tooltip='Compartir en Facebook' rel=\"noopener\"><span class='avia_hidden_link_text'>Compartir en Facebook<\/span><\/a><\/li><li class='av-share-link av-social-link-twitter' ><a target=\"_blank\" aria-label=\"Compartir en Twitter\" href='https:\/\/twitter.com\/share?text=Senador%20Sandoval%20integra%20consejo%20asesor%20para%20Programa%20de%20Emergencia%20Habitacional%20del%20Minvu&#038;url=https:\/\/radiorevelacionfm.cl\/?p=20678' aria-hidden='false' data-av_icon='\ue8f1' data-av_iconfont='entypo-fontello' title='' data-avia-related-tooltip='Compartir en Twitter' rel=\"noopener\"><span class='avia_hidden_link_text'>Compartir en Twitter<\/span><\/a><\/li><li class='av-share-link av-social-link-whatsapp' ><a target=\"_blank\" aria-label=\"Compartir en Whatsapp\" href='https:\/\/api.whatsapp.com\/send?text=https:\/\/radiorevelacionfm.cl\/?p=20678' aria-hidden='false' data-av_icon='\uf232' data-av_iconfont='entypo-fontello' title='' data-avia-related-tooltip='Compartir en Whatsapp' rel=\"noopener\"><span class='avia_hidden_link_text'>Compartir en Whatsapp<\/span><\/a><\/li><li class='av-share-link av-social-link-linkedin' ><a target=\"_blank\" aria-label=\"Compartir en LinkedIn\" href='https:\/\/linkedin.com\/shareArticle?mini=true&#038;title=Senador%20Sandoval%20integra%20consejo%20asesor%20para%20Programa%20de%20Emergencia%20Habitacional%20del%20Minvu&#038;url=https:\/\/radiorevelacionfm.cl\/?p=20678' aria-hidden='false' data-av_icon='\ue8fc' data-av_iconfont='entypo-fontello' title='' data-avia-related-tooltip='Compartir en LinkedIn' rel=\"noopener\"><span class='avia_hidden_link_text'>Compartir en LinkedIn<\/span><\/a><\/li><li class='av-share-link av-social-link-mail' ><a  aria-label=\"Compartir por correo\" href='mailto:?subject=Senador%20Sandoval%20integra%20consejo%20asesor%20para%20Programa%20de%20Emergencia%20Habitacional%20del%20Minvu&#038;body=https:\/\/radiorevelacionfm.cl\/?p=20678' aria-hidden='false' data-av_icon='\ue805' data-av_iconfont='entypo-fontello' title='' data-avia-related-tooltip='Compartir por correo'><span class='avia_hidden_link_text'>Compartir por correo<\/span><\/a><\/li><\/ul><\/div><\/div>\n<div  style='height:50px' class='hr hr-invisible   avia-builder-el-8  el_after_av_social_share  el_before_av_comments_list '><span class='hr-inner ' ><span class='hr-inner-style'><\/span><\/span><\/div>\n<div  class='av-buildercomment  av-blog-meta-html-info-disabled av-blog-meta-tag-disabled  '><\/div>\n","protected":false},"excerpt":{"rendered":"","protected":false},"author":1,"featured_media":20679,"comment_status":"open","ping_status":"open","sticky":false,"template":"","format":"standard","meta":{"footnotes":""},"categories":[35],"tags":[],"class_list":["post-20678","post","type-post","status-publish","format-standard","has-post-thumbnail","hentry","category-politica"],"jetpack_featured_media_url":"https:\/\/radiorevelacionfm.cl\/wp-content\/uploads\/2022\/08\/SENADOR-SANDOVAL-CONSEJO-ASESOR1-1-1.jpg","_links":{"self":[{"href":"https:\/\/radiorevelacionfm.cl\/index.php?rest_route=\/wp\/v2\/posts\/20678","targetHints":{"allow":["GET"]}}],"collection":[{"href":"https:\/\/radiorevelacionfm.cl\/index.php?rest_route=\/wp\/v2\/posts"}],"about":[{"href":"https:\/\/radiorevelacionfm.cl\/index.php?rest_route=\/wp\/v2\/types\/post"}],"author":[{"embeddable":true,"href":"https:\/\/radiorevelacionfm.cl\/index.php?rest_route=\/wp\/v2\/users\/1"}],"replies":[{"embeddable":true,"href":"https:\/\/radiorevelacionfm.cl\/index.php?rest_route=%2Fwp%2Fv2%2Fcomments&post=20678"}],"version-history":[{"count":2,"href":"https:\/\/radiorevelacionfm.cl\/index.php?rest_route=\/wp\/v2\/posts\/20678\/revisions"}],"predecessor-version":[{"id":20768,"href":"https:\/\/radiorevelacionfm.cl\/index.php?rest_route=\/wp\/v2\/posts\/20678\/revisions\/20768"}],"wp:featuredmedia":[{"embeddable":true,"href":"https:\/\/radiorevelacionfm.cl\/index.php?rest_route=\/wp\/v2\/media\/20679"}],"wp:attachment":[{"href":"https:\/\/radiorevelacionfm.cl\/index.php?rest_route=%2Fwp%2Fv2%2Fmedia&parent=20678"}],"wp:term":[{"taxonomy":"category","embeddable":true,"href":"https:\/\/radiorevelacionfm.cl\/index.php?rest_route=%2Fwp%2Fv2%2Fcategories&post=20678"},{"taxonomy":"post_tag","embeddable":true,"href":"https:\/\/radiorevelacionfm.cl\/index.php?rest_route=%2Fwp%2Fv2%2Ftags&post=20678"}],"curies":[{"name":"wp","href":"https:\/\/api.w.org\/{rel}","templated":true}]}}