{"id":20671,"date":"2022-08-19T10:29:38","date_gmt":"2022-08-19T13:29:38","guid":{"rendered":"https:\/\/radiorevelacionfm.cl\/?p=20671"},"modified":"2022-08-19T10:29:38","modified_gmt":"2022-08-19T13:29:38","slug":"calisto-tras-aprobacion-de-proyecto-que-garantiza-propiedad-de-fondos-de-pensiones-esto-es-clave-en-medio-de-la-incertidumbre-que-se-genera-por-el-texto-de-la-nueva-constitucion","status":"publish","type":"post","link":"https:\/\/radiorevelacionfm.cl\/?p=20671","title":{"rendered":"Calisto tras aprobaci\u00f3n de proyecto que garantiza propiedad de fondos de pensiones: \u201cEsto es clave en medio de la incertidumbre que se genera por el texto de la nueva constituci\u00f3n\u201d"},"content":{"rendered":"<div class=\"flex_column av_one_full  flex_column_div av-zero-column-padding first  avia-builder-el-0  el_before_av_one_full  avia-builder-el-first  \" style='border-radius:0px; '><div  class='avia-image-container  av-styling-    avia-builder-el-1  avia-builder-el-no-sibling  avia-align-center '  itemprop=\"image\" itemscope=\"itemscope\" itemtype=\"https:\/\/schema.org\/ImageObject\"  ><div class='avia-image-container-inner'><div class='avia-image-overlay-wrap'><img decoding=\"async\" class='wp-image-20672 avia-img-lazy-loading-not-20672 avia_image' src=\"https:\/\/radiorevelacionfm.cl\/wp-content\/uploads\/2022\/08\/Diputado-Calisto-2022-08-08-1-1.jpeg\" alt='' title='Diputado Calisto 2022-08-08 (1) (1)' height=\"600\" width=\"800\"  itemprop=\"thumbnailUrl\" srcset=\"https:\/\/radiorevelacionfm.cl\/wp-content\/uploads\/2022\/08\/Diputado-Calisto-2022-08-08-1-1.jpeg 800w, https:\/\/radiorevelacionfm.cl\/wp-content\/uploads\/2022\/08\/Diputado-Calisto-2022-08-08-1-1-300x225.jpeg 300w, https:\/\/radiorevelacionfm.cl\/wp-content\/uploads\/2022\/08\/Diputado-Calisto-2022-08-08-1-1-768x576.jpeg 768w, https:\/\/radiorevelacionfm.cl\/wp-content\/uploads\/2022\/08\/Diputado-Calisto-2022-08-08-1-1-705x529.jpeg 705w, https:\/\/radiorevelacionfm.cl\/wp-content\/uploads\/2022\/08\/Diputado-Calisto-2022-08-08-1-1-600x450.jpeg 600w\" sizes=\"(max-width: 800px) 100vw, 800px\" \/><\/div><\/div><\/div><\/div><div class=\"flex_column av_one_full  flex_column_div av-zero-column-padding first  avia-builder-el-2  el_after_av_one_full  el_before_av_one_full  column-top-margin\" style='border-radius:0px; '><section class=\"av_textblock_section \"  itemscope=\"itemscope\" itemtype=\"https:\/\/schema.org\/BlogPosting\" itemprop=\"blogPost\" ><div class='avia_textblock  '   itemprop=\"text\" ><p style=\"text-align: center;\"><strong><span style=\"font-size: 18pt;\">Calisto tras aprobaci\u00f3n de proyecto que garantiza propiedad de fondos de pensiones: \u201cEsto es clave en medio de la incertidumbre que se genera por el texto de la nueva constituci\u00f3n\u201d<\/span><\/strong><\/p>\n<div id=\"gtx-trans\" style=\"position: absolute; left: -50px; top: 4.31534px;\">\n<div class=\"gtx-trans-icon\"><\/div>\n<\/div>\n<\/div><\/section><\/div><div class=\"flex_column av_one_full  flex_column_div av-zero-column-padding first  avia-builder-el-4  el_after_av_one_full  el_before_av_hr  column-top-margin\" style='border-radius:0px; '><section class=\"av_textblock_section \"  itemscope=\"itemscope\" itemtype=\"https:\/\/schema.org\/BlogPosting\" itemprop=\"blogPost\" ><div class='avia_textblock  '   itemprop=\"text\" ><p style=\"font-weight: 400; text-align: justify;\">Como una buena noticia calific\u00f3 el diputado y miembro de la Comisi\u00f3n de Constituci\u00f3n de la C\u00e1mara, Miguel \u00c1ngel Calisto, la aprobaci\u00f3n del proyecto que garantiza la propiedad de las personas sobre sus fondos de pensiones, iniciativa que fue despachado por esta instancia legislativo y qued\u00f3 lista para votarse en la sala.<\/p>\n<p style=\"font-weight: 400; text-align: justify;\">Seg\u00fan el legislador, \u201cpara nosotros esta reforma es muy importante, porque garantiza la propiedad de los fondos de pensiones. Hemos dicho que esto es clave en medio de la incertidumbre que se genera por el texto de la propuesta de nueva Constituci\u00f3n\u201d.<\/p>\n<p style=\"font-weight: 400; text-align: justify;\">\u201cEsta se\u00f1al que da la comisi\u00f3n, y que estamos claro que le Congreso pleno tambi\u00e9n apoyar\u00e1, es muy importante y potente para dejar en claro que los fondos previsionales son de los cotizantes, son de las personas\u201d, indic\u00f3.<\/p>\n<p style=\"font-weight: 400; text-align: justify;\">Calisto agreg\u00f3 que \u201chay que dar espacio a la discusi\u00f3n respecto del sistema previsional que necesitamos en Chile. Ac\u00e1 discutiremos sobre la administraci\u00f3n de los fondos y como se elegir\u00e1 esta administraci\u00f3n. Todo esto ser\u00e1 en la Comisi\u00f3n de trabajo en la medida que el Gobierno presente el proyecto de Reforma de Pensiones\u201d.<\/p>\n<p style=\"font-weight: 400; text-align: justify;\">Finalmente, el diputado Calisto se\u00f1al\u00f3 que \u201cnosotros quisimos plantear nuestra posici\u00f3n muy clara. Creemos que Chile necesita un sistema que de garant\u00edas de seguridad social. Hay que avanzar a un sistema integral, donde la gente pueda decidir donde invertir sus fondos, donde el Estado tambi\u00e9n tenga un rol importante que cumplir. No tenemos que cerrarle la puerta a una reforma de pensiones, tal como sucedi\u00f3 durante los Gobiernos anteriores\u201d.<\/p>\n<\/div><\/section><\/div><div  style='height:50px' class='hr hr-invisible   avia-builder-el-6  el_after_av_one_full  el_before_av_social_share '><span class='hr-inner ' ><span class='hr-inner-style'><\/span><\/span><\/div><\/p>\n<div  class='av-social-sharing-box  avia-builder-el-7  el_after_av_hr  el_before_av_hr  '><div class='av-share-box'><h5 class='av-share-link-description av-no-toc '>Compartir esta noticia<\/h5><ul class='av-share-box-list noLightbox'><li class='av-share-link av-social-link-facebook' ><a target=\"_blank\" aria-label=\"Compartir en Facebook\" href='https:\/\/www.facebook.com\/sharer.php?u=https:\/\/radiorevelacionfm.cl\/?p=20671&#038;t=Calisto%20tras%20aprobaci%C3%B3n%20de%20proyecto%20que%20garantiza%20propiedad%20de%20fondos%20de%20pensiones%3A%20%E2%80%9CEsto%20es%20clave%20en%20medio%20de%20la%20incertidumbre%20que%20se%20genera%20por%20el%20texto%20de%20la%20nueva%20constituci%C3%B3n%E2%80%9D' aria-hidden='false' data-av_icon='\ue8f3' data-av_iconfont='entypo-fontello' title='' data-avia-related-tooltip='Compartir en Facebook' rel=\"noopener\"><span class='avia_hidden_link_text'>Compartir en Facebook<\/span><\/a><\/li><li class='av-share-link av-social-link-twitter' ><a target=\"_blank\" aria-label=\"Compartir en Twitter\" href='https:\/\/twitter.com\/share?text=Calisto%20tras%20aprobaci%C3%B3n%20de%20proyecto%20que%20garantiza%20propiedad%20de%20fondos%20de%20pensiones%3A%20%E2%80%9CEsto%20es%20clave%20en%20medio%20de%20la%20incertidumbre%20que%20se%20genera%20por%20el%20texto%20de%20la%20nueva%20constituci%C3%B3n%E2%80%9D&#038;url=https:\/\/radiorevelacionfm.cl\/?p=20671' aria-hidden='false' data-av_icon='\ue8f1' data-av_iconfont='entypo-fontello' title='' data-avia-related-tooltip='Compartir en Twitter' rel=\"noopener\"><span class='avia_hidden_link_text'>Compartir en Twitter<\/span><\/a><\/li><li class='av-share-link av-social-link-whatsapp' ><a target=\"_blank\" aria-label=\"Compartir en Whatsapp\" href='https:\/\/api.whatsapp.com\/send?text=https:\/\/radiorevelacionfm.cl\/?p=20671' aria-hidden='false' data-av_icon='\uf232' data-av_iconfont='entypo-fontello' title='' data-avia-related-tooltip='Compartir en Whatsapp' rel=\"noopener\"><span class='avia_hidden_link_text'>Compartir en Whatsapp<\/span><\/a><\/li><li class='av-share-link av-social-link-linkedin' ><a target=\"_blank\" aria-label=\"Compartir en LinkedIn\" href='https:\/\/linkedin.com\/shareArticle?mini=true&#038;title=Calisto%20tras%20aprobaci%C3%B3n%20de%20proyecto%20que%20garantiza%20propiedad%20de%20fondos%20de%20pensiones%3A%20%E2%80%9CEsto%20es%20clave%20en%20medio%20de%20la%20incertidumbre%20que%20se%20genera%20por%20el%20texto%20de%20la%20nueva%20constituci%C3%B3n%E2%80%9D&#038;url=https:\/\/radiorevelacionfm.cl\/?p=20671' aria-hidden='false' data-av_icon='\ue8fc' data-av_iconfont='entypo-fontello' title='' data-avia-related-tooltip='Compartir en LinkedIn' rel=\"noopener\"><span class='avia_hidden_link_text'>Compartir en LinkedIn<\/span><\/a><\/li><li class='av-share-link av-social-link-mail' ><a  aria-label=\"Compartir por correo\" href='mailto:?subject=Calisto%20tras%20aprobaci%C3%B3n%20de%20proyecto%20que%20garantiza%20propiedad%20de%20fondos%20de%20pensiones%3A%20%E2%80%9CEsto%20es%20clave%20en%20medio%20de%20la%20incertidumbre%20que%20se%20genera%20por%20el%20texto%20de%20la%20nueva%20constituci%C3%B3n%E2%80%9D&#038;body=https:\/\/radiorevelacionfm.cl\/?p=20671' aria-hidden='false' data-av_icon='\ue805' data-av_iconfont='entypo-fontello' title='' data-avia-related-tooltip='Compartir por correo'><span class='avia_hidden_link_text'>Compartir por correo<\/span><\/a><\/li><\/ul><\/div><\/div>\n<div  style='height:50px' class='hr hr-invisible   avia-builder-el-8  el_after_av_social_share  el_before_av_comments_list '><span class='hr-inner ' ><span class='hr-inner-style'><\/span><\/span><\/div>\n<div  class='av-buildercomment  av-blog-meta-html-info-disabled av-blog-meta-tag-disabled  '><\/div>\n","protected":false},"excerpt":{"rendered":"","protected":false},"author":1,"featured_media":20672,"comment_status":"open","ping_status":"open","sticky":false,"template":"","format":"standard","meta":{"footnotes":""},"categories":[35],"tags":[],"class_list":["post-20671","post","type-post","status-publish","format-standard","has-post-thumbnail","hentry","category-politica"],"jetpack_featured_media_url":"https:\/\/radiorevelacionfm.cl\/wp-content\/uploads\/2022\/08\/Diputado-Calisto-2022-08-08-1-1.jpeg","_links":{"self":[{"href":"https:\/\/radiorevelacionfm.cl\/index.php?rest_route=\/wp\/v2\/posts\/20671","targetHints":{"allow":["GET"]}}],"collection":[{"href":"https:\/\/radiorevelacionfm.cl\/index.php?rest_route=\/wp\/v2\/posts"}],"about":[{"href":"https:\/\/radiorevelacionfm.cl\/index.php?rest_route=\/wp\/v2\/types\/post"}],"author":[{"embeddable":true,"href":"https:\/\/radiorevelacionfm.cl\/index.php?rest_route=\/wp\/v2\/users\/1"}],"replies":[{"embeddable":true,"href":"https:\/\/radiorevelacionfm.cl\/index.php?rest_route=%2Fwp%2Fv2%2Fcomments&post=20671"}],"version-history":[{"count":2,"href":"https:\/\/radiorevelacionfm.cl\/index.php?rest_route=\/wp\/v2\/posts\/20671\/revisions"}],"predecessor-version":[{"id":20729,"href":"https:\/\/radiorevelacionfm.cl\/index.php?rest_route=\/wp\/v2\/posts\/20671\/revisions\/20729"}],"wp:featuredmedia":[{"embeddable":true,"href":"https:\/\/radiorevelacionfm.cl\/index.php?rest_route=\/wp\/v2\/media\/20672"}],"wp:attachment":[{"href":"https:\/\/radiorevelacionfm.cl\/index.php?rest_route=%2Fwp%2Fv2%2Fmedia&parent=20671"}],"wp:term":[{"taxonomy":"category","embeddable":true,"href":"https:\/\/radiorevelacionfm.cl\/index.php?rest_route=%2Fwp%2Fv2%2Fcategories&post=20671"},{"taxonomy":"post_tag","embeddable":true,"href":"https:\/\/radiorevelacionfm.cl\/index.php?rest_route=%2Fwp%2Fv2%2Ftags&post=20671"}],"curies":[{"name":"wp","href":"https:\/\/api.w.org\/{rel}","templated":true}]}}