{"id":20667,"date":"2022-08-18T19:16:04","date_gmt":"2022-08-18T22:16:04","guid":{"rendered":"https:\/\/radiorevelacionfm.cl\/?p=20667"},"modified":"2022-08-18T19:16:04","modified_gmt":"2022-08-18T22:16:04","slug":"por-unanimidad-se-aprobo-ley-que-permitira-el-pago-efectivo-de-pensiones-de-alimentos","status":"publish","type":"post","link":"https:\/\/radiorevelacionfm.cl\/?p=20667","title":{"rendered":"Por unanimidad se aprob\u00f3 ley que permitir\u00e1 el pago efectivo de pensiones de alimentos"},"content":{"rendered":"<div class=\"flex_column av_one_full  flex_column_div av-zero-column-padding first  avia-builder-el-0  el_before_av_one_full  avia-builder-el-first  \" style='border-radius:0px; '><div  class='avia-image-container  av-styling-    avia-builder-el-1  avia-builder-el-no-sibling  avia-align-center '  itemprop=\"image\" itemscope=\"itemscope\" itemtype=\"https:\/\/schema.org\/ImageObject\"  ><div class='avia-image-container-inner'><div class='avia-image-overlay-wrap'><img decoding=\"async\" class='wp-image-20668 avia-img-lazy-loading-not-20668 avia_image' src=\"https:\/\/radiorevelacionfm.cl\/wp-content\/uploads\/2022\/08\/pago-pensiones-1-1.jpg\" alt='' title='pago pensiones (1) (1)' height=\"600\" width=\"1080\"  itemprop=\"thumbnailUrl\" srcset=\"https:\/\/radiorevelacionfm.cl\/wp-content\/uploads\/2022\/08\/pago-pensiones-1-1.jpg 1080w, https:\/\/radiorevelacionfm.cl\/wp-content\/uploads\/2022\/08\/pago-pensiones-1-1-300x167.jpg 300w, https:\/\/radiorevelacionfm.cl\/wp-content\/uploads\/2022\/08\/pago-pensiones-1-1-1030x572.jpg 1030w, https:\/\/radiorevelacionfm.cl\/wp-content\/uploads\/2022\/08\/pago-pensiones-1-1-768x427.jpg 768w, https:\/\/radiorevelacionfm.cl\/wp-content\/uploads\/2022\/08\/pago-pensiones-1-1-705x392.jpg 705w, https:\/\/radiorevelacionfm.cl\/wp-content\/uploads\/2022\/08\/pago-pensiones-1-1-600x333.jpg 600w\" sizes=\"(max-width: 1080px) 100vw, 1080px\" \/><\/div><\/div><\/div><\/div><div class=\"flex_column av_one_full  flex_column_div av-zero-column-padding first  avia-builder-el-2  el_after_av_one_full  el_before_av_one_full  column-top-margin\" style='border-radius:0px; '><section class=\"av_textblock_section \"  itemscope=\"itemscope\" itemtype=\"https:\/\/schema.org\/BlogPosting\" itemprop=\"blogPost\" ><div class='avia_textblock  '   itemprop=\"text\" ><p style=\"text-align: center;\"><strong><span style=\"font-size: 18pt;\">Por unanimidad se aprob\u00f3 ley que permitir\u00e1 el pago efectivo de pensiones de alimentos<\/span><\/strong><\/p>\n<div id=\"gtx-trans\" style=\"position: absolute; left: -50px; top: 4.31534px;\">\n<div class=\"gtx-trans-icon\"><\/div>\n<\/div>\n<\/div><\/section><\/div><div class=\"flex_column av_one_full  flex_column_div av-zero-column-padding first  avia-builder-el-4  el_after_av_one_full  el_before_av_hr  column-top-margin\" style='border-radius:0px; '><section class=\"av_textblock_section \"  itemscope=\"itemscope\" itemtype=\"https:\/\/schema.org\/BlogPosting\" itemprop=\"blogPost\" ><div class='avia_textblock  '   itemprop=\"text\" ><p style=\"text-align: justify;\">El martes 17 de agosto, por unanimidad, el Congreso aprob\u00f3 la ley de responsabilidad parental y pago efectivo de deudas de pensi\u00f3n de alimentos, normativa que, junto con el Registro Nacional de Deudores, viene a dar respuesta a todas aquellas madres y ni\u00f1os, ni\u00f1as y adolescentes impactados por pensiones de alimentos impagas.<\/p>\n<p style=\"text-align: justify;\">\u201cLos retiros de fondos de pensiones dejaron en evidencia la magnitud del problema en cuesti\u00f3n, debemos recordar que s\u00f3lo en el primer retiro se solicitaron m\u00e1s de once millones de retenciones para el pago de deudas por pensi\u00f3n de alimentos, y m\u00e1s de nueve millones en el segundo retiro. Esta situaci\u00f3n puso de manifiesto la gravedad de un tema que era casi un tab\u00fa, del cual todos sab\u00edamos, por casos cercanos, en muchas ocasiones, pero del cual el Estado no se estaba haciendo cargo efectivamente. Por esto, y en coherencia con la l\u00ednea pol\u00edtica feminista del gobierno, en julio se dio urgencia y discusi\u00f3n inmediata al proyecto de Ley, gesti\u00f3n que favoreci\u00f3 un proceso legislativo r\u00e1pido, eficiente y capaz, no solo de garantizar el pago efectivo de las pensiones de alimentos, sino que adem\u00e1s de velar por la dignidad de madres, ni\u00f1as, ni\u00f1os y adolescentes.\u201d Se\u00f1al\u00f3 la Seremi de la Mujer y la Equidad de G\u00e9nero Andrea M\u00e9ndez.<\/p>\n<p style=\"text-align: justify;\"><strong>Al respecto, qu\u00e9 objetivos persigue esta ley: <\/strong><\/p>\n<p style=\"text-align: justify;\">Establece un sistema efectivo para la identificaci\u00f3n del patrimonio del deudor de alimentos, compromete plazos acotados para que lo adeudado se salde y focaliza el procedimiento en los tribunales, no en las mujeres madres. Quienes, hasta ahora, ten\u00edan que, junto con cargar con la responsabilidad econ\u00f3mica de sobrellevar el cuidado de sus hijos o hijas, buscar informaci\u00f3n de tipo financiera asociada a progenitores con deudas impagas.<\/p>\n<p style=\"text-align: justify;\">Con esta ley el Estado contribuye a subsanar los derechos vulnerados de ni\u00f1as, ni\u00f1os y adolescentes por pensiones de alimentos impagas y, al mismo tiempo, sanciona y visibiliza la violencia econ\u00f3mica que se ejerce contra las mujeres. Toda vez que, como consecuencia del abandono de responsabilidades parentales son obligadas a cargar solas con el peso de la crianza, lo cual dificulta sus proyecciones personales, profesionales y\/o laborales, convirti\u00e9ndose, entonces, en un gran obst\u00e1culo para la autonom\u00eda econ\u00f3mica de las mujeres.<\/p>\n<p style=\"text-align: justify;\"><em>\u00a0<\/em><\/p>\n<p style=\"text-align: justify;\"><strong>\u00a0<\/strong><\/p>\n<p style=\"text-align: justify;\"><strong>\u00a0<\/strong><\/p>\n<p style=\"text-align: justify;\"><strong>\u00a0<\/strong><\/p>\n<\/div><\/section><\/div><div  style='height:50px' class='hr hr-invisible   avia-builder-el-6  el_after_av_one_full  el_before_av_social_share '><span class='hr-inner ' ><span class='hr-inner-style'><\/span><\/span><\/div><\/p>\n<div  class='av-social-sharing-box  avia-builder-el-7  el_after_av_hr  el_before_av_hr  '><div class='av-share-box'><h5 class='av-share-link-description av-no-toc '>Compartir esta noticia<\/h5><ul class='av-share-box-list noLightbox'><li class='av-share-link av-social-link-facebook' ><a target=\"_blank\" aria-label=\"Compartir en Facebook\" href='https:\/\/www.facebook.com\/sharer.php?u=https:\/\/radiorevelacionfm.cl\/?p=20667&#038;t=Por%20unanimidad%20se%20aprob%C3%B3%20ley%20que%20permitir%C3%A1%20el%20pago%20efectivo%20de%20pensiones%20de%20alimentos' aria-hidden='false' data-av_icon='\ue8f3' data-av_iconfont='entypo-fontello' title='' data-avia-related-tooltip='Compartir en Facebook' rel=\"noopener\"><span class='avia_hidden_link_text'>Compartir en Facebook<\/span><\/a><\/li><li class='av-share-link av-social-link-twitter' ><a target=\"_blank\" aria-label=\"Compartir en Twitter\" href='https:\/\/twitter.com\/share?text=Por%20unanimidad%20se%20aprob%C3%B3%20ley%20que%20permitir%C3%A1%20el%20pago%20efectivo%20de%20pensiones%20de%20alimentos&#038;url=https:\/\/radiorevelacionfm.cl\/?p=20667' aria-hidden='false' data-av_icon='\ue8f1' data-av_iconfont='entypo-fontello' title='' data-avia-related-tooltip='Compartir en Twitter' rel=\"noopener\"><span class='avia_hidden_link_text'>Compartir en Twitter<\/span><\/a><\/li><li class='av-share-link av-social-link-whatsapp' ><a target=\"_blank\" aria-label=\"Compartir en Whatsapp\" href='https:\/\/api.whatsapp.com\/send?text=https:\/\/radiorevelacionfm.cl\/?p=20667' aria-hidden='false' data-av_icon='\uf232' data-av_iconfont='entypo-fontello' title='' data-avia-related-tooltip='Compartir en Whatsapp' rel=\"noopener\"><span class='avia_hidden_link_text'>Compartir en Whatsapp<\/span><\/a><\/li><li class='av-share-link av-social-link-linkedin' ><a target=\"_blank\" aria-label=\"Compartir en LinkedIn\" href='https:\/\/linkedin.com\/shareArticle?mini=true&#038;title=Por%20unanimidad%20se%20aprob%C3%B3%20ley%20que%20permitir%C3%A1%20el%20pago%20efectivo%20de%20pensiones%20de%20alimentos&#038;url=https:\/\/radiorevelacionfm.cl\/?p=20667' aria-hidden='false' data-av_icon='\ue8fc' data-av_iconfont='entypo-fontello' title='' data-avia-related-tooltip='Compartir en LinkedIn' rel=\"noopener\"><span class='avia_hidden_link_text'>Compartir en LinkedIn<\/span><\/a><\/li><li class='av-share-link av-social-link-mail' ><a  aria-label=\"Compartir por correo\" href='mailto:?subject=Por%20unanimidad%20se%20aprob%C3%B3%20ley%20que%20permitir%C3%A1%20el%20pago%20efectivo%20de%20pensiones%20de%20alimentos&#038;body=https:\/\/radiorevelacionfm.cl\/?p=20667' aria-hidden='false' data-av_icon='\ue805' data-av_iconfont='entypo-fontello' title='' data-avia-related-tooltip='Compartir por correo'><span class='avia_hidden_link_text'>Compartir por correo<\/span><\/a><\/li><\/ul><\/div><\/div>\n<div  style='height:50px' class='hr hr-invisible   avia-builder-el-8  el_after_av_social_share  el_before_av_comments_list '><span class='hr-inner ' ><span class='hr-inner-style'><\/span><\/span><\/div>\n<div  class='av-buildercomment  av-blog-meta-html-info-disabled av-blog-meta-tag-disabled  '><\/div>\n","protected":false},"excerpt":{"rendered":"","protected":false},"author":1,"featured_media":20668,"comment_status":"open","ping_status":"open","sticky":false,"template":"","format":"standard","meta":{"footnotes":""},"categories":[61],"tags":[],"class_list":["post-20667","post","type-post","status-publish","format-standard","has-post-thumbnail","hentry","category-nacional"],"jetpack_featured_media_url":"https:\/\/radiorevelacionfm.cl\/wp-content\/uploads\/2022\/08\/pago-pensiones-1-1.jpg","_links":{"self":[{"href":"https:\/\/radiorevelacionfm.cl\/index.php?rest_route=\/wp\/v2\/posts\/20667","targetHints":{"allow":["GET"]}}],"collection":[{"href":"https:\/\/radiorevelacionfm.cl\/index.php?rest_route=\/wp\/v2\/posts"}],"about":[{"href":"https:\/\/radiorevelacionfm.cl\/index.php?rest_route=\/wp\/v2\/types\/post"}],"author":[{"embeddable":true,"href":"https:\/\/radiorevelacionfm.cl\/index.php?rest_route=\/wp\/v2\/users\/1"}],"replies":[{"embeddable":true,"href":"https:\/\/radiorevelacionfm.cl\/index.php?rest_route=%2Fwp%2Fv2%2Fcomments&post=20667"}],"version-history":[{"count":2,"href":"https:\/\/radiorevelacionfm.cl\/index.php?rest_route=\/wp\/v2\/posts\/20667\/revisions"}],"predecessor-version":[{"id":20709,"href":"https:\/\/radiorevelacionfm.cl\/index.php?rest_route=\/wp\/v2\/posts\/20667\/revisions\/20709"}],"wp:featuredmedia":[{"embeddable":true,"href":"https:\/\/radiorevelacionfm.cl\/index.php?rest_route=\/wp\/v2\/media\/20668"}],"wp:attachment":[{"href":"https:\/\/radiorevelacionfm.cl\/index.php?rest_route=%2Fwp%2Fv2%2Fmedia&parent=20667"}],"wp:term":[{"taxonomy":"category","embeddable":true,"href":"https:\/\/radiorevelacionfm.cl\/index.php?rest_route=%2Fwp%2Fv2%2Fcategories&post=20667"},{"taxonomy":"post_tag","embeddable":true,"href":"https:\/\/radiorevelacionfm.cl\/index.php?rest_route=%2Fwp%2Fv2%2Ftags&post=20667"}],"curies":[{"name":"wp","href":"https:\/\/api.w.org\/{rel}","templated":true}]}}