{"id":20664,"date":"2022-08-18T16:54:11","date_gmt":"2022-08-18T19:54:11","guid":{"rendered":"https:\/\/radiorevelacionfm.cl\/?p=20664"},"modified":"2022-08-18T16:54:47","modified_gmt":"2022-08-18T19:54:47","slug":"por-tercer-ano-consecutivo-municipalidad-de-rio-ibanez-recibe-recursos-del-fondo-de-incentivo-al-mejoramiento-de-la-gestion-figem","status":"publish","type":"post","link":"https:\/\/radiorevelacionfm.cl\/?p=20664","title":{"rendered":"Por tercer a\u00f1o consecutivo municipio de R\u00edo Ib\u00e1\u00f1ez recibe recursos del Fondo de Incentivo al Mejoramiento de la Gesti\u00f3n (FIGEM)"},"content":{"rendered":"<div class=\"flex_column av_one_full  flex_column_div av-zero-column-padding first  avia-builder-el-0  el_before_av_one_full  avia-builder-el-first  \" style='border-radius:0px; '><div  class='avia-image-container  av-styling-    avia-builder-el-1  avia-builder-el-no-sibling  avia-align-center '  itemprop=\"image\" itemscope=\"itemscope\" itemtype=\"https:\/\/schema.org\/ImageObject\"  ><div class='avia-image-container-inner'><div class='avia-image-overlay-wrap'><img decoding=\"async\" class='wp-image-20665 avia-img-lazy-loading-not-20665 avia_image' src=\"https:\/\/radiorevelacionfm.cl\/wp-content\/uploads\/2022\/08\/dsc_0309-1_optimized.jpg\" alt='' title='dsc_0309-(1)_optimized' height=\"600\" width=\"900\"  itemprop=\"thumbnailUrl\" srcset=\"https:\/\/radiorevelacionfm.cl\/wp-content\/uploads\/2022\/08\/dsc_0309-1_optimized.jpg 900w, https:\/\/radiorevelacionfm.cl\/wp-content\/uploads\/2022\/08\/dsc_0309-1_optimized-300x200.jpg 300w, https:\/\/radiorevelacionfm.cl\/wp-content\/uploads\/2022\/08\/dsc_0309-1_optimized-768x512.jpg 768w, https:\/\/radiorevelacionfm.cl\/wp-content\/uploads\/2022\/08\/dsc_0309-1_optimized-705x470.jpg 705w, https:\/\/radiorevelacionfm.cl\/wp-content\/uploads\/2022\/08\/dsc_0309-1_optimized-600x400.jpg 600w\" sizes=\"(max-width: 900px) 100vw, 900px\" \/><\/div><\/div><\/div><\/div>\n<div class=\"flex_column av_one_full  flex_column_div av-zero-column-padding first  avia-builder-el-2  el_after_av_one_full  el_before_av_one_full  column-top-margin\" style='border-radius:0px; '><section class=\"av_textblock_section \"  itemscope=\"itemscope\" itemtype=\"https:\/\/schema.org\/BlogPosting\" itemprop=\"blogPost\" ><div class='avia_textblock  '   itemprop=\"text\" ><p style=\"text-align: center;\"><strong><span style=\"font-size: 18pt;\">Por tercer a\u00f1o consecutivo municipio de R\u00edo Ib\u00e1\u00f1ez recibe recursos del Fondo de Incentivo al Mejoramiento de la Gesti\u00f3n (FIGEM)<\/span><\/strong><\/p>\n<div id=\"gtx-trans\" style=\"position: absolute; left: -50px; top: 4.31534px;\">\n<div class=\"gtx-trans-icon\"><\/div>\n<\/div>\n<\/div><\/section><\/div><div class=\"flex_column av_one_full  flex_column_div av-zero-column-padding first  avia-builder-el-4  el_after_av_one_full  el_before_av_hr  column-top-margin\" style='border-radius:0px; '><section class=\"av_textblock_section \"  itemscope=\"itemscope\" itemtype=\"https:\/\/schema.org\/BlogPosting\" itemprop=\"blogPost\" ><div class='avia_textblock  '   itemprop=\"text\" ><p style=\"font-weight: 400; text-align: justify;\">A partir del 22 de julio la Subsecretar\u00eda de Desarrollo Regional y Administrativo (SUDERE), inici\u00f3 el proceso de transferencias de recursos del Fondo de Incentivo al Mejoramiento de la Gesti\u00f3n Municipal (FIGEM), el cual este a\u00f1o dispuso de $310 millones para distribuir entre municipios urbanos medianos, semi urbanos y rurales, dentro de los cuales se encuentra el Municipio de R\u00edo Ib\u00e1\u00f1ez por tercer a\u00f1o consecutivo.<\/p>\n<p style=\"font-weight: 400; text-align: justify;\">El alcalde de la comuna de R\u00edo Ib\u00e1\u00f1ez, Marcelo Santana Vargas, valor\u00f3 la recepci\u00f3n del fondo \u201cpara nosotros como municipio es muy importante haber sido seleccionados a nivel nacional, ya que esto significa que con el pasar de nuestra gesti\u00f3n, se han logrado sistematizar procedimientos, mejorando indicadores que nos ha permitido nuevamente este a\u00f1o recibir poco m\u00e1s de $80 millones, que premia de alguna manera la gesti\u00f3n de la municipalidad\u201d afirm\u00f3.<\/p>\n<p style=\"font-weight: 400; text-align: justify;\">Este fondo FIGEM permite a las municipalidades financiar adquisici\u00f3n de activos no financieros (computadores, plotter, impresoras etc), iniciativas de inversi\u00f3n como consultor\u00edas (asistencias t\u00e9cnicas) y proyectos de inversi\u00f3n (terrenos, consultor\u00edas, obras civiles) y pavimentos participativos.<\/p>\n<p style=\"font-weight: 400; text-align: justify;\">\u201cEste fondo es un incentivo a la gesti\u00f3n municipal entregado por la Subdere, y obedece al cumplimiento de manera correcta y oportuna por parte de las municipalidades, de informaci\u00f3n obligatoria solicitada durante el a\u00f1o. Los recursos que hoy se reciben, obedecen al trabajo en equipo de todos los departamentos y direcciones quienes dan cuenta de la informaci\u00f3n solicitada por distintos entes p\u00fablicos\u201d explica el Director de Administraci\u00f3n y Finanzas de la Municipalidad de R\u00edo Ib\u00e1\u00f1ez, Jorge Godoy B\u00f3rquez.<\/p>\n<p style=\"font-weight: 400; text-align: justify;\">El fondo de Incentivo a la Gesti\u00f3n Municipal, mide el rendimiento de tres tipolog\u00edas en sus aspectos financieros, de transparencia y gesti\u00f3n, como instituci\u00f3n de car\u00e1cter p\u00fablico. Por esta raz\u00f3n, ser seleccionado es un motivo de alegr\u00eda para los municipios, \u201cestamos muy contentos, creemos que es un trabajo que se desarrolla desde todos los niveles de la municipalidad que nos ayudan a ir constantemente mejorando. Vamos a resolver prontamente con el concejo c\u00f3mo iremos a invertir estos recursos, para seguir mejorando la gesti\u00f3n municipal\u201d a\u00f1adi\u00f3 el edil, Marcelo Santana.<\/p>\n<p style=\"font-weight: 400; text-align: justify;\">Este 2022 se convoc\u00f3 a 263 gobiernos locales, pertenecientes a las tipolog\u00edas 1,2,3, 4 y 5 de acuerdo a la clasificaci\u00f3n del Fondo de Incentivo a la Gesti\u00f3n Municipal (FIGEM), de los cuales 195 fueron seleccionados. Los municipios de la Regi\u00f3n de Ays\u00e9n beneficiados son la Ilustre Municipalidad de R\u00edo Ib\u00e1\u00f1ez, la Ilustre Municipalidad de Cochrane y la Ilustre Municipalidad de O\u2019Higgins.<\/p>\n<\/div><\/section><\/div><\/p>\n<div  style='height:50px' class='hr hr-invisible   avia-builder-el-6  el_after_av_one_full  el_before_av_social_share '><span class='hr-inner ' ><span class='hr-inner-style'><\/span><\/span><\/div>\n<div  class='av-social-sharing-box  avia-builder-el-7  el_after_av_hr  el_before_av_hr  '><div class='av-share-box'><h5 class='av-share-link-description av-no-toc '>Compartir esta noticia<\/h5><ul class='av-share-box-list noLightbox'><li class='av-share-link av-social-link-facebook' ><a target=\"_blank\" aria-label=\"Compartir en Facebook\" href='https:\/\/www.facebook.com\/sharer.php?u=https:\/\/radiorevelacionfm.cl\/?p=20664&#038;t=Por%20tercer%20a%C3%B1o%20consecutivo%20municipio%20de%20R%C3%ADo%20Ib%C3%A1%C3%B1ez%20recibe%20recursos%20del%20Fondo%20de%20Incentivo%20al%20Mejoramiento%20de%20la%20Gesti%C3%B3n%20%28FIGEM%29' aria-hidden='false' data-av_icon='\ue8f3' data-av_iconfont='entypo-fontello' title='' data-avia-related-tooltip='Compartir en Facebook' rel=\"noopener\"><span class='avia_hidden_link_text'>Compartir en Facebook<\/span><\/a><\/li><li class='av-share-link av-social-link-twitter' ><a target=\"_blank\" aria-label=\"Compartir en Twitter\" href='https:\/\/twitter.com\/share?text=Por%20tercer%20a%C3%B1o%20consecutivo%20municipio%20de%20R%C3%ADo%20Ib%C3%A1%C3%B1ez%20recibe%20recursos%20del%20Fondo%20de%20Incentivo%20al%20Mejoramiento%20de%20la%20Gesti%C3%B3n%20%28FIGEM%29&#038;url=https:\/\/radiorevelacionfm.cl\/?p=20664' aria-hidden='false' data-av_icon='\ue8f1' data-av_iconfont='entypo-fontello' title='' data-avia-related-tooltip='Compartir en Twitter' rel=\"noopener\"><span class='avia_hidden_link_text'>Compartir en Twitter<\/span><\/a><\/li><li class='av-share-link av-social-link-whatsapp' ><a target=\"_blank\" aria-label=\"Compartir en Whatsapp\" href='https:\/\/api.whatsapp.com\/send?text=https:\/\/radiorevelacionfm.cl\/?p=20664' aria-hidden='false' data-av_icon='\uf232' data-av_iconfont='entypo-fontello' title='' data-avia-related-tooltip='Compartir en Whatsapp' rel=\"noopener\"><span class='avia_hidden_link_text'>Compartir en Whatsapp<\/span><\/a><\/li><li class='av-share-link av-social-link-linkedin' ><a target=\"_blank\" aria-label=\"Compartir en LinkedIn\" href='https:\/\/linkedin.com\/shareArticle?mini=true&#038;title=Por%20tercer%20a%C3%B1o%20consecutivo%20municipio%20de%20R%C3%ADo%20Ib%C3%A1%C3%B1ez%20recibe%20recursos%20del%20Fondo%20de%20Incentivo%20al%20Mejoramiento%20de%20la%20Gesti%C3%B3n%20%28FIGEM%29&#038;url=https:\/\/radiorevelacionfm.cl\/?p=20664' aria-hidden='false' data-av_icon='\ue8fc' data-av_iconfont='entypo-fontello' title='' data-avia-related-tooltip='Compartir en LinkedIn' rel=\"noopener\"><span class='avia_hidden_link_text'>Compartir en LinkedIn<\/span><\/a><\/li><li class='av-share-link av-social-link-mail' ><a  aria-label=\"Compartir por correo\" href='mailto:?subject=Por%20tercer%20a%C3%B1o%20consecutivo%20municipio%20de%20R%C3%ADo%20Ib%C3%A1%C3%B1ez%20recibe%20recursos%20del%20Fondo%20de%20Incentivo%20al%20Mejoramiento%20de%20la%20Gesti%C3%B3n%20%28FIGEM%29&#038;body=https:\/\/radiorevelacionfm.cl\/?p=20664' aria-hidden='false' data-av_icon='\ue805' data-av_iconfont='entypo-fontello' title='' data-avia-related-tooltip='Compartir por correo'><span class='avia_hidden_link_text'>Compartir por correo<\/span><\/a><\/li><\/ul><\/div><\/div>\n<div  style='height:50px' class='hr hr-invisible   avia-builder-el-8  el_after_av_social_share  el_before_av_comments_list '><span class='hr-inner ' ><span class='hr-inner-style'><\/span><\/span><\/div>\n<div  class='av-buildercomment  av-blog-meta-html-info-disabled av-blog-meta-tag-disabled  '><\/div>\n","protected":false},"excerpt":{"rendered":"","protected":false},"author":1,"featured_media":20665,"comment_status":"open","ping_status":"open","sticky":false,"template":"","format":"standard","meta":{"footnotes":""},"categories":[38],"tags":[],"class_list":["post-20664","post","type-post","status-publish","format-standard","has-post-thumbnail","hentry","category-regional"],"jetpack_featured_media_url":"https:\/\/radiorevelacionfm.cl\/wp-content\/uploads\/2022\/08\/dsc_0309-1_optimized.jpg","_links":{"self":[{"href":"https:\/\/radiorevelacionfm.cl\/index.php?rest_route=\/wp\/v2\/posts\/20664","targetHints":{"allow":["GET"]}}],"collection":[{"href":"https:\/\/radiorevelacionfm.cl\/index.php?rest_route=\/wp\/v2\/posts"}],"about":[{"href":"https:\/\/radiorevelacionfm.cl\/index.php?rest_route=\/wp\/v2\/types\/post"}],"author":[{"embeddable":true,"href":"https:\/\/radiorevelacionfm.cl\/index.php?rest_route=\/wp\/v2\/users\/1"}],"replies":[{"embeddable":true,"href":"https:\/\/radiorevelacionfm.cl\/index.php?rest_route=%2Fwp%2Fv2%2Fcomments&post=20664"}],"version-history":[{"count":3,"href":"https:\/\/radiorevelacionfm.cl\/index.php?rest_route=\/wp\/v2\/posts\/20664\/revisions"}],"predecessor-version":[{"id":20684,"href":"https:\/\/radiorevelacionfm.cl\/index.php?rest_route=\/wp\/v2\/posts\/20664\/revisions\/20684"}],"wp:featuredmedia":[{"embeddable":true,"href":"https:\/\/radiorevelacionfm.cl\/index.php?rest_route=\/wp\/v2\/media\/20665"}],"wp:attachment":[{"href":"https:\/\/radiorevelacionfm.cl\/index.php?rest_route=%2Fwp%2Fv2%2Fmedia&parent=20664"}],"wp:term":[{"taxonomy":"category","embeddable":true,"href":"https:\/\/radiorevelacionfm.cl\/index.php?rest_route=%2Fwp%2Fv2%2Fcategories&post=20664"},{"taxonomy":"post_tag","embeddable":true,"href":"https:\/\/radiorevelacionfm.cl\/index.php?rest_route=%2Fwp%2Fv2%2Ftags&post=20664"}],"curies":[{"name":"wp","href":"https:\/\/api.w.org\/{rel}","templated":true}]}}