{"id":20654,"date":"2022-08-18T12:05:59","date_gmt":"2022-08-18T15:05:59","guid":{"rendered":"https:\/\/radiorevelacionfm.cl\/?p=20654"},"modified":"2022-08-18T12:05:59","modified_gmt":"2022-08-18T15:05:59","slug":"consejeros-sostienen-reuniones-en-santiago-previas-a-la-sesion-de-discrepancias-para-definir-presupuesto-2023","status":"publish","type":"post","link":"https:\/\/radiorevelacionfm.cl\/?p=20654","title":{"rendered":"Consejeros sostienen reuniones en Santiago previas a la sesi\u00f3n de discrepancias para definir presupuesto 2023"},"content":{"rendered":"<div class=\"flex_column av_one_full  flex_column_div av-zero-column-padding first  avia-builder-el-0  el_before_av_one_full  avia-builder-el-first  \" style='border-radius:0px; '><div  class='avia-image-container  av-styling-    avia-builder-el-1  avia-builder-el-no-sibling  avia-align-center '  itemprop=\"image\" itemscope=\"itemscope\" itemtype=\"https:\/\/schema.org\/ImageObject\"  ><div class='avia-image-container-inner'><div class='avia-image-overlay-wrap'><img decoding=\"async\" class='wp-image-20655 avia-img-lazy-loading-not-20655 avia_image' src=\"https:\/\/radiorevelacionfm.cl\/wp-content\/uploads\/2022\/08\/IMG_0387C-1-1.jpg\" alt='' title='IMG_0387C (1) (1)' height=\"600\" width=\"938\"  itemprop=\"thumbnailUrl\" srcset=\"https:\/\/radiorevelacionfm.cl\/wp-content\/uploads\/2022\/08\/IMG_0387C-1-1.jpg 938w, https:\/\/radiorevelacionfm.cl\/wp-content\/uploads\/2022\/08\/IMG_0387C-1-1-300x192.jpg 300w, https:\/\/radiorevelacionfm.cl\/wp-content\/uploads\/2022\/08\/IMG_0387C-1-1-768x491.jpg 768w, https:\/\/radiorevelacionfm.cl\/wp-content\/uploads\/2022\/08\/IMG_0387C-1-1-705x451.jpg 705w, https:\/\/radiorevelacionfm.cl\/wp-content\/uploads\/2022\/08\/IMG_0387C-1-1-600x384.jpg 600w\" sizes=\"(max-width: 938px) 100vw, 938px\" \/><\/div><\/div><\/div><\/div><div class=\"flex_column av_one_full  flex_column_div av-zero-column-padding first  avia-builder-el-2  el_after_av_one_full  el_before_av_one_full  column-top-margin\" style='border-radius:0px; '><section class=\"av_textblock_section \"  itemscope=\"itemscope\" itemtype=\"https:\/\/schema.org\/BlogPosting\" itemprop=\"blogPost\" ><div class='avia_textblock  '   itemprop=\"text\" ><p style=\"text-align: center;\"><strong><span style=\"font-size: 18pt;\">Consejeros sostienen reuniones en Santiago previas a la sesi\u00f3n de discrepancias para definir presupuesto 2023 <\/span><\/strong><\/p>\n<div id=\"gtx-trans\" style=\"position: absolute; left: -50px; top: 4.31534px;\">\n<div class=\"gtx-trans-icon\"><\/div>\n<\/div>\n<\/div><\/section><\/div><div class=\"flex_column av_one_full  flex_column_div av-zero-column-padding first  avia-builder-el-4  el_after_av_one_full  el_before_av_hr  column-top-margin\" style='border-radius:0px; '><section class=\"av_textblock_section \"  itemscope=\"itemscope\" itemtype=\"https:\/\/schema.org\/BlogPosting\" itemprop=\"blogPost\" ><div class='avia_textblock  '   itemprop=\"text\" ><p dir=\"ltr\" style=\"text-align: justify;\">Los Consejeros Regionales de Ays\u00e9n Ra\u00fal Rudolphi (RN), Jorge Abello (DC), Sergio Gonz\u00e1lez (DC), junto a la Consejera Paula Acu\u00f1a (CS) asistieron a tres audiencias durante este mi\u00e9rcoles en Santiago, con el objetivo de tratar temas para el mejoramiento de la regi\u00f3n previas a la sesi\u00f3n de discrepancias con la Subsecretar\u00eda de Desarrollo Regional y Administrativo (SUBDERE) para fijar el presupuesto del 2023.<\/p>\n<p dir=\"ltr\" style=\"text-align: justify;\">A primera hora se reunieron con el jefe de Inversiones del Ministerio de Salud, Jorge Cox, para tratar temas relativos a la ejecuci\u00f3n del proyecto \u00abAdquisici\u00f3n de M\u00f3dulo Hospitalario para Policl\u00ednico de Especialidades M\u00e9dicas del Hospital Regional Coyhaique\u00bb.<\/p>\n<p dir=\"ltr\" style=\"text-align: justify;\">Sobre el plan, el presidente de la comisi\u00f3n de Desarrollo Social, Sergio Gonz\u00e1lez, expres\u00f3 que \u00abtiene bastante retraso. Pero que sin duda, con la voluntad de ambas partes, tanto del Ministerio (de Salud) como tambi\u00e9n las gestiones que se puedan hacer por parte de Salud en la regi\u00f3n, vamos a ir avanzando y que en el \u00faltimo trimestre del a\u00f1o se pueda llamar a licitaci\u00f3n para lo que es el dise\u00f1o\u00bb, indic\u00f3 la autoridad.<\/p>\n<p dir=\"ltr\" style=\"text-align: justify;\">M\u00e1s tarde hubo un encuentro en la Direcci\u00f3n de Presupuesto (DIPRES), para conversar sobre las medidas adoptadas institucionalmente para el avance de la ejecuci\u00f3n del presupuesto del Gobierno Regional de Ays\u00e9n del 2022, del cual se aprob\u00f3 modificar en mayo pasado, y el pr\u00f3ximo proceso de formulaci\u00f3n del presupuesto 2023.<\/p>\n<p dir=\"ltr\" style=\"text-align: justify;\">Finalmente, los CORES se reunieron con Marco Mancilla, Secretario Ejecutivo (S) de la Comisi\u00f3n Nacional de Energ\u00eda (CNE). All\u00ed, trataron temas\u00a0 relativos al Sistemas Aislados Regulados en la Regi\u00f3n de Ays\u00e9n, espec\u00edficamente de la extensi\u00f3n el\u00e9ctrica desde las comunas de Cochrane a Caleta Tortel.<\/p>\n<p dir=\"ltr\" style=\"text-align: justify;\">\u00abNos vamos con cierta satisfacci\u00f3n, con la confianza de que el proyecto en definitiva puede continuar tal cual como ha sido proyectado, que est\u00e1 en el plan de zona de rezago. Esperamos que el proyecto pueda estar lo antes posible. No m\u00e1s all\u00e1 del pr\u00f3ximo a\u00f1o estemos hablando del financiamiento del proyecto tan anhelado para la comuna de Caleta Tortel\u00bb, expres\u00f3 el Consejero Jorge Abello, integrante de la comisi\u00f3n de Infraestructura, Transporte y Telecomunicaciones.<\/p>\n<p dir=\"ltr\" style=\"text-align: justify;\">Durante este jueves,\u00a0 los cuatro Consejeros Regionales sostendr\u00e1n audiencias con los directores de Vialidad, Conaf, Nacional de Arquitectura y Monumentos Nacionales.<\/p>\n<\/div><\/section><\/div><div  style='height:50px' class='hr hr-invisible   avia-builder-el-6  el_after_av_one_full  el_before_av_social_share '><span class='hr-inner ' ><span class='hr-inner-style'><\/span><\/span><\/div><\/p>\n<div  class='av-social-sharing-box  avia-builder-el-7  el_after_av_hr  el_before_av_hr  '><div class='av-share-box'><h5 class='av-share-link-description av-no-toc '>Compartir esta noticia<\/h5><ul class='av-share-box-list noLightbox'><li class='av-share-link av-social-link-facebook' ><a target=\"_blank\" aria-label=\"Compartir en Facebook\" href='https:\/\/www.facebook.com\/sharer.php?u=https:\/\/radiorevelacionfm.cl\/?p=20654&#038;t=Consejeros%20sostienen%20reuniones%20en%20Santiago%20previas%20a%20la%20sesi%C3%B3n%20de%20discrepancias%20para%20definir%20presupuesto%202023' aria-hidden='false' data-av_icon='\ue8f3' data-av_iconfont='entypo-fontello' title='' data-avia-related-tooltip='Compartir en Facebook' rel=\"noopener\"><span class='avia_hidden_link_text'>Compartir en Facebook<\/span><\/a><\/li><li class='av-share-link av-social-link-twitter' ><a target=\"_blank\" aria-label=\"Compartir en Twitter\" href='https:\/\/twitter.com\/share?text=Consejeros%20sostienen%20reuniones%20en%20Santiago%20previas%20a%20la%20sesi%C3%B3n%20de%20discrepancias%20para%20definir%20presupuesto%202023&#038;url=https:\/\/radiorevelacionfm.cl\/?p=20654' aria-hidden='false' data-av_icon='\ue8f1' data-av_iconfont='entypo-fontello' title='' data-avia-related-tooltip='Compartir en Twitter' rel=\"noopener\"><span class='avia_hidden_link_text'>Compartir en Twitter<\/span><\/a><\/li><li class='av-share-link av-social-link-whatsapp' ><a target=\"_blank\" aria-label=\"Compartir en Whatsapp\" href='https:\/\/api.whatsapp.com\/send?text=https:\/\/radiorevelacionfm.cl\/?p=20654' aria-hidden='false' data-av_icon='\uf232' data-av_iconfont='entypo-fontello' title='' data-avia-related-tooltip='Compartir en Whatsapp' rel=\"noopener\"><span class='avia_hidden_link_text'>Compartir en Whatsapp<\/span><\/a><\/li><li class='av-share-link av-social-link-linkedin' ><a target=\"_blank\" aria-label=\"Compartir en LinkedIn\" href='https:\/\/linkedin.com\/shareArticle?mini=true&#038;title=Consejeros%20sostienen%20reuniones%20en%20Santiago%20previas%20a%20la%20sesi%C3%B3n%20de%20discrepancias%20para%20definir%20presupuesto%202023&#038;url=https:\/\/radiorevelacionfm.cl\/?p=20654' aria-hidden='false' data-av_icon='\ue8fc' data-av_iconfont='entypo-fontello' title='' data-avia-related-tooltip='Compartir en LinkedIn' rel=\"noopener\"><span class='avia_hidden_link_text'>Compartir en LinkedIn<\/span><\/a><\/li><li class='av-share-link av-social-link-mail' ><a  aria-label=\"Compartir por correo\" href='mailto:?subject=Consejeros%20sostienen%20reuniones%20en%20Santiago%20previas%20a%20la%20sesi%C3%B3n%20de%20discrepancias%20para%20definir%20presupuesto%202023&#038;body=https:\/\/radiorevelacionfm.cl\/?p=20654' aria-hidden='false' data-av_icon='\ue805' data-av_iconfont='entypo-fontello' title='' data-avia-related-tooltip='Compartir por correo'><span class='avia_hidden_link_text'>Compartir por correo<\/span><\/a><\/li><\/ul><\/div><\/div>\n<div  style='height:50px' class='hr hr-invisible   avia-builder-el-8  el_after_av_social_share  el_before_av_comments_list '><span class='hr-inner ' ><span class='hr-inner-style'><\/span><\/span><\/div>\n<div  class='av-buildercomment  av-blog-meta-html-info-disabled av-blog-meta-tag-disabled  '><\/div>\n","protected":false},"excerpt":{"rendered":"","protected":false},"author":1,"featured_media":20655,"comment_status":"open","ping_status":"open","sticky":false,"template":"","format":"standard","meta":{"footnotes":""},"categories":[38],"tags":[],"class_list":["post-20654","post","type-post","status-publish","format-standard","has-post-thumbnail","hentry","category-regional"],"jetpack_featured_media_url":"https:\/\/radiorevelacionfm.cl\/wp-content\/uploads\/2022\/08\/IMG_0387C-1-1.jpg","_links":{"self":[{"href":"https:\/\/radiorevelacionfm.cl\/index.php?rest_route=\/wp\/v2\/posts\/20654","targetHints":{"allow":["GET"]}}],"collection":[{"href":"https:\/\/radiorevelacionfm.cl\/index.php?rest_route=\/wp\/v2\/posts"}],"about":[{"href":"https:\/\/radiorevelacionfm.cl\/index.php?rest_route=\/wp\/v2\/types\/post"}],"author":[{"embeddable":true,"href":"https:\/\/radiorevelacionfm.cl\/index.php?rest_route=\/wp\/v2\/users\/1"}],"replies":[{"embeddable":true,"href":"https:\/\/radiorevelacionfm.cl\/index.php?rest_route=%2Fwp%2Fv2%2Fcomments&post=20654"}],"version-history":[{"count":2,"href":"https:\/\/radiorevelacionfm.cl\/index.php?rest_route=\/wp\/v2\/posts\/20654\/revisions"}],"predecessor-version":[{"id":20663,"href":"https:\/\/radiorevelacionfm.cl\/index.php?rest_route=\/wp\/v2\/posts\/20654\/revisions\/20663"}],"wp:featuredmedia":[{"embeddable":true,"href":"https:\/\/radiorevelacionfm.cl\/index.php?rest_route=\/wp\/v2\/media\/20655"}],"wp:attachment":[{"href":"https:\/\/radiorevelacionfm.cl\/index.php?rest_route=%2Fwp%2Fv2%2Fmedia&parent=20654"}],"wp:term":[{"taxonomy":"category","embeddable":true,"href":"https:\/\/radiorevelacionfm.cl\/index.php?rest_route=%2Fwp%2Fv2%2Fcategories&post=20654"},{"taxonomy":"post_tag","embeddable":true,"href":"https:\/\/radiorevelacionfm.cl\/index.php?rest_route=%2Fwp%2Fv2%2Ftags&post=20654"}],"curies":[{"name":"wp","href":"https:\/\/api.w.org\/{rel}","templated":true}]}}