{"id":20650,"date":"2022-08-18T10:18:36","date_gmt":"2022-08-18T13:18:36","guid":{"rendered":"https:\/\/radiorevelacionfm.cl\/?p=20650"},"modified":"2022-08-18T10:18:36","modified_gmt":"2022-08-18T13:18:36","slug":"calisto-se-reune-con-ministro-de-energia-por-crisis-de-abastecimiento-de-pellet-que-afecta-a-la-region","status":"publish","type":"post","link":"https:\/\/radiorevelacionfm.cl\/?p=20650","title":{"rendered":"Calisto se re\u00fane con Ministro de Energ\u00eda por crisis de abastecimiento de pellet que afecta a la Regi\u00f3n"},"content":{"rendered":"<div class=\"flex_column av_one_full  flex_column_div av-zero-column-padding first  avia-builder-el-0  el_before_av_one_full  avia-builder-el-first  \" style='border-radius:0px; '><div  class='avia-image-container  av-styling-    avia-builder-el-1  avia-builder-el-no-sibling  avia-align-center '  itemprop=\"image\" itemscope=\"itemscope\" itemtype=\"https:\/\/schema.org\/ImageObject\"  ><div class='avia-image-container-inner'><div class='avia-image-overlay-wrap'><img decoding=\"async\" class='wp-image-20651 avia-img-lazy-loading-not-20651 avia_image' src=\"https:\/\/radiorevelacionfm.cl\/wp-content\/uploads\/2022\/08\/foto-reu-ministro-2-1_optimized.jpeg\" alt='' title='foto-reu-ministro-2-(1)_optimized' height=\"600\" width=\"900\"  itemprop=\"thumbnailUrl\" srcset=\"https:\/\/radiorevelacionfm.cl\/wp-content\/uploads\/2022\/08\/foto-reu-ministro-2-1_optimized.jpeg 900w, https:\/\/radiorevelacionfm.cl\/wp-content\/uploads\/2022\/08\/foto-reu-ministro-2-1_optimized-300x200.jpeg 300w, https:\/\/radiorevelacionfm.cl\/wp-content\/uploads\/2022\/08\/foto-reu-ministro-2-1_optimized-768x512.jpeg 768w, https:\/\/radiorevelacionfm.cl\/wp-content\/uploads\/2022\/08\/foto-reu-ministro-2-1_optimized-705x470.jpeg 705w, https:\/\/radiorevelacionfm.cl\/wp-content\/uploads\/2022\/08\/foto-reu-ministro-2-1_optimized-600x400.jpeg 600w\" sizes=\"(max-width: 900px) 100vw, 900px\" \/><\/div><\/div><\/div><\/div><div class=\"flex_column av_one_full  flex_column_div av-zero-column-padding first  avia-builder-el-2  el_after_av_one_full  el_before_av_one_full  column-top-margin\" style='border-radius:0px; '><section class=\"av_textblock_section \"  itemscope=\"itemscope\" itemtype=\"https:\/\/schema.org\/BlogPosting\" itemprop=\"blogPost\" ><div class='avia_textblock  '   itemprop=\"text\" ><p style=\"text-align: center;\"><strong><span style=\"font-size: 18pt;\">Calisto se re\u00fane con Ministro de Energ\u00eda por crisis de abastecimiento de pellet que afecta a la Regi\u00f3n<\/span><\/strong><\/p>\n<div id=\"gtx-trans\" style=\"position: absolute; left: -50px; top: 4.31534px;\">\n<div class=\"gtx-trans-icon\"><\/div>\n<\/div>\n<\/div><\/section><\/div><div class=\"flex_column av_one_full  flex_column_div av-zero-column-padding first  avia-builder-el-4  el_after_av_one_full  el_before_av_hr  column-top-margin\" style='border-radius:0px; '><section class=\"av_textblock_section \"  itemscope=\"itemscope\" itemtype=\"https:\/\/schema.org\/BlogPosting\" itemprop=\"blogPost\" ><div class='avia_textblock  '   itemprop=\"text\" ><p style=\"font-weight: 400; text-align: justify;\">Ante la crisis que se vive en la regi\u00f3n de Ays\u00e9n por el desabastecimiento de pellet, hecho que afecta a muchas familias que tienen estufas que funcionan con este producto, el diputado Miguel \u00c1ngel Calisto se reuni\u00f3 con el Ministro de Energ\u00eda, Claudio Huepe, quien confirm\u00f3 que entre las alternativas que se est\u00e1n barajando est\u00e1 la de potenciar la producci\u00f3n local de este producto.<\/p>\n<p style=\"font-weight: 400; text-align: justify;\">Seg\u00fan el diputado Calisto, \u201cestamos agradecidos de la disposici\u00f3n del Ministro para poder buscar una soluci\u00f3n a la crisis que estamos viviendo. Lo que buscamos es que el Gobierno se haga cargo de una responsabilidad que le corresponde. El Gobierno debe gobernar, y por ende, garantizar el suministro de pellet en nuestra regi\u00f3n, tomando en cuenta las filas que tenemos para conseguir este producto, donde hay adultos mayores y familias\u201d.<\/p>\n<p style=\"font-weight: 400; text-align: justify;\">\u201cEl Ministro garantiz\u00f3 que la principal empresa que provee pellet en Chile se instale en la regi\u00f3n. En segundo lugar, que se pueda apoyar a la planta que est\u00e1 en Alto Baguales en Coyhaique para echarla andar y que podr\u00eda garantizar cerca de 6 toneladas semanales de pellet para la regi\u00f3n. Tambi\u00e9n afirm\u00f3 que se realizar\u00e1 un trabajo con las cooperativas de le\u00f1eros para que se pueda contar con la materia prima\u201d.<\/p>\n<p style=\"font-weight: 400; text-align: justify;\">\u201cNos quedamos con el compromiso del Ministro para poder garantizar la provisi\u00f3n de este elemento tan importante, sobre todo ahora que estamos viviendo un invierno tan duro en la regi\u00f3n de Ays\u00e9n\u201d, se\u00f1al\u00f3 el legislador.<\/p>\n<p style=\"font-weight: 400; text-align: justify;\">Por su parte, el Ministro Claudio Huepe asegur\u00f3 que \u201ctuvimos una reuni\u00f3n muy provechosa con el diputado, intercambiando alguna informaci\u00f3n sobre c\u00f3mo ha funcionado el mercado del pellet en la regi\u00f3n de Ays\u00e9n. Ac\u00e1 tenemos algunas dificultades, como su situaci\u00f3n geogr\u00e1fica, porque recibe el pellet desde otras regiones, y existen algunas dificultades particulares en cuanto al abastecimiento\u201d.<\/p>\n<p style=\"font-weight: 400; text-align: justify;\">\u201cA corto plazo, nosotros estamos haciendo un seguimiento semanal de la disponibilidad de pellet y estamos movilizando este implemento hacia la regi\u00f3n de Ays\u00e9n, siempre que hay no usos en otras zonas. Tambi\u00e9n hemos facilitado accesos en el transporte por barcazas, hemos conseguido materia prima para poder aumentar la producci\u00f3n de pellet y hemos hablado con las empresas para que establezcan m\u00e1s puntos de distribuci\u00f3n, de tal manera de evitar las aglomeraciones y las dificultades de acceso\u201d, indic\u00f3.<\/p>\n<p style=\"font-weight: 400; text-align: justify;\">La autoridad agreg\u00f3 que \u201cen el mediano plazo, estamos trabajando para que haya un desarrollo de pellet en la propia regi\u00f3n, para que haya producci\u00f3n propia y de aqu\u00ed al pr\u00f3ximo a\u00f1o no vuelva a ocurrir lo que ahora est\u00e1 sucediendo\u201d.<\/p>\n<p style=\"font-weight: 400; text-align: justify;\">Finalmente, el Ministro de Energ\u00eda asegur\u00f3 que \u201ca m\u00e1s largo plazo, el trabajo es para el desarrollo mayor de la industria del pellet, es decir una expansi\u00f3n de la producci\u00f3n, b\u00fasqueda de fuentes alternativas de materia prima, expansi\u00f3n de la producci\u00f3n de los artefactos de pellet, para que haya m\u00e1s nivel de disponibilidad y a mejores precios para las personas\u201d.<\/p>\n<\/div><\/section><\/div><div  style='height:50px' class='hr hr-invisible   avia-builder-el-6  el_after_av_one_full  el_before_av_social_share '><span class='hr-inner ' ><span class='hr-inner-style'><\/span><\/span><\/div><\/p>\n<div  class='av-social-sharing-box  avia-builder-el-7  el_after_av_hr  el_before_av_hr  '><div class='av-share-box'><h5 class='av-share-link-description av-no-toc '>Compartir esta noticia<\/h5><ul class='av-share-box-list noLightbox'><li class='av-share-link av-social-link-facebook' ><a target=\"_blank\" aria-label=\"Compartir en Facebook\" href='https:\/\/www.facebook.com\/sharer.php?u=https:\/\/radiorevelacionfm.cl\/?p=20650&#038;t=Calisto%20se%20re%C3%BAne%20con%20Ministro%20de%20Energ%C3%ADa%20por%20crisis%20de%20abastecimiento%20de%20pellet%20que%20afecta%20a%20la%20Regi%C3%B3n' aria-hidden='false' data-av_icon='\ue8f3' data-av_iconfont='entypo-fontello' title='' data-avia-related-tooltip='Compartir en Facebook' rel=\"noopener\"><span class='avia_hidden_link_text'>Compartir en Facebook<\/span><\/a><\/li><li class='av-share-link av-social-link-twitter' ><a target=\"_blank\" aria-label=\"Compartir en Twitter\" href='https:\/\/twitter.com\/share?text=Calisto%20se%20re%C3%BAne%20con%20Ministro%20de%20Energ%C3%ADa%20por%20crisis%20de%20abastecimiento%20de%20pellet%20que%20afecta%20a%20la%20Regi%C3%B3n&#038;url=https:\/\/radiorevelacionfm.cl\/?p=20650' aria-hidden='false' data-av_icon='\ue8f1' data-av_iconfont='entypo-fontello' title='' data-avia-related-tooltip='Compartir en Twitter' rel=\"noopener\"><span class='avia_hidden_link_text'>Compartir en Twitter<\/span><\/a><\/li><li class='av-share-link av-social-link-whatsapp' ><a target=\"_blank\" aria-label=\"Compartir en Whatsapp\" href='https:\/\/api.whatsapp.com\/send?text=https:\/\/radiorevelacionfm.cl\/?p=20650' aria-hidden='false' data-av_icon='\uf232' data-av_iconfont='entypo-fontello' title='' data-avia-related-tooltip='Compartir en Whatsapp' rel=\"noopener\"><span class='avia_hidden_link_text'>Compartir en Whatsapp<\/span><\/a><\/li><li class='av-share-link av-social-link-linkedin' ><a target=\"_blank\" aria-label=\"Compartir en LinkedIn\" href='https:\/\/linkedin.com\/shareArticle?mini=true&#038;title=Calisto%20se%20re%C3%BAne%20con%20Ministro%20de%20Energ%C3%ADa%20por%20crisis%20de%20abastecimiento%20de%20pellet%20que%20afecta%20a%20la%20Regi%C3%B3n&#038;url=https:\/\/radiorevelacionfm.cl\/?p=20650' aria-hidden='false' data-av_icon='\ue8fc' data-av_iconfont='entypo-fontello' title='' data-avia-related-tooltip='Compartir en LinkedIn' rel=\"noopener\"><span class='avia_hidden_link_text'>Compartir en LinkedIn<\/span><\/a><\/li><li class='av-share-link av-social-link-mail' ><a  aria-label=\"Compartir por correo\" href='mailto:?subject=Calisto%20se%20re%C3%BAne%20con%20Ministro%20de%20Energ%C3%ADa%20por%20crisis%20de%20abastecimiento%20de%20pellet%20que%20afecta%20a%20la%20Regi%C3%B3n&#038;body=https:\/\/radiorevelacionfm.cl\/?p=20650' aria-hidden='false' data-av_icon='\ue805' data-av_iconfont='entypo-fontello' title='' data-avia-related-tooltip='Compartir por correo'><span class='avia_hidden_link_text'>Compartir por correo<\/span><\/a><\/li><\/ul><\/div><\/div>\n<div  style='height:50px' class='hr hr-invisible   avia-builder-el-8  el_after_av_social_share  el_before_av_comments_list '><span class='hr-inner ' ><span class='hr-inner-style'><\/span><\/span><\/div>\n<div  class='av-buildercomment  av-blog-meta-html-info-disabled av-blog-meta-tag-disabled  '><\/div>\n","protected":false},"excerpt":{"rendered":"","protected":false},"author":1,"featured_media":20651,"comment_status":"open","ping_status":"open","sticky":false,"template":"","format":"standard","meta":{"footnotes":""},"categories":[35],"tags":[],"class_list":["post-20650","post","type-post","status-publish","format-standard","has-post-thumbnail","hentry","category-politica"],"jetpack_featured_media_url":"https:\/\/radiorevelacionfm.cl\/wp-content\/uploads\/2022\/08\/foto-reu-ministro-2-1_optimized.jpeg","_links":{"self":[{"href":"https:\/\/radiorevelacionfm.cl\/index.php?rest_route=\/wp\/v2\/posts\/20650","targetHints":{"allow":["GET"]}}],"collection":[{"href":"https:\/\/radiorevelacionfm.cl\/index.php?rest_route=\/wp\/v2\/posts"}],"about":[{"href":"https:\/\/radiorevelacionfm.cl\/index.php?rest_route=\/wp\/v2\/types\/post"}],"author":[{"embeddable":true,"href":"https:\/\/radiorevelacionfm.cl\/index.php?rest_route=\/wp\/v2\/users\/1"}],"replies":[{"embeddable":true,"href":"https:\/\/radiorevelacionfm.cl\/index.php?rest_route=%2Fwp%2Fv2%2Fcomments&post=20650"}],"version-history":[{"count":2,"href":"https:\/\/radiorevelacionfm.cl\/index.php?rest_route=\/wp\/v2\/posts\/20650\/revisions"}],"predecessor-version":[{"id":20657,"href":"https:\/\/radiorevelacionfm.cl\/index.php?rest_route=\/wp\/v2\/posts\/20650\/revisions\/20657"}],"wp:featuredmedia":[{"embeddable":true,"href":"https:\/\/radiorevelacionfm.cl\/index.php?rest_route=\/wp\/v2\/media\/20651"}],"wp:attachment":[{"href":"https:\/\/radiorevelacionfm.cl\/index.php?rest_route=%2Fwp%2Fv2%2Fmedia&parent=20650"}],"wp:term":[{"taxonomy":"category","embeddable":true,"href":"https:\/\/radiorevelacionfm.cl\/index.php?rest_route=%2Fwp%2Fv2%2Fcategories&post=20650"},{"taxonomy":"post_tag","embeddable":true,"href":"https:\/\/radiorevelacionfm.cl\/index.php?rest_route=%2Fwp%2Fv2%2Ftags&post=20650"}],"curies":[{"name":"wp","href":"https:\/\/api.w.org\/{rel}","templated":true}]}}