{"id":20647,"date":"2022-08-18T13:54:04","date_gmt":"2022-08-18T16:54:04","guid":{"rendered":"https:\/\/radiorevelacionfm.cl\/?p=20647"},"modified":"2022-08-18T13:54:04","modified_gmt":"2022-08-18T16:54:04","slug":"sandoval-presenta-proyecto-de-ley-que-perfecciona-sistema-de-inscripciones-con-el-objeto-de-excluir-a-personas-fallecidas-del-registro-electoral","status":"publish","type":"post","link":"https:\/\/radiorevelacionfm.cl\/?p=20647","title":{"rendered":"Sandoval presenta proyecto de ley que perfecciona sistema de inscripciones con el objeto de excluir a personas fallecidas del Registro Electoral"},"content":{"rendered":"<div class=\"flex_column av_one_full  flex_column_div av-zero-column-padding first  avia-builder-el-0  el_before_av_one_full  avia-builder-el-first  \" style='border-radius:0px; '><div  class='avia-image-container  av-styling-    avia-builder-el-1  avia-builder-el-no-sibling  avia-align-center '  itemprop=\"image\" itemscope=\"itemscope\" itemtype=\"https:\/\/schema.org\/ImageObject\"  ><div class='avia-image-container-inner'><div class='avia-image-overlay-wrap'><img decoding=\"async\" class='wp-image-20648 avia-img-lazy-loading-not-20648 avia_image' src=\"https:\/\/radiorevelacionfm.cl\/wp-content\/uploads\/2022\/08\/senador-sandoval-11-1_optimized.jpg\" alt='' title='senador-sandoval-(11)-(1)_optimized' height=\"600\" width=\"900\"  itemprop=\"thumbnailUrl\" srcset=\"https:\/\/radiorevelacionfm.cl\/wp-content\/uploads\/2022\/08\/senador-sandoval-11-1_optimized.jpg 900w, https:\/\/radiorevelacionfm.cl\/wp-content\/uploads\/2022\/08\/senador-sandoval-11-1_optimized-300x200.jpg 300w, https:\/\/radiorevelacionfm.cl\/wp-content\/uploads\/2022\/08\/senador-sandoval-11-1_optimized-768x512.jpg 768w, https:\/\/radiorevelacionfm.cl\/wp-content\/uploads\/2022\/08\/senador-sandoval-11-1_optimized-705x470.jpg 705w, https:\/\/radiorevelacionfm.cl\/wp-content\/uploads\/2022\/08\/senador-sandoval-11-1_optimized-600x400.jpg 600w\" sizes=\"(max-width: 900px) 100vw, 900px\" \/><\/div><\/div><\/div><\/div><div class=\"flex_column av_one_full  flex_column_div av-zero-column-padding first  avia-builder-el-2  el_after_av_one_full  el_before_av_one_full  column-top-margin\" style='border-radius:0px; '><section class=\"av_textblock_section \"  itemscope=\"itemscope\" itemtype=\"https:\/\/schema.org\/BlogPosting\" itemprop=\"blogPost\" ><div class='avia_textblock  '   itemprop=\"text\" ><p style=\"text-align: center;\"><span style=\"font-size: 18pt;\"><strong>Sandoval presenta proyecto de ley que perfecciona<\/strong><strong> sistema de inscripciones con el objeto de excluir a personas fallecidas del Registro Electoral<\/strong><\/span><\/p>\n<div id=\"gtx-trans\" style=\"position: absolute; left: -50px; top: 4.31534px;\">\n<div class=\"gtx-trans-icon\"><\/div>\n<\/div>\n<\/div><\/section><\/div><div class=\"flex_column av_one_full  flex_column_div av-zero-column-padding first  avia-builder-el-4  el_after_av_one_full  el_before_av_hr  column-top-margin\" style='border-radius:0px; '><section class=\"av_textblock_section \"  itemscope=\"itemscope\" itemtype=\"https:\/\/schema.org\/BlogPosting\" itemprop=\"blogPost\" ><div class='avia_textblock  '   itemprop=\"text\" ><p style=\"text-align: justify;\">El Parlamentario present\u00f3 un proyecto de ley, considerando los casos conocidos en los \u00faltimos d\u00edas.<\/p>\n<p style=\"text-align: justify;\">Luego de que el pasado s\u00e1bado 20 de agosto se dieran a conocer los locales, vocales y mesas de votaci\u00f3n, comenzaron a salir a la luz distintos casos de denuncias por personas que, estando fallecidas, aparecen habilitadas para votar en el pr\u00f3ximo plebiscito del 4 de septiembre.<\/p>\n<p style=\"text-align: justify;\">En ese contexto es que el Senador David Sandoval, junto a un grupo de parlamentarios, present\u00f3 un proyecto de ley que perfecciona el sistema de inscripciones electorales con el objeto de excluir a las personas fallecidas del Registro Electoral. \u201cEl proyecto lo que busca es aclarar este proceso. Hemos visto que el Servel radica en el Registro Civil esta informaci\u00f3n, pero a su vez este servicio notifica todos los meses las defunciones a objeto que el Servel los retire del padr\u00f3n\u201d, argument\u00f3.<\/p>\n<p style=\"text-align: justify;\">La iniciativa establece que es el Servel, el responsable de requerir, en coordinaci\u00f3n con los dem\u00e1s organismos t\u00e9cnicos, el proceso de limpiar los registros electorales. Y adem\u00e1s, se plantea derogar el art\u00edculo 31 bis art\u00edculo 31 bis, de la Ley N\u00b018.556, Org\u00e1nica Constitucional sobre Sistema de Inscripciones Electorales y Servicio Electoral, que dice relaci\u00f3n con todas aquellas personas mayores de 90 a\u00f1os, sin c\u00e9dula vigente o sin participaci\u00f3n en \u00faltimos procesos electorales, que hab\u00edan sido eliminados de este padr\u00f3n.<\/p>\n<p style=\"text-align: justify;\">En esa l\u00ednea, Sandoval dijo: \u201csabemos que esto no tiene valor pr\u00e1ctico para la elecci\u00f3n del pr\u00f3ximo 4 de septiembre, pero creemos que no podemos seguir dilatando un procedimiento de esta naturaleza, (y as\u00ed) terminar con esta especie de nebulosa, en una instituci\u00f3n que debe tener toda la informaci\u00f3n pertinente\u201d.<\/p>\n<p style=\"text-align: justify;\">Con este proyecto, se\u00f1al\u00f3 finalmente el legislador, \u201cel Servel tendr\u00e1 que articular todos los mecanismos para asegurarse que en el registro electoral est\u00e9n todos los ciudadanos que formalmente deben estar habilitados (para votar).<\/p>\n<\/div><\/section><\/div><div  style='height:50px' class='hr hr-invisible   avia-builder-el-6  el_after_av_one_full  el_before_av_social_share '><span class='hr-inner ' ><span class='hr-inner-style'><\/span><\/span><\/div><\/p>\n<div  class='av-social-sharing-box  avia-builder-el-7  el_after_av_hr  el_before_av_hr  '><div class='av-share-box'><h5 class='av-share-link-description av-no-toc '>Compartir esta noticia<\/h5><ul class='av-share-box-list noLightbox'><li class='av-share-link av-social-link-facebook' ><a target=\"_blank\" aria-label=\"Compartir en Facebook\" href='https:\/\/www.facebook.com\/sharer.php?u=https:\/\/radiorevelacionfm.cl\/?p=20647&#038;t=Sandoval%20presenta%20proyecto%20de%20ley%20que%20perfecciona%20sistema%20de%20inscripciones%20con%20el%20objeto%20de%20excluir%20a%20personas%20fallecidas%20del%20Registro%20Electoral' aria-hidden='false' data-av_icon='\ue8f3' data-av_iconfont='entypo-fontello' title='' data-avia-related-tooltip='Compartir en Facebook' rel=\"noopener\"><span class='avia_hidden_link_text'>Compartir en Facebook<\/span><\/a><\/li><li class='av-share-link av-social-link-twitter' ><a target=\"_blank\" aria-label=\"Compartir en Twitter\" href='https:\/\/twitter.com\/share?text=Sandoval%20presenta%20proyecto%20de%20ley%20que%20perfecciona%20sistema%20de%20inscripciones%20con%20el%20objeto%20de%20excluir%20a%20personas%20fallecidas%20del%20Registro%20Electoral&#038;url=https:\/\/radiorevelacionfm.cl\/?p=20647' aria-hidden='false' data-av_icon='\ue8f1' data-av_iconfont='entypo-fontello' title='' data-avia-related-tooltip='Compartir en Twitter' rel=\"noopener\"><span class='avia_hidden_link_text'>Compartir en Twitter<\/span><\/a><\/li><li class='av-share-link av-social-link-whatsapp' ><a target=\"_blank\" aria-label=\"Compartir en Whatsapp\" href='https:\/\/api.whatsapp.com\/send?text=https:\/\/radiorevelacionfm.cl\/?p=20647' aria-hidden='false' data-av_icon='\uf232' data-av_iconfont='entypo-fontello' title='' data-avia-related-tooltip='Compartir en Whatsapp' rel=\"noopener\"><span class='avia_hidden_link_text'>Compartir en Whatsapp<\/span><\/a><\/li><li class='av-share-link av-social-link-linkedin' ><a target=\"_blank\" aria-label=\"Compartir en LinkedIn\" href='https:\/\/linkedin.com\/shareArticle?mini=true&#038;title=Sandoval%20presenta%20proyecto%20de%20ley%20que%20perfecciona%20sistema%20de%20inscripciones%20con%20el%20objeto%20de%20excluir%20a%20personas%20fallecidas%20del%20Registro%20Electoral&#038;url=https:\/\/radiorevelacionfm.cl\/?p=20647' aria-hidden='false' data-av_icon='\ue8fc' data-av_iconfont='entypo-fontello' title='' data-avia-related-tooltip='Compartir en LinkedIn' rel=\"noopener\"><span class='avia_hidden_link_text'>Compartir en LinkedIn<\/span><\/a><\/li><li class='av-share-link av-social-link-mail' ><a  aria-label=\"Compartir por correo\" href='mailto:?subject=Sandoval%20presenta%20proyecto%20de%20ley%20que%20perfecciona%20sistema%20de%20inscripciones%20con%20el%20objeto%20de%20excluir%20a%20personas%20fallecidas%20del%20Registro%20Electoral&#038;body=https:\/\/radiorevelacionfm.cl\/?p=20647' aria-hidden='false' data-av_icon='\ue805' data-av_iconfont='entypo-fontello' title='' data-avia-related-tooltip='Compartir por correo'><span class='avia_hidden_link_text'>Compartir por correo<\/span><\/a><\/li><\/ul><\/div><\/div>\n<div  style='height:50px' class='hr hr-invisible   avia-builder-el-8  el_after_av_social_share  el_before_av_comments_list '><span class='hr-inner ' ><span class='hr-inner-style'><\/span><\/span><\/div>\n<div  class='av-buildercomment  av-blog-meta-html-info-disabled av-blog-meta-tag-disabled  '><\/div>\n","protected":false},"excerpt":{"rendered":"","protected":false},"author":1,"featured_media":20648,"comment_status":"open","ping_status":"open","sticky":false,"template":"","format":"standard","meta":{"footnotes":""},"categories":[35],"tags":[],"class_list":["post-20647","post","type-post","status-publish","format-standard","has-post-thumbnail","hentry","category-politica"],"jetpack_featured_media_url":"https:\/\/radiorevelacionfm.cl\/wp-content\/uploads\/2022\/08\/senador-sandoval-11-1_optimized.jpg","_links":{"self":[{"href":"https:\/\/radiorevelacionfm.cl\/index.php?rest_route=\/wp\/v2\/posts\/20647","targetHints":{"allow":["GET"]}}],"collection":[{"href":"https:\/\/radiorevelacionfm.cl\/index.php?rest_route=\/wp\/v2\/posts"}],"about":[{"href":"https:\/\/radiorevelacionfm.cl\/index.php?rest_route=\/wp\/v2\/types\/post"}],"author":[{"embeddable":true,"href":"https:\/\/radiorevelacionfm.cl\/index.php?rest_route=\/wp\/v2\/users\/1"}],"replies":[{"embeddable":true,"href":"https:\/\/radiorevelacionfm.cl\/index.php?rest_route=%2Fwp%2Fv2%2Fcomments&post=20647"}],"version-history":[{"count":2,"href":"https:\/\/radiorevelacionfm.cl\/index.php?rest_route=\/wp\/v2\/posts\/20647\/revisions"}],"predecessor-version":[{"id":20670,"href":"https:\/\/radiorevelacionfm.cl\/index.php?rest_route=\/wp\/v2\/posts\/20647\/revisions\/20670"}],"wp:featuredmedia":[{"embeddable":true,"href":"https:\/\/radiorevelacionfm.cl\/index.php?rest_route=\/wp\/v2\/media\/20648"}],"wp:attachment":[{"href":"https:\/\/radiorevelacionfm.cl\/index.php?rest_route=%2Fwp%2Fv2%2Fmedia&parent=20647"}],"wp:term":[{"taxonomy":"category","embeddable":true,"href":"https:\/\/radiorevelacionfm.cl\/index.php?rest_route=%2Fwp%2Fv2%2Fcategories&post=20647"},{"taxonomy":"post_tag","embeddable":true,"href":"https:\/\/radiorevelacionfm.cl\/index.php?rest_route=%2Fwp%2Fv2%2Ftags&post=20647"}],"curies":[{"name":"wp","href":"https:\/\/api.w.org\/{rel}","templated":true}]}}