{"id":20644,"date":"2022-08-18T11:18:39","date_gmt":"2022-08-18T14:18:39","guid":{"rendered":"https:\/\/radiorevelacionfm.cl\/?p=20644"},"modified":"2022-08-18T11:18:39","modified_gmt":"2022-08-18T14:18:39","slug":"ingrid-osorio-es-la-nueva-directora-regional-de-prodemu-en-aysen","status":"publish","type":"post","link":"https:\/\/radiorevelacionfm.cl\/?p=20644","title":{"rendered":"Ingrid Osorio es la nueva directora regional de Prodemu en Ays\u00e9n"},"content":{"rendered":"<div class=\"flex_column av_one_full  flex_column_div av-zero-column-padding first  avia-builder-el-0  el_before_av_one_full  avia-builder-el-first  \" style='border-radius:0px; '><div  class='avia-image-container  av-styling-    avia-builder-el-1  avia-builder-el-no-sibling  avia-align-center '  itemprop=\"image\" itemscope=\"itemscope\" itemtype=\"https:\/\/schema.org\/ImageObject\"  ><div class='avia-image-container-inner'><div class='avia-image-overlay-wrap'><img decoding=\"async\" class='wp-image-20645 avia-img-lazy-loading-not-20645 avia_image' src=\"https:\/\/radiorevelacionfm.cl\/wp-content\/uploads\/2022\/08\/Ingrid-Osorio-DR-Aysen-1-1.jpg\" alt='' title='Ingrid Osorio - DR Ays\u00e9n (1) (1)' height=\"600\" width=\"880\"  itemprop=\"thumbnailUrl\" srcset=\"https:\/\/radiorevelacionfm.cl\/wp-content\/uploads\/2022\/08\/Ingrid-Osorio-DR-Aysen-1-1.jpg 880w, https:\/\/radiorevelacionfm.cl\/wp-content\/uploads\/2022\/08\/Ingrid-Osorio-DR-Aysen-1-1-300x205.jpg 300w, https:\/\/radiorevelacionfm.cl\/wp-content\/uploads\/2022\/08\/Ingrid-Osorio-DR-Aysen-1-1-768x524.jpg 768w, https:\/\/radiorevelacionfm.cl\/wp-content\/uploads\/2022\/08\/Ingrid-Osorio-DR-Aysen-1-1-705x481.jpg 705w, https:\/\/radiorevelacionfm.cl\/wp-content\/uploads\/2022\/08\/Ingrid-Osorio-DR-Aysen-1-1-600x409.jpg 600w\" sizes=\"(max-width: 880px) 100vw, 880px\" \/><\/div><\/div><\/div><\/div><div class=\"flex_column av_one_full  flex_column_div av-zero-column-padding first  avia-builder-el-2  el_after_av_one_full  el_before_av_one_full  column-top-margin\" style='border-radius:0px; '><section class=\"av_textblock_section \"  itemscope=\"itemscope\" itemtype=\"https:\/\/schema.org\/BlogPosting\" itemprop=\"blogPost\" ><div class='avia_textblock  '   itemprop=\"text\" ><p style=\"text-align: center;\"><strong><span style=\"font-size: 18pt;\">Ingrid Osorio es la nueva directora regional de Prodemu en Ays\u00e9n<\/span><\/strong><\/p>\n<div id=\"gtx-trans\" style=\"position: absolute; left: -50px; top: 4.31534px;\">\n<div class=\"gtx-trans-icon\"><\/div>\n<\/div>\n<\/div><\/section><\/div><div class=\"flex_column av_one_full  flex_column_div av-zero-column-padding first  avia-builder-el-4  el_after_av_one_full  el_before_av_hr  column-top-margin\" style='border-radius:0px; '><section class=\"av_textblock_section \"  itemscope=\"itemscope\" itemtype=\"https:\/\/schema.org\/BlogPosting\" itemprop=\"blogPost\" ><div class='avia_textblock  '   itemprop=\"text\" ><p style=\"text-align: justify;\">Luego de un proceso que convoc\u00f3 a 120 postulantes a los cargos de direcci\u00f3n regional en algunas regiones del pa\u00eds, Fundaci\u00f3n Prodemu defini\u00f3 a seis nuevas directoras regionales para Tarapac\u00e1, Antofagasta, Coquimbo, Araucan\u00eda, Los R\u00edos y Ays\u00e9n. Esta acci\u00f3n es in\u00e9dita ya que por primera vez las autoridades locales son elegidas por concurso y no designadas.<\/p>\n<p style=\"text-align: justify;\">Las postulantes pasaron por un proceso de selecci\u00f3n que cont\u00f3 con el apoyo t\u00e9cnico del Servicio Civil.<\/p>\n<p style=\"text-align: justify;\">Marcela Sandoval, directora nacional de Prodemu destac\u00f3: \u201cestamos convencidas que promover a trabajadoras que conocen sus territorios y el trabajo con mujeres a nivel local es una gran oportunidad de crecimiento institucional, as\u00ed como detectar perfiles fuera de la instituci\u00f3n que vienen a actualizar conocimientos, experiencias y aportar\u00e1n sin duda nuevas miradas\u201d.<\/p>\n<p style=\"text-align: justify;\">Para la regi\u00f3n de Ays\u00e9n, quien asume es Ingrid Osorio Santana, es trabajadora social de la Universidad Tecnol\u00f3gica. Posee adem\u00e1s un mag\u00edster en Direcci\u00f3n y Gesti\u00f3n de RRHH, de la Universidad de Almeria, Espa\u00f1a.<\/p>\n<p style=\"text-align: justify;\">Respecto a su elecci\u00f3n, la reci\u00e9n asumida autoridad se\u00f1ala que los desaf\u00edos principales estar\u00e1n en gestionar y promover el trabajo en equipo tanto a nivel regional y provincial y \u201cvisibilizar a las mujeres de mi regi\u00f3n en sus diferentes dimensiones y territorios\u201d.<\/p>\n<p style=\"text-align: justify;\">Cabe destacar que por medio de concurso interno anteriormente fueron electas en las regiones de Arica y Parinacota, Metropolitana, O\u2019Higgins, Maule, \u00d1uble y Biob\u00edo, mientras que en Los Lagos, la misma fue ratificada.<\/p>\n<\/div><\/section><\/div><div  style='height:50px' class='hr hr-invisible   avia-builder-el-6  el_after_av_one_full  el_before_av_social_share '><span class='hr-inner ' ><span class='hr-inner-style'><\/span><\/span><\/div><\/p>\n<div  class='av-social-sharing-box  avia-builder-el-7  el_after_av_hr  el_before_av_hr  '><div class='av-share-box'><h5 class='av-share-link-description av-no-toc '>Compartir esta noticia<\/h5><ul class='av-share-box-list noLightbox'><li class='av-share-link av-social-link-facebook' ><a target=\"_blank\" aria-label=\"Compartir en Facebook\" href='https:\/\/www.facebook.com\/sharer.php?u=https:\/\/radiorevelacionfm.cl\/?p=20644&#038;t=Ingrid%20Osorio%20es%20la%20nueva%20directora%20regional%20de%20Prodemu%20en%20Ays%C3%A9n' aria-hidden='false' data-av_icon='\ue8f3' data-av_iconfont='entypo-fontello' title='' data-avia-related-tooltip='Compartir en Facebook' rel=\"noopener\"><span class='avia_hidden_link_text'>Compartir en Facebook<\/span><\/a><\/li><li class='av-share-link av-social-link-twitter' ><a target=\"_blank\" aria-label=\"Compartir en Twitter\" href='https:\/\/twitter.com\/share?text=Ingrid%20Osorio%20es%20la%20nueva%20directora%20regional%20de%20Prodemu%20en%20Ays%C3%A9n&#038;url=https:\/\/radiorevelacionfm.cl\/?p=20644' aria-hidden='false' data-av_icon='\ue8f1' data-av_iconfont='entypo-fontello' title='' data-avia-related-tooltip='Compartir en Twitter' rel=\"noopener\"><span class='avia_hidden_link_text'>Compartir en Twitter<\/span><\/a><\/li><li class='av-share-link av-social-link-whatsapp' ><a target=\"_blank\" aria-label=\"Compartir en Whatsapp\" href='https:\/\/api.whatsapp.com\/send?text=https:\/\/radiorevelacionfm.cl\/?p=20644' aria-hidden='false' data-av_icon='\uf232' data-av_iconfont='entypo-fontello' title='' data-avia-related-tooltip='Compartir en Whatsapp' rel=\"noopener\"><span class='avia_hidden_link_text'>Compartir en Whatsapp<\/span><\/a><\/li><li class='av-share-link av-social-link-linkedin' ><a target=\"_blank\" aria-label=\"Compartir en LinkedIn\" href='https:\/\/linkedin.com\/shareArticle?mini=true&#038;title=Ingrid%20Osorio%20es%20la%20nueva%20directora%20regional%20de%20Prodemu%20en%20Ays%C3%A9n&#038;url=https:\/\/radiorevelacionfm.cl\/?p=20644' aria-hidden='false' data-av_icon='\ue8fc' data-av_iconfont='entypo-fontello' title='' data-avia-related-tooltip='Compartir en LinkedIn' rel=\"noopener\"><span class='avia_hidden_link_text'>Compartir en LinkedIn<\/span><\/a><\/li><li class='av-share-link av-social-link-mail' ><a  aria-label=\"Compartir por correo\" href='mailto:?subject=Ingrid%20Osorio%20es%20la%20nueva%20directora%20regional%20de%20Prodemu%20en%20Ays%C3%A9n&#038;body=https:\/\/radiorevelacionfm.cl\/?p=20644' aria-hidden='false' data-av_icon='\ue805' data-av_iconfont='entypo-fontello' title='' data-avia-related-tooltip='Compartir por correo'><span class='avia_hidden_link_text'>Compartir por correo<\/span><\/a><\/li><\/ul><\/div><\/div>\n<div  style='height:50px' class='hr hr-invisible   avia-builder-el-8  el_after_av_social_share  el_before_av_comments_list '><span class='hr-inner ' ><span class='hr-inner-style'><\/span><\/span><\/div>\n<div  class='av-buildercomment  av-blog-meta-html-info-disabled av-blog-meta-tag-disabled  '><\/div>\n","protected":false},"excerpt":{"rendered":"","protected":false},"author":1,"featured_media":20645,"comment_status":"open","ping_status":"open","sticky":false,"template":"","format":"standard","meta":{"footnotes":""},"categories":[38],"tags":[],"class_list":["post-20644","post","type-post","status-publish","format-standard","has-post-thumbnail","hentry","category-regional"],"jetpack_featured_media_url":"https:\/\/radiorevelacionfm.cl\/wp-content\/uploads\/2022\/08\/Ingrid-Osorio-DR-Aysen-1-1.jpg","_links":{"self":[{"href":"https:\/\/radiorevelacionfm.cl\/index.php?rest_route=\/wp\/v2\/posts\/20644","targetHints":{"allow":["GET"]}}],"collection":[{"href":"https:\/\/radiorevelacionfm.cl\/index.php?rest_route=\/wp\/v2\/posts"}],"about":[{"href":"https:\/\/radiorevelacionfm.cl\/index.php?rest_route=\/wp\/v2\/types\/post"}],"author":[{"embeddable":true,"href":"https:\/\/radiorevelacionfm.cl\/index.php?rest_route=\/wp\/v2\/users\/1"}],"replies":[{"embeddable":true,"href":"https:\/\/radiorevelacionfm.cl\/index.php?rest_route=%2Fwp%2Fv2%2Fcomments&post=20644"}],"version-history":[{"count":2,"href":"https:\/\/radiorevelacionfm.cl\/index.php?rest_route=\/wp\/v2\/posts\/20644\/revisions"}],"predecessor-version":[{"id":20660,"href":"https:\/\/radiorevelacionfm.cl\/index.php?rest_route=\/wp\/v2\/posts\/20644\/revisions\/20660"}],"wp:featuredmedia":[{"embeddable":true,"href":"https:\/\/radiorevelacionfm.cl\/index.php?rest_route=\/wp\/v2\/media\/20645"}],"wp:attachment":[{"href":"https:\/\/radiorevelacionfm.cl\/index.php?rest_route=%2Fwp%2Fv2%2Fmedia&parent=20644"}],"wp:term":[{"taxonomy":"category","embeddable":true,"href":"https:\/\/radiorevelacionfm.cl\/index.php?rest_route=%2Fwp%2Fv2%2Fcategories&post=20644"},{"taxonomy":"post_tag","embeddable":true,"href":"https:\/\/radiorevelacionfm.cl\/index.php?rest_route=%2Fwp%2Fv2%2Ftags&post=20644"}],"curies":[{"name":"wp","href":"https:\/\/api.w.org\/{rel}","templated":true}]}}