{"id":2064,"date":"2021-01-24T19:11:13","date_gmt":"2021-01-24T22:11:13","guid":{"rendered":"https:\/\/radiorevelacionfm.cl\/?p=2064"},"modified":"2021-01-24T19:24:16","modified_gmt":"2021-01-24T22:24:16","slug":"agrupacion-todos-por-turismo-region-de-aysen-manifiestan-sentirse-abandonados-por-la-autoridad","status":"publish","type":"post","link":"https:\/\/radiorevelacionfm.cl\/?p=2064","title":{"rendered":"Agrupaci\u00f3n \u00abTodos por Turismo Regi\u00f3n de Ays\u00e9n\u00bb manifiestan sentirse abandonados por las autoridades"},"content":{"rendered":"<div class=\"flex_column av_one_full  flex_column_div av-zero-column-padding first  avia-builder-el-0  el_before_av_one_full  avia-builder-el-first  \" style='border-radius:0px; '><div  class='avia-image-container  av-styling-    avia-builder-el-1  avia-builder-el-no-sibling  avia-align-center '  itemprop=\"image\" itemscope=\"itemscope\" itemtype=\"https:\/\/schema.org\/ImageObject\"  ><div class='avia-image-container-inner'><div class='avia-image-overlay-wrap'><img decoding=\"async\" class='wp-image-0 avia-img-lazy-loading-not-0 avia_image' src=\"https:\/\/radiorevelacionfm.cl\/wp-content\/uploads\/2021\/01\/KARLA-MORALES-VOCERA-TODOS-POR-TURISMO-REGION-DE-AYSEN-1.jpg\" alt='' title=''   itemprop=\"thumbnailUrl\"  \/><\/div><\/div><\/div><\/div>\n<div class=\"flex_column av_one_full  flex_column_div av-zero-column-padding first  avia-builder-el-2  el_after_av_one_full  el_before_av_one_full  column-top-margin\" style='border-radius:0px; '><section class=\"av_textblock_section \"  itemscope=\"itemscope\" itemtype=\"https:\/\/schema.org\/BlogPosting\" itemprop=\"blogPost\" ><div class='avia_textblock  '   itemprop=\"text\" ><p style=\"text-align: center;\"><span style=\"font-size: 18pt;\"><strong>Agrupaci\u00f3n \u00abTodos por Turismo Regi\u00f3n de Ays\u00e9n\u00bb manifiestan sentirse abandonados por las autoridades<\/strong><\/span><\/p>\n<div id=\"gtx-trans\" style=\"position: absolute; left: -50px; top: 4.31534px;\">\n<div class=\"gtx-trans-icon\"><\/div>\n<\/div>\n<\/div><\/section><\/div><div class=\"flex_column av_one_full  flex_column_div av-zero-column-padding first  avia-builder-el-4  el_after_av_one_full  el_before_av_hr  column-top-margin\" style='border-radius:0px; '><section class=\"av_textblock_section \"  itemscope=\"itemscope\" itemtype=\"https:\/\/schema.org\/BlogPosting\" itemprop=\"blogPost\" ><div class='avia_textblock  '   itemprop=\"text\" ><p style=\"font-weight: 400; text-align: justify;\">La agrupaci\u00f3n que suma m\u00e1s de un centenar de socios relacionados al rubro tur\u00edstico de toda la regi\u00f3n, a trav\u00e9s de su vocera Karla Morales, emiti\u00f3 un comunicado dando a conocer la problem\u00e1tica que est\u00e1n viviendo como gremio producto de la pandemia, se\u00f1alando \u00abqueremos expresar a trav\u00e9s de la correspondiente declaraci\u00f3n p\u00fablica de manera abierta, clara\u00a0 y transparente lo siguiente\u00bb.<\/p>\n<p style=\"font-weight: 400; text-align: justify;\">A trav\u00e9s de un completo an\u00e1lisis y recopilaci\u00f3n de informaci\u00f3n financiera actualizada, de empleabilidad y de otros \u00edtems de nuestros representados del sector turismo, queremos expresar de manera directa y enf\u00e1tica a la opini\u00f3n p\u00fablica y a la ciudadan\u00eda de nuestra querida regi\u00f3n de Ays\u00e9n que actualmente nos encontramos en un verdadero estado de abandono y en una situaci\u00f3n cr\u00edtica y dram\u00e1tica producto de la actuales medidas sanitarias y restricciones emanadas por el plan paso a paso derivadas del combate a la pandemia.<\/p>\n<p style=\"font-weight: 400; text-align: justify;\">Nuestro sector antes de la pandemia entregaba m\u00e1s de 4 mil empleos entre directos e indirectos, que aportaban al desarrollo econ\u00f3mico de nuestra regi\u00f3n y generaba una actividad potente no s\u00f3lo con una amplia oferta al turista, sino que tambi\u00e9n ha derivado en una serie de planes de inversi\u00f3n, de infraestructura, de herramientas, de personal y sobre todo con altos cargos fijos por ser una regi\u00f3n con uno de los \u00edndices m\u00e1s altos de costo de vida de nuestro pa\u00eds.<\/p>\n<p style=\"font-weight: 400; text-align: justify;\">Nos encontramos desde hace varios meses parados, sin poder trabajar, sin poder tener ning\u00fan tipo de ingreso debido a las restricciones producto del manejo actual de la pandemia que ha entregado un sinn\u00famero de trabas, no s\u00f3lo de ingreso de turistas a la regi\u00f3n, sino que tambi\u00e9n de nuestra propia gente dentro de las comunas de Ays\u00e9n.<\/p>\n<p style=\"font-weight: 400; text-align: justify;\">La situaci\u00f3n se hace cada vez m\u00e1s compleja para nuestro sector y lo peor es que no se ve una salida en el corto plazo y estamos en plena temporada estival. Nos han in visibilizado ya que no hay, hasta ahora, ning\u00fan rescate de medidas econ\u00f3micas que nos permita respirar en medio de este problema.<\/p>\n<p style=\"font-weight: 400; text-align: justify;\">Por lo tanto solicitamos a las autoridades regionales, al sector de econom\u00eda y sobre todo a las autoridades pol\u00edticas de nuestra regi\u00f3n tratar a la brevedad este tema, con celeridad, oportunidad y urgencia y colocar sobre la mesa medidas concretas con un calendario de ejecuci\u00f3n de las mismas para poder rescatar a miles de emprendedores, operadores, due\u00f1os y arrendatarios de locales , transportistas de turismo y sobre todo a los trabajadores de nuestra regi\u00f3n que se dedican directa e indirectamente a este hermoso rubro ya que muchos de ellos son el sustento de su familia.<\/p>\n<p style=\"font-weight: 400; text-align: justify;\">Somos ayseninos, merecemos ser escuchados. Sabemos que la pandemia nos ha afectado a todos, que nos tenemos que seguir cuidando, entregando un servicio con calidad, con todas y cada una de las medidas de resguardo que la propia autoridad nos ha impuesto y que hemos cumplido con creces (los contagios y brotes no se han originado en lugares de servicios tur\u00edsticos, sino que en las fiestas clandestinas, en las aglomeraciones de los centros comerciales y en lugares intra- domiciliarios).<\/p>\n<p style=\"font-weight: 400; text-align: justify;\">Queremos dialogar, queremos ser escuchados, queremos seguir siendo parte del desarrollo productivo de nuestra querida regi\u00f3n. Queremos seguir dando a conocer nuestras bellezas incomparables, nuestra cultura, nuestra manera de vivir, nuestras ra\u00edces, nuestra idiosincrasia a sus visitantes y a nuestra misma gente y sobre todo seguir representando nuestro sello Patagonia al mundo.<\/p>\n<p style=\"font-weight: 400; text-align: justify;\">Finalmente estaremos atentos a la respuesta de nuestras autoridades para fijar a la brevedad conversaciones que nos permitan rescatar del abandono a nuestro sector y que s\u00f3lo est\u00e1 resistiendo por la voluntad de nuestros representados pero ya sin herramientas que permitan financiar las enormes deudas que hemos contra\u00eddo para poder mantenernos durante el a\u00f1o 2020 e inicio de este 2021.<\/p>\n<\/div><\/section><\/div><\/p>\n<div  style='height:50px' class='hr hr-invisible   avia-builder-el-6  el_after_av_one_full  el_before_av_social_share '><span class='hr-inner ' ><span class='hr-inner-style'><\/span><\/span><\/div>\n<div  class='av-social-sharing-box  avia-builder-el-7  el_after_av_hr  el_before_av_hr  '><div class='av-share-box'><h5 class='av-share-link-description av-no-toc '>Compartir esta noticia<\/h5><ul class='av-share-box-list noLightbox'><li class='av-share-link av-social-link-facebook' ><a target=\"_blank\" aria-label=\"Compartir en Facebook\" href='https:\/\/www.facebook.com\/sharer.php?u=https:\/\/radiorevelacionfm.cl\/?p=2064&#038;t=Agrupaci%C3%B3n%20%C2%ABTodos%20por%20Turismo%20Regi%C3%B3n%20de%20Ays%C3%A9n%C2%BB%20manifiestan%20sentirse%20abandonados%20por%20las%20autoridades' aria-hidden='false' data-av_icon='\ue8f3' data-av_iconfont='entypo-fontello' title='' data-avia-related-tooltip='Compartir en Facebook' rel=\"noopener\"><span class='avia_hidden_link_text'>Compartir en Facebook<\/span><\/a><\/li><li class='av-share-link av-social-link-twitter' ><a target=\"_blank\" aria-label=\"Compartir en Twitter\" href='https:\/\/twitter.com\/share?text=Agrupaci%C3%B3n%20%C2%ABTodos%20por%20Turismo%20Regi%C3%B3n%20de%20Ays%C3%A9n%C2%BB%20manifiestan%20sentirse%20abandonados%20por%20las%20autoridades&#038;url=https:\/\/radiorevelacionfm.cl\/?p=2064' aria-hidden='false' data-av_icon='\ue8f1' data-av_iconfont='entypo-fontello' title='' data-avia-related-tooltip='Compartir en Twitter' rel=\"noopener\"><span class='avia_hidden_link_text'>Compartir en Twitter<\/span><\/a><\/li><li class='av-share-link av-social-link-whatsapp' ><a target=\"_blank\" aria-label=\"Compartir en Whatsapp\" href='https:\/\/api.whatsapp.com\/send?text=https:\/\/radiorevelacionfm.cl\/?p=2064' aria-hidden='false' data-av_icon='\uf232' data-av_iconfont='entypo-fontello' title='' data-avia-related-tooltip='Compartir en Whatsapp' rel=\"noopener\"><span class='avia_hidden_link_text'>Compartir en Whatsapp<\/span><\/a><\/li><li class='av-share-link av-social-link-linkedin' ><a target=\"_blank\" aria-label=\"Compartir en LinkedIn\" href='https:\/\/linkedin.com\/shareArticle?mini=true&#038;title=Agrupaci%C3%B3n%20%C2%ABTodos%20por%20Turismo%20Regi%C3%B3n%20de%20Ays%C3%A9n%C2%BB%20manifiestan%20sentirse%20abandonados%20por%20las%20autoridades&#038;url=https:\/\/radiorevelacionfm.cl\/?p=2064' aria-hidden='false' data-av_icon='\ue8fc' data-av_iconfont='entypo-fontello' title='' data-avia-related-tooltip='Compartir en LinkedIn' rel=\"noopener\"><span class='avia_hidden_link_text'>Compartir en LinkedIn<\/span><\/a><\/li><li class='av-share-link av-social-link-mail' ><a  aria-label=\"Compartir por correo\" href='mailto:?subject=Agrupaci%C3%B3n%20%C2%ABTodos%20por%20Turismo%20Regi%C3%B3n%20de%20Ays%C3%A9n%C2%BB%20manifiestan%20sentirse%20abandonados%20por%20las%20autoridades&#038;body=https:\/\/radiorevelacionfm.cl\/?p=2064' aria-hidden='false' data-av_icon='\ue805' data-av_iconfont='entypo-fontello' title='' data-avia-related-tooltip='Compartir por correo'><span class='avia_hidden_link_text'>Compartir por correo<\/span><\/a><\/li><\/ul><\/div><\/div>\n<div  style='height:50px' class='hr hr-invisible   avia-builder-el-8  el_after_av_social_share  el_before_av_comments_list '><span class='hr-inner ' ><span class='hr-inner-style'><\/span><\/span><\/div>\n<div  class='av-buildercomment  av-blog-meta-html-info-disabled av-blog-meta-tag-disabled  '><\/div>\n<div  style='height:50px' class='hr hr-invisible   avia-builder-el-10  el_after_av_comments_list  el_before_av_hr '><span class='hr-inner ' ><span class='hr-inner-style'><\/span><\/span><\/div>\n<div  style='height:50px' class='hr hr-invisible   avia-builder-el-11  el_after_av_hr  avia-builder-el-last '><span class='hr-inner ' ><span class='hr-inner-style'><\/span><\/span><\/div>\n","protected":false},"excerpt":{"rendered":"","protected":false},"author":1,"featured_media":0,"comment_status":"open","ping_status":"open","sticky":false,"template":"","format":"standard","meta":{"footnotes":""},"categories":[54],"tags":[],"class_list":["post-2064","post","type-post","status-publish","format-standard","hentry","category-turismo"],"jetpack_featured_media_url":"","_links":{"self":[{"href":"https:\/\/radiorevelacionfm.cl\/index.php?rest_route=\/wp\/v2\/posts\/2064","targetHints":{"allow":["GET"]}}],"collection":[{"href":"https:\/\/radiorevelacionfm.cl\/index.php?rest_route=\/wp\/v2\/posts"}],"about":[{"href":"https:\/\/radiorevelacionfm.cl\/index.php?rest_route=\/wp\/v2\/types\/post"}],"author":[{"embeddable":true,"href":"https:\/\/radiorevelacionfm.cl\/index.php?rest_route=\/wp\/v2\/users\/1"}],"replies":[{"embeddable":true,"href":"https:\/\/radiorevelacionfm.cl\/index.php?rest_route=%2Fwp%2Fv2%2Fcomments&post=2064"}],"version-history":[{"count":5,"href":"https:\/\/radiorevelacionfm.cl\/index.php?rest_route=\/wp\/v2\/posts\/2064\/revisions"}],"predecessor-version":[{"id":2071,"href":"https:\/\/radiorevelacionfm.cl\/index.php?rest_route=\/wp\/v2\/posts\/2064\/revisions\/2071"}],"wp:attachment":[{"href":"https:\/\/radiorevelacionfm.cl\/index.php?rest_route=%2Fwp%2Fv2%2Fmedia&parent=2064"}],"wp:term":[{"taxonomy":"category","embeddable":true,"href":"https:\/\/radiorevelacionfm.cl\/index.php?rest_route=%2Fwp%2Fv2%2Fcategories&post=2064"},{"taxonomy":"post_tag","embeddable":true,"href":"https:\/\/radiorevelacionfm.cl\/index.php?rest_route=%2Fwp%2Fv2%2Ftags&post=2064"}],"curies":[{"name":"wp","href":"https:\/\/api.w.org\/{rel}","templated":true}]}}