{"id":20633,"date":"2022-08-18T11:23:06","date_gmt":"2022-08-18T14:23:06","guid":{"rendered":"https:\/\/radiorevelacionfm.cl\/?p=20633"},"modified":"2022-08-18T11:26:39","modified_gmt":"2022-08-18T14:26:39","slug":"musica-y-artes-visuales-se-unen-nuevamente-en-the-dark-side-of-the-sur","status":"publish","type":"post","link":"https:\/\/radiorevelacionfm.cl\/?p=20633","title":{"rendered":"M\u00fasica y Artes Visuales se unen nuevamente en The Dark Side of the Sur"},"content":{"rendered":"<div class=\"flex_column av_one_full  flex_column_div av-zero-column-padding first  avia-builder-el-0  el_before_av_one_full  avia-builder-el-first  \" style='border-radius:0px; '><div  class='avia-image-container  av-styling-    avia-builder-el-1  avia-builder-el-no-sibling  avia-align-center '  itemprop=\"image\" itemscope=\"itemscope\" itemtype=\"https:\/\/schema.org\/ImageObject\"  ><div class='avia-image-container-inner'><div class='avia-image-overlay-wrap'><img decoding=\"async\" class='wp-image-20634 avia-img-lazy-loading-not-20634 avia_image' src=\"https:\/\/radiorevelacionfm.cl\/wp-content\/uploads\/2022\/08\/afiche-The-Dark-2022-IG-1-1.jpg\" alt='' title='afiche-The-Dark-2022-IG (1) (1)' height=\"600\" width=\"481\"  itemprop=\"thumbnailUrl\" srcset=\"https:\/\/radiorevelacionfm.cl\/wp-content\/uploads\/2022\/08\/afiche-The-Dark-2022-IG-1-1.jpg 481w, https:\/\/radiorevelacionfm.cl\/wp-content\/uploads\/2022\/08\/afiche-The-Dark-2022-IG-1-1-241x300.jpg 241w\" sizes=\"(max-width: 481px) 100vw, 481px\" \/><\/div><\/div><\/div><\/div><div class=\"flex_column av_one_full  flex_column_div av-zero-column-padding first  avia-builder-el-2  el_after_av_one_full  el_before_av_one_full  column-top-margin\" style='border-radius:0px; '><section class=\"av_textblock_section \"  itemscope=\"itemscope\" itemtype=\"https:\/\/schema.org\/BlogPosting\" itemprop=\"blogPost\" ><div class='avia_textblock  '   itemprop=\"text\" ><p style=\"text-align: center;\"><strong><span style=\"font-size: 18pt;\">M\u00fasica y Artes Visuales se unen nuevamente en The Dark Side of the Sur<\/span><\/strong><\/p>\n<div id=\"gtx-trans\" style=\"position: absolute; left: -50px; top: 4.31534px;\">\n<div class=\"gtx-trans-icon\"><\/div>\n<\/div>\n<\/div><\/section><\/div><div class=\"flex_column av_one_full  flex_column_div av-zero-column-padding first  avia-builder-el-4  el_after_av_one_full  el_before_av_hr  column-top-margin\" style='border-radius:0px; '><section class=\"av_textblock_section \"  itemscope=\"itemscope\" itemtype=\"https:\/\/schema.org\/BlogPosting\" itemprop=\"blogPost\" ><div class='avia_textblock  '   itemprop=\"text\" ><p style=\"text-align: justify;\">Con la participaci\u00f3n de Toro y Bluesman, Las Flores del Bien, Naara Andariega y Thomy Fern\u00e1ndez, se realizar\u00e1 la s\u00e9ptima versi\u00f3n del ciclo de conciertos organizado por la Organizaci\u00f3n Cultural Comunitaria Malotun.<\/p>\n<p style=\"text-align: justify;\">Con seis versiones anteriores y de manera ininterrumpida, este s\u00e9ptimo ciclo de conciertos contar\u00e1 con la presencia de artistas regionales y nacionales, adem\u00e1s de una nueva puesta escena, seg\u00fan indic\u00f3 V\u00edctor Cabrera, director de la iniciativa.<\/p>\n<p style=\"text-align: justify;\">\u201cEn esta s\u00e9ptima versi\u00f3n, al igual que las anteriores, hemos contado con el apoyo de colaboradores p\u00fablicos y privados los que nuevamente han confiado en nuestro trabajo por la difusi\u00f3n y creaci\u00f3n de audiencias musicales en nuestra regi\u00f3n. En esta oportunidad, tendremos una nueva propuesta esc\u00e9nica y una mayor presencia de artistas femeninas; y como siempre, tambi\u00e9n contaremos con la participaci\u00f3n de artistas visuales tanto de Coyhaique como de Puerto Ays\u00e9n\u201d.<\/p>\n<p style=\"text-align: justify;\">Para dar inicio a este ciclo, este viernes se presentar\u00e1n las artistas regionales Naara Andariga, cantora magall\u00e1nica, poeta y viajera; junto a la obra de Marcela Stormesan; mientras que el s\u00e1bado 20, ser\u00e1 el turno del cantante Thomy Fern\u00e1ndez junto al artista visual Pablo Lema. Para el pr\u00f3ximo fin de semana, viernes 26 y s\u00e1bado 27, se presentar\u00e1n Toro y Bluesman junto a la artista visual Sabrina Porcel y Las Flores del Bien quienes contar\u00e1n, tambi\u00e9n, con el apoyo en escena de un artista visual de la regi\u00f3n de Ays\u00e9n.<\/p>\n<p style=\"text-align: justify;\">Sobre el costo y los horarios, Cabrera indic\u00f3 que \u201ccomo siempre ha sido, esto es gratis, solo pedimos a la gente llegar temprano y respetar los aforos permitidos, ya que debemos recordar que seguimos frente a una situaci\u00f3n sanitaria delicada, por lo mismo contaremos con todas las medidas necesarias para cuidarnos entre todos. Vale decir, mascarilla y alcohol gel y la n\u00f3mina de los asistentes. Las puertas de cada evento se abrir\u00e1n a las 18:15, por lo que pedimos que lleguen temprano para poder disfrutar de las presentaciones de los y las artistas\u201d.<\/p>\n<p style=\"text-align: justify;\">Finalmente V\u00edctor Cabrera destac\u00f3 el apoyo del Gobierno Regional de Ays\u00e9n y del Ministerio de las Culturas, las Artes y el Patrimonio, quienes han apoyado financieramente esta iniciativa a trav\u00e9s del FNDR 2% Cultura y el Programa de Apoyo a Organizaciones Culturales Colaboradoras, respectivamente.<\/p>\n<\/div><\/section><\/div><div  style='height:50px' class='hr hr-invisible   avia-builder-el-6  el_after_av_one_full  el_before_av_social_share '><span class='hr-inner ' ><span class='hr-inner-style'><\/span><\/span><\/div><\/p>\n<div  class='av-social-sharing-box  avia-builder-el-7  el_after_av_hr  el_before_av_hr  '><div class='av-share-box'><h5 class='av-share-link-description av-no-toc '>Compartir esta noticia<\/h5><ul class='av-share-box-list noLightbox'><li class='av-share-link av-social-link-facebook' ><a target=\"_blank\" aria-label=\"Compartir en Facebook\" href='https:\/\/www.facebook.com\/sharer.php?u=https:\/\/radiorevelacionfm.cl\/?p=20633&#038;t=M%C3%BAsica%20y%20Artes%20Visuales%20se%20unen%20nuevamente%20en%20The%20Dark%20Side%20of%20the%20Sur' aria-hidden='false' data-av_icon='\ue8f3' data-av_iconfont='entypo-fontello' title='' data-avia-related-tooltip='Compartir en Facebook' rel=\"noopener\"><span class='avia_hidden_link_text'>Compartir en Facebook<\/span><\/a><\/li><li class='av-share-link av-social-link-twitter' ><a target=\"_blank\" aria-label=\"Compartir en Twitter\" href='https:\/\/twitter.com\/share?text=M%C3%BAsica%20y%20Artes%20Visuales%20se%20unen%20nuevamente%20en%20The%20Dark%20Side%20of%20the%20Sur&#038;url=https:\/\/radiorevelacionfm.cl\/?p=20633' aria-hidden='false' data-av_icon='\ue8f1' data-av_iconfont='entypo-fontello' title='' data-avia-related-tooltip='Compartir en Twitter' rel=\"noopener\"><span class='avia_hidden_link_text'>Compartir en Twitter<\/span><\/a><\/li><li class='av-share-link av-social-link-whatsapp' ><a target=\"_blank\" aria-label=\"Compartir en Whatsapp\" href='https:\/\/api.whatsapp.com\/send?text=https:\/\/radiorevelacionfm.cl\/?p=20633' aria-hidden='false' data-av_icon='\uf232' data-av_iconfont='entypo-fontello' title='' data-avia-related-tooltip='Compartir en Whatsapp' rel=\"noopener\"><span class='avia_hidden_link_text'>Compartir en Whatsapp<\/span><\/a><\/li><li class='av-share-link av-social-link-linkedin' ><a target=\"_blank\" aria-label=\"Compartir en LinkedIn\" href='https:\/\/linkedin.com\/shareArticle?mini=true&#038;title=M%C3%BAsica%20y%20Artes%20Visuales%20se%20unen%20nuevamente%20en%20The%20Dark%20Side%20of%20the%20Sur&#038;url=https:\/\/radiorevelacionfm.cl\/?p=20633' aria-hidden='false' data-av_icon='\ue8fc' data-av_iconfont='entypo-fontello' title='' data-avia-related-tooltip='Compartir en LinkedIn' rel=\"noopener\"><span class='avia_hidden_link_text'>Compartir en LinkedIn<\/span><\/a><\/li><li class='av-share-link av-social-link-mail' ><a  aria-label=\"Compartir por correo\" href='mailto:?subject=M%C3%BAsica%20y%20Artes%20Visuales%20se%20unen%20nuevamente%20en%20The%20Dark%20Side%20of%20the%20Sur&#038;body=https:\/\/radiorevelacionfm.cl\/?p=20633' aria-hidden='false' data-av_icon='\ue805' data-av_iconfont='entypo-fontello' title='' data-avia-related-tooltip='Compartir por correo'><span class='avia_hidden_link_text'>Compartir por correo<\/span><\/a><\/li><\/ul><\/div><\/div>\n<div  style='height:50px' class='hr hr-invisible   avia-builder-el-8  el_after_av_social_share  el_before_av_comments_list '><span class='hr-inner ' ><span class='hr-inner-style'><\/span><\/span><\/div>\n<div  class='av-buildercomment  av-blog-meta-html-info-disabled av-blog-meta-tag-disabled  '><\/div>\n","protected":false},"excerpt":{"rendered":"","protected":false},"author":1,"featured_media":20662,"comment_status":"open","ping_status":"open","sticky":false,"template":"","format":"standard","meta":{"footnotes":""},"categories":[43],"tags":[],"class_list":["post-20633","post","type-post","status-publish","format-standard","has-post-thumbnail","hentry","category-musica"],"jetpack_featured_media_url":"https:\/\/radiorevelacionfm.cl\/wp-content\/uploads\/2022\/08\/image-74-2_optimized.jpg","_links":{"self":[{"href":"https:\/\/radiorevelacionfm.cl\/index.php?rest_route=\/wp\/v2\/posts\/20633","targetHints":{"allow":["GET"]}}],"collection":[{"href":"https:\/\/radiorevelacionfm.cl\/index.php?rest_route=\/wp\/v2\/posts"}],"about":[{"href":"https:\/\/radiorevelacionfm.cl\/index.php?rest_route=\/wp\/v2\/types\/post"}],"author":[{"embeddable":true,"href":"https:\/\/radiorevelacionfm.cl\/index.php?rest_route=\/wp\/v2\/users\/1"}],"replies":[{"embeddable":true,"href":"https:\/\/radiorevelacionfm.cl\/index.php?rest_route=%2Fwp%2Fv2%2Fcomments&post=20633"}],"version-history":[{"count":2,"href":"https:\/\/radiorevelacionfm.cl\/index.php?rest_route=\/wp\/v2\/posts\/20633\/revisions"}],"predecessor-version":[{"id":20661,"href":"https:\/\/radiorevelacionfm.cl\/index.php?rest_route=\/wp\/v2\/posts\/20633\/revisions\/20661"}],"wp:featuredmedia":[{"embeddable":true,"href":"https:\/\/radiorevelacionfm.cl\/index.php?rest_route=\/wp\/v2\/media\/20662"}],"wp:attachment":[{"href":"https:\/\/radiorevelacionfm.cl\/index.php?rest_route=%2Fwp%2Fv2%2Fmedia&parent=20633"}],"wp:term":[{"taxonomy":"category","embeddable":true,"href":"https:\/\/radiorevelacionfm.cl\/index.php?rest_route=%2Fwp%2Fv2%2Fcategories&post=20633"},{"taxonomy":"post_tag","embeddable":true,"href":"https:\/\/radiorevelacionfm.cl\/index.php?rest_route=%2Fwp%2Fv2%2Ftags&post=20633"}],"curies":[{"name":"wp","href":"https:\/\/api.w.org\/{rel}","templated":true}]}}