{"id":20621,"date":"2022-08-17T18:43:32","date_gmt":"2022-08-17T21:43:32","guid":{"rendered":"https:\/\/radiorevelacionfm.cl\/?p=20621"},"modified":"2022-08-17T18:43:32","modified_gmt":"2022-08-17T21:43:32","slug":"suspenden-resolucion-exenta-que-restaba-cuota-de-extraccion-del-recurso-erizo-para-aysen","status":"publish","type":"post","link":"https:\/\/radiorevelacionfm.cl\/?p=20621","title":{"rendered":"Suspenden resoluci\u00f3n exenta que restaba cuota de extracci\u00f3n del recurso erizo para Ays\u00e9n"},"content":{"rendered":"<div class=\"flex_column av_one_full  flex_column_div av-zero-column-padding first  avia-builder-el-0  el_before_av_one_full  avia-builder-el-first  \" style='border-radius:0px; '><div  class='avia-image-container  av-styling-    avia-builder-el-1  avia-builder-el-no-sibling  avia-align-center '  itemprop=\"image\" itemscope=\"itemscope\" itemtype=\"https:\/\/schema.org\/ImageObject\"  ><div class='avia-image-container-inner'><div class='avia-image-overlay-wrap'><img decoding=\"async\" class='wp-image-20622 avia-img-lazy-loading-not-20622 avia_image' src=\"https:\/\/radiorevelacionfm.cl\/wp-content\/uploads\/2022\/08\/erizos_XI-1-1.jpg\" alt='' title='erizos_XI (1) (1)' height=\"600\" width=\"805\"  itemprop=\"thumbnailUrl\" srcset=\"https:\/\/radiorevelacionfm.cl\/wp-content\/uploads\/2022\/08\/erizos_XI-1-1.jpg 805w, https:\/\/radiorevelacionfm.cl\/wp-content\/uploads\/2022\/08\/erizos_XI-1-1-300x224.jpg 300w, https:\/\/radiorevelacionfm.cl\/wp-content\/uploads\/2022\/08\/erizos_XI-1-1-768x572.jpg 768w, https:\/\/radiorevelacionfm.cl\/wp-content\/uploads\/2022\/08\/erizos_XI-1-1-705x525.jpg 705w, https:\/\/radiorevelacionfm.cl\/wp-content\/uploads\/2022\/08\/erizos_XI-1-1-600x447.jpg 600w\" sizes=\"(max-width: 805px) 100vw, 805px\" \/><\/div><\/div><\/div><\/div><div class=\"flex_column av_one_full  flex_column_div av-zero-column-padding first  avia-builder-el-2  el_after_av_one_full  el_before_av_one_full  column-top-margin\" style='border-radius:0px; '><section class=\"av_textblock_section \"  itemscope=\"itemscope\" itemtype=\"https:\/\/schema.org\/BlogPosting\" itemprop=\"blogPost\" ><div class='avia_textblock  '   itemprop=\"text\" ><p style=\"text-align: center;\"><strong><span style=\"font-size: 18pt;\">Suspenden resoluci\u00f3n exenta que restaba cuota de extracci\u00f3n del recurso erizo para Ays\u00e9n<\/span><\/strong><\/p>\n<div id=\"gtx-trans\" style=\"position: absolute; left: -50px; top: 4.31534px;\">\n<div class=\"gtx-trans-icon\"><\/div>\n<\/div>\n<\/div><\/section><\/div><div class=\"flex_column av_one_full  flex_column_div av-zero-column-padding first  avia-builder-el-4  el_after_av_one_full  el_before_av_hr  column-top-margin\" style='border-radius:0px; '><section class=\"av_textblock_section \"  itemscope=\"itemscope\" itemtype=\"https:\/\/schema.org\/BlogPosting\" itemprop=\"blogPost\" ><div class='avia_textblock  '   itemprop=\"text\" ><p dir=\"ltr\" style=\"text-align: justify;\">La Subsecretar\u00eda de Pesca y Acuicultura (Subpesca) tuvo que suspender la ejecuci\u00f3n de la Resoluci\u00f3n Exenta 1557, donde se modific\u00f3 la cuota de extracci\u00f3n del recurso erizo a los pescadores artesanales de la Regi\u00f3n de Ays\u00e9n, disminuyendo en trescientas toneladas.<\/p>\n<p dir=\"ltr\" style=\"text-align: justify;\">Para la Gobernadora Regional de Ays\u00e9n, Andrea Mac\u00edas Palma, la informaci\u00f3n recibida es positiva. \u00abRelevar que la Corte de Apelaciones de Coyhaique ha puesto una orden de no innovar y ha solicitado a la Subsecretar\u00eda de Pesca que deje sin efecto la Resoluci\u00f3n 1557 (&#8230;) Vemos que este fallo viene a reconocer el trabajo que se ha hecho en cuanto al manejo sustentable y sostenible de los distintos recursos en la Regi\u00f3n de Ays\u00e9n\u00bb.<\/p>\n<p dir=\"ltr\" style=\"text-align: justify;\">El Presidente de la Federaci\u00f3n de los Pescadores de Guaitecas, Juan Carlos Leviante, se refiri\u00f3 al resultado de la Corte de Apelaciones de Coyhaique, y agradeci\u00f3 \u00abel trabajo que ha hecho la Gobernadora para darnos la informaci\u00f3n y apoyarnos en poner este recurso de protecci\u00f3n\u00bb, destac\u00f3 Juan Carlos Leviante.<\/p>\n<p dir=\"ltr\" style=\"text-align: justify;\">Adem\u00e1s, manifest\u00f3 su preocupaci\u00f3n ante la cuota de extracci\u00f3n de erizos por parte de la Regi\u00f3n de Los Lagos durante el per\u00edodo en que los pescadores y pescadoras artesanales de la Regi\u00f3n de Ays\u00e9n estuvieron sin sacar el recurso.<\/p>\n<p dir=\"ltr\" style=\"text-align: justify;\">El alcalde de la Municipalidad de Guaitecas, Marcos Silva, enfatiz\u00f3 en la importancia de relevar un Plan de Manejo. \u00abPoder armar un plan de manejo que los dirigentes han pedido hace rato, sentar las bases que nos permita hacer, justamente una actividad sustentable para la Regi\u00f3n de Ays\u00e9n\u00bb, expres\u00f3 el edil.<\/p>\n<p dir=\"ltr\" style=\"text-align: justify;\">A principios de mes, los pescadores de la Regi\u00f3n de Los Lagos continuaban sus movilizaciones y llegaron a un acuerdo con la Subsecretar\u00eda de Pesca y Acuicultura para aumentar la cantidad de extracci\u00f3n de la cuota del erizo, lo que result\u00f3 en una modificaci\u00f3n a una resoluci\u00f3n exenta que ahora queda suspendida tras la orden de no innovar anunciada por la Ilustr\u00edsima Corte de Apelaciones de Coyhaique, luego que se efectuara una acci\u00f3n constitucional de protecci\u00f3n caratulada: \u00abLeviante\/Salas\u00bb.<\/p>\n<p dir=\"ltr\" style=\"text-align: justify;\">El dirigente de la pesca artesanal, Daniel Caniullan, dijo sobre la suspensi\u00f3n de la modificaci\u00f3n de la resoluci\u00f3n exenta que \u00ablas trescientas toneladas que se nos hab\u00edan quitado, las volvemos a recuperar y esperemos darle un uso, un buen manejo de aqu\u00ed para adelante a trav\u00e9s del Comit\u00e9 de Manejo y, obviamente, con la ayuda de todas las autoridades que aportaron a la defensa de este abuso indebido que hizo la Subsecretar\u00eda de Pesca, hoy d\u00eda estamos viendo los frutos razonables\u00bb.<\/p>\n<\/div><\/section><\/div><div  style='height:50px' class='hr hr-invisible   avia-builder-el-6  el_after_av_one_full  el_before_av_social_share '><span class='hr-inner ' ><span class='hr-inner-style'><\/span><\/span><\/div><\/p>\n<div  class='av-social-sharing-box  avia-builder-el-7  el_after_av_hr  el_before_av_hr  '><div class='av-share-box'><h5 class='av-share-link-description av-no-toc '>Compartir esta noticia<\/h5><ul class='av-share-box-list noLightbox'><li class='av-share-link av-social-link-facebook' ><a target=\"_blank\" aria-label=\"Compartir en Facebook\" href='https:\/\/www.facebook.com\/sharer.php?u=https:\/\/radiorevelacionfm.cl\/?p=20621&#038;t=Suspenden%20resoluci%C3%B3n%20exenta%20que%20restaba%20cuota%20de%20extracci%C3%B3n%20del%20recurso%20erizo%20para%20Ays%C3%A9n' aria-hidden='false' data-av_icon='\ue8f3' data-av_iconfont='entypo-fontello' title='' data-avia-related-tooltip='Compartir en Facebook' rel=\"noopener\"><span class='avia_hidden_link_text'>Compartir en Facebook<\/span><\/a><\/li><li class='av-share-link av-social-link-twitter' ><a target=\"_blank\" aria-label=\"Compartir en Twitter\" href='https:\/\/twitter.com\/share?text=Suspenden%20resoluci%C3%B3n%20exenta%20que%20restaba%20cuota%20de%20extracci%C3%B3n%20del%20recurso%20erizo%20para%20Ays%C3%A9n&#038;url=https:\/\/radiorevelacionfm.cl\/?p=20621' aria-hidden='false' data-av_icon='\ue8f1' data-av_iconfont='entypo-fontello' title='' data-avia-related-tooltip='Compartir en Twitter' rel=\"noopener\"><span class='avia_hidden_link_text'>Compartir en Twitter<\/span><\/a><\/li><li class='av-share-link av-social-link-whatsapp' ><a target=\"_blank\" aria-label=\"Compartir en Whatsapp\" href='https:\/\/api.whatsapp.com\/send?text=https:\/\/radiorevelacionfm.cl\/?p=20621' aria-hidden='false' data-av_icon='\uf232' data-av_iconfont='entypo-fontello' title='' data-avia-related-tooltip='Compartir en Whatsapp' rel=\"noopener\"><span class='avia_hidden_link_text'>Compartir en Whatsapp<\/span><\/a><\/li><li class='av-share-link av-social-link-linkedin' ><a target=\"_blank\" aria-label=\"Compartir en LinkedIn\" href='https:\/\/linkedin.com\/shareArticle?mini=true&#038;title=Suspenden%20resoluci%C3%B3n%20exenta%20que%20restaba%20cuota%20de%20extracci%C3%B3n%20del%20recurso%20erizo%20para%20Ays%C3%A9n&#038;url=https:\/\/radiorevelacionfm.cl\/?p=20621' aria-hidden='false' data-av_icon='\ue8fc' data-av_iconfont='entypo-fontello' title='' data-avia-related-tooltip='Compartir en LinkedIn' rel=\"noopener\"><span class='avia_hidden_link_text'>Compartir en LinkedIn<\/span><\/a><\/li><li class='av-share-link av-social-link-mail' ><a  aria-label=\"Compartir por correo\" href='mailto:?subject=Suspenden%20resoluci%C3%B3n%20exenta%20que%20restaba%20cuota%20de%20extracci%C3%B3n%20del%20recurso%20erizo%20para%20Ays%C3%A9n&#038;body=https:\/\/radiorevelacionfm.cl\/?p=20621' aria-hidden='false' data-av_icon='\ue805' data-av_iconfont='entypo-fontello' title='' data-avia-related-tooltip='Compartir por correo'><span class='avia_hidden_link_text'>Compartir por correo<\/span><\/a><\/li><\/ul><\/div><\/div>\n<div  style='height:50px' class='hr hr-invisible   avia-builder-el-8  el_after_av_social_share  el_before_av_comments_list '><span class='hr-inner ' ><span class='hr-inner-style'><\/span><\/span><\/div>\n<div  class='av-buildercomment  av-blog-meta-html-info-disabled av-blog-meta-tag-disabled  '><\/div>\n","protected":false},"excerpt":{"rendered":"","protected":false},"author":1,"featured_media":20622,"comment_status":"open","ping_status":"open","sticky":false,"template":"","format":"standard","meta":{"footnotes":""},"categories":[60],"tags":[],"class_list":["post-20621","post","type-post","status-publish","format-standard","has-post-thumbnail","hentry","category-pesca"],"jetpack_featured_media_url":"https:\/\/radiorevelacionfm.cl\/wp-content\/uploads\/2022\/08\/erizos_XI-1-1.jpg","_links":{"self":[{"href":"https:\/\/radiorevelacionfm.cl\/index.php?rest_route=\/wp\/v2\/posts\/20621","targetHints":{"allow":["GET"]}}],"collection":[{"href":"https:\/\/radiorevelacionfm.cl\/index.php?rest_route=\/wp\/v2\/posts"}],"about":[{"href":"https:\/\/radiorevelacionfm.cl\/index.php?rest_route=\/wp\/v2\/types\/post"}],"author":[{"embeddable":true,"href":"https:\/\/radiorevelacionfm.cl\/index.php?rest_route=\/wp\/v2\/users\/1"}],"replies":[{"embeddable":true,"href":"https:\/\/radiorevelacionfm.cl\/index.php?rest_route=%2Fwp%2Fv2%2Fcomments&post=20621"}],"version-history":[{"count":2,"href":"https:\/\/radiorevelacionfm.cl\/index.php?rest_route=\/wp\/v2\/posts\/20621\/revisions"}],"predecessor-version":[{"id":20624,"href":"https:\/\/radiorevelacionfm.cl\/index.php?rest_route=\/wp\/v2\/posts\/20621\/revisions\/20624"}],"wp:featuredmedia":[{"embeddable":true,"href":"https:\/\/radiorevelacionfm.cl\/index.php?rest_route=\/wp\/v2\/media\/20622"}],"wp:attachment":[{"href":"https:\/\/radiorevelacionfm.cl\/index.php?rest_route=%2Fwp%2Fv2%2Fmedia&parent=20621"}],"wp:term":[{"taxonomy":"category","embeddable":true,"href":"https:\/\/radiorevelacionfm.cl\/index.php?rest_route=%2Fwp%2Fv2%2Fcategories&post=20621"},{"taxonomy":"post_tag","embeddable":true,"href":"https:\/\/radiorevelacionfm.cl\/index.php?rest_route=%2Fwp%2Fv2%2Ftags&post=20621"}],"curies":[{"name":"wp","href":"https:\/\/api.w.org\/{rel}","templated":true}]}}