{"id":20617,"date":"2022-08-17T21:35:11","date_gmt":"2022-08-18T00:35:11","guid":{"rendered":"https:\/\/radiorevelacionfm.cl\/?p=20617"},"modified":"2022-08-17T21:35:11","modified_gmt":"2022-08-18T00:35:11","slug":"familias-del-comite-lago-ciervo-de-villa-ohiggins-recibieron-las-escrituras-de-sus-viviendas","status":"publish","type":"post","link":"https:\/\/radiorevelacionfm.cl\/?p=20617","title":{"rendered":"Familias del Comit\u00e9 Lago Ciervo de Villa O\u2019Higgins recibieron las escrituras de sus viviendas"},"content":{"rendered":"<div class=\"flex_column av_one_full  flex_column_div av-zero-column-padding first  avia-builder-el-0  el_before_av_one_full  avia-builder-el-first  \" style='border-radius:0px; '><div  class='avia-image-container  av-styling-    avia-builder-el-1  avia-builder-el-no-sibling  avia-align-center '  itemprop=\"image\" itemscope=\"itemscope\" itemtype=\"https:\/\/schema.org\/ImageObject\"  ><div class='avia-image-container-inner'><div class='avia-image-overlay-wrap'><img decoding=\"async\" class='wp-image-20618 avia-img-lazy-loading-not-20618 avia_image' src=\"https:\/\/radiorevelacionfm.cl\/wp-content\/uploads\/2022\/08\/familia-con-escritura-de-su-vivienda-1-1.jpg\" alt='' title='familia con escritura de su vivienda (1) (1)' height=\"600\" width=\"861\"  itemprop=\"thumbnailUrl\" srcset=\"https:\/\/radiorevelacionfm.cl\/wp-content\/uploads\/2022\/08\/familia-con-escritura-de-su-vivienda-1-1.jpg 861w, https:\/\/radiorevelacionfm.cl\/wp-content\/uploads\/2022\/08\/familia-con-escritura-de-su-vivienda-1-1-300x209.jpg 300w, https:\/\/radiorevelacionfm.cl\/wp-content\/uploads\/2022\/08\/familia-con-escritura-de-su-vivienda-1-1-768x535.jpg 768w, https:\/\/radiorevelacionfm.cl\/wp-content\/uploads\/2022\/08\/familia-con-escritura-de-su-vivienda-1-1-705x491.jpg 705w, https:\/\/radiorevelacionfm.cl\/wp-content\/uploads\/2022\/08\/familia-con-escritura-de-su-vivienda-1-1-600x418.jpg 600w\" sizes=\"(max-width: 861px) 100vw, 861px\" \/><\/div><\/div><\/div><\/div><div class=\"flex_column av_one_full  flex_column_div av-zero-column-padding first  avia-builder-el-2  el_after_av_one_full  el_before_av_one_full  column-top-margin\" style='border-radius:0px; '><section class=\"av_textblock_section \"  itemscope=\"itemscope\" itemtype=\"https:\/\/schema.org\/BlogPosting\" itemprop=\"blogPost\" ><div class='avia_textblock  '   itemprop=\"text\" ><p style=\"text-align: center;\"><strong><span style=\"font-size: 18pt;\">Familias del Comit\u00e9 Lago Ciervo de Villa O\u2019Higgins recibieron las escrituras de sus viviendas<\/span><\/strong><\/p>\n<div id=\"gtx-trans\" style=\"position: absolute; left: -50px; top: 4.31534px;\">\n<div class=\"gtx-trans-icon\"><\/div>\n<\/div>\n<\/div><\/section><\/div><div class=\"flex_column av_one_full  flex_column_div av-zero-column-padding first  avia-builder-el-4  el_after_av_one_full  el_before_av_hr  column-top-margin\" style='border-radius:0px; '><section class=\"av_textblock_section \"  itemscope=\"itemscope\" itemtype=\"https:\/\/schema.org\/BlogPosting\" itemprop=\"blogPost\" ><div class='avia_textblock  '   itemprop=\"text\" ><p style=\"text-align: justify;\">En el marco de las actividades que cumpli\u00f3 la semana pasada la Seremi de Vivienda y Urbanismo, Paulina Ruz Delf\u00edn, en la Provincia Capit\u00e1n Prat, se concret\u00f3 la esperada entrega de las escrituras de sus viviendas a los 22 integrantes del comit\u00e9 \u201cLago Ciervo\u201d de Villa O\u2019Higgins, ceremonia que cont\u00f3 con la participaci\u00f3n de autoridades locales, regionales y comunidad en general.<\/p>\n<p style=\"text-align: justify;\">Cabe recordar que las viviendas fueron construidas en el marco del Programa de Habitabilidad Rural del Ministerio de Vivienda (Minvu) lo que permiti\u00f3 elevar la inversi\u00f3n de la obra a m\u00e1s de mil 300 millones de pesos, recursos que hicieron posible dignificar la vida de las familias no solo con una vivienda de llamativo dise\u00f1o, alto est\u00e1ndar t\u00e9rmico y gran calidad de materiales, sino tambi\u00e9n incluyendo otros espacios como bodegas o le\u00f1eras, acceso para autom\u00f3viles y calles pavimentadas.<\/p>\n<p style=\"text-align: justify;\">Otro punto muy especial del proyecto tiene que ver con la electrificaci\u00f3n del conjunto habitacional, ya que el Municipio local, que actu\u00f3 como Entidad de Gesti\u00f3n Rural, incluy\u00f3 en el proyecto un sistema de electricidad soterrada, sentando un precedente hist\u00f3rico en la construcci\u00f3n de viviendas sociales en la regi\u00f3n de Ays\u00e9n.<\/p>\n<p style=\"text-align: justify;\">Tras la entrega de los documentos que los acreditan como leg\u00edtimos propietarios, la Seremi Paulina Ruz destac\u00f3 el esfuerzo, trabajo y organizaci\u00f3n que mantuvieron los integrantes del comit\u00e9 en todos estos a\u00f1os. \u201cEstoy muy emocionada de poder ser parte de esto, que finalmente son pol\u00edticas de Estado, pol\u00edticas p\u00fablicas que vienen a mejorar la vida de los habitantes de nuestra regi\u00f3n. \u00a0Como Gobierno tenemos un Plan de Emergencia Habitacional que nos impone el desaf\u00edo de construir cerca de mil 300 viviendas en estos cuatro a\u00f1os en nuestra regi\u00f3n, por lo que haremos nuestro mejor esfuerzo no solo por cumplir esa meta sino superarla, entendiendo que la demanda es mayor y cada d\u00eda van surgiendo nuevas necesidades\u201d, manifest\u00f3.<\/p>\n<p style=\"text-align: justify;\">La presidenta del Comit\u00e9 Lago Ciervo, Elcira Forranca, agradeci\u00f3 el apoyo recibido de sus socios y de todos los entes que tuvieron participaci\u00f3n en el proyecto. \u201cPrimero logramos que nos entreguen nuestras casitas y hoy logramos nuestro t\u00edtulo, con lo que ya vamos a ser due\u00f1os de nuestras propiedades. Cost\u00f3 mucho, pero estoy feliz y quiero agradecer al comit\u00e9 porque siempre trabajamos muy bien, con apoyo de todas las familias y de todas las autoridades. Ahora desearles lo mejor, que cuiden su casita, ya que hoy para m\u00ed se termina una etapa m\u00e1s como dirigente\u201d, se\u00f1al\u00f3.<\/p>\n<p style=\"text-align: justify;\">Tanto la Delegada Presidencial Provincial, Marta Montiel, como el Alcalde de la comuna, Jos\u00e9 Fica, valoraron tambi\u00e9n la culminaci\u00f3n de esta etapa tan relevante en la vida de las 22 familias, ya que tras a\u00f1os de trabajo y esfuerzo cierran con \u00e9xito este ciclo e inician un nuevo camino donde pueden mirar con mayor tranquilidad y optimismo hacia el futuro.<\/p>\n<p style=\"text-align: justify;\">Cabe recordar que la obra fue ejecutada por la constructora de Marianela Lav\u00edn, considerando 13 viviendas con ampliaci\u00f3n de dormitorio (59 m2) y 9 con dormitorio proyectado (47m2) para construir en una segunda etapa, permitiendo adem\u00e1s el incentivo a la econom\u00eda local y la generaci\u00f3n de empleo, situaci\u00f3n que fue muy valorada por las autoridades y la comunidad, en especial considerando las dificultades que trajo la pandemia por coronavirus en los \u00faltimos dos a\u00f1os.<\/p>\n<p style=\"text-align: justify;\">Durante su jornada de trabajo en Villa O\u2019Higgins la Seremi Paulina Ruz sostuvo tambi\u00e9n reuniones de trabajo con los comit\u00e9s Villa Austral y Bajo Glaciares, los que se siguen organizando y haciendo gestiones para avanzar hacia la soluci\u00f3n habitacional definitiva.<\/p>\n<\/div><\/section><\/div><div  style='height:50px' class='hr hr-invisible   avia-builder-el-6  el_after_av_one_full  el_before_av_social_share '><span class='hr-inner ' ><span class='hr-inner-style'><\/span><\/span><\/div><\/p>\n<div  class='av-social-sharing-box  avia-builder-el-7  el_after_av_hr  el_before_av_hr  '><div class='av-share-box'><h5 class='av-share-link-description av-no-toc '>Compartir esta noticia<\/h5><ul class='av-share-box-list noLightbox'><li class='av-share-link av-social-link-facebook' ><a target=\"_blank\" aria-label=\"Compartir en Facebook\" href='https:\/\/www.facebook.com\/sharer.php?u=https:\/\/radiorevelacionfm.cl\/?p=20617&#038;t=Familias%20del%20Comit%C3%A9%20Lago%20Ciervo%20de%20Villa%20O%E2%80%99Higgins%20recibieron%20las%20escrituras%20de%20sus%20viviendas' aria-hidden='false' data-av_icon='\ue8f3' data-av_iconfont='entypo-fontello' title='' data-avia-related-tooltip='Compartir en Facebook' rel=\"noopener\"><span class='avia_hidden_link_text'>Compartir en Facebook<\/span><\/a><\/li><li class='av-share-link av-social-link-twitter' ><a target=\"_blank\" aria-label=\"Compartir en Twitter\" href='https:\/\/twitter.com\/share?text=Familias%20del%20Comit%C3%A9%20Lago%20Ciervo%20de%20Villa%20O%E2%80%99Higgins%20recibieron%20las%20escrituras%20de%20sus%20viviendas&#038;url=https:\/\/radiorevelacionfm.cl\/?p=20617' aria-hidden='false' data-av_icon='\ue8f1' data-av_iconfont='entypo-fontello' title='' data-avia-related-tooltip='Compartir en Twitter' rel=\"noopener\"><span class='avia_hidden_link_text'>Compartir en Twitter<\/span><\/a><\/li><li class='av-share-link av-social-link-whatsapp' ><a target=\"_blank\" aria-label=\"Compartir en Whatsapp\" href='https:\/\/api.whatsapp.com\/send?text=https:\/\/radiorevelacionfm.cl\/?p=20617' aria-hidden='false' data-av_icon='\uf232' data-av_iconfont='entypo-fontello' title='' data-avia-related-tooltip='Compartir en Whatsapp' rel=\"noopener\"><span class='avia_hidden_link_text'>Compartir en Whatsapp<\/span><\/a><\/li><li class='av-share-link av-social-link-linkedin' ><a target=\"_blank\" aria-label=\"Compartir en LinkedIn\" href='https:\/\/linkedin.com\/shareArticle?mini=true&#038;title=Familias%20del%20Comit%C3%A9%20Lago%20Ciervo%20de%20Villa%20O%E2%80%99Higgins%20recibieron%20las%20escrituras%20de%20sus%20viviendas&#038;url=https:\/\/radiorevelacionfm.cl\/?p=20617' aria-hidden='false' data-av_icon='\ue8fc' data-av_iconfont='entypo-fontello' title='' data-avia-related-tooltip='Compartir en LinkedIn' rel=\"noopener\"><span class='avia_hidden_link_text'>Compartir en LinkedIn<\/span><\/a><\/li><li class='av-share-link av-social-link-mail' ><a  aria-label=\"Compartir por correo\" href='mailto:?subject=Familias%20del%20Comit%C3%A9%20Lago%20Ciervo%20de%20Villa%20O%E2%80%99Higgins%20recibieron%20las%20escrituras%20de%20sus%20viviendas&#038;body=https:\/\/radiorevelacionfm.cl\/?p=20617' aria-hidden='false' data-av_icon='\ue805' data-av_iconfont='entypo-fontello' title='' data-avia-related-tooltip='Compartir por correo'><span class='avia_hidden_link_text'>Compartir por correo<\/span><\/a><\/li><\/ul><\/div><\/div>\n<div  style='height:50px' class='hr hr-invisible   avia-builder-el-8  el_after_av_social_share  el_before_av_comments_list '><span class='hr-inner ' ><span class='hr-inner-style'><\/span><\/span><\/div>\n<div  class='av-buildercomment  av-blog-meta-html-info-disabled av-blog-meta-tag-disabled  '><\/div>\n","protected":false},"excerpt":{"rendered":"","protected":false},"author":1,"featured_media":20618,"comment_status":"open","ping_status":"open","sticky":false,"template":"","format":"standard","meta":{"footnotes":""},"categories":[57],"tags":[],"class_list":["post-20617","post","type-post","status-publish","format-standard","has-post-thumbnail","hentry","category-vivienda"],"jetpack_featured_media_url":"https:\/\/radiorevelacionfm.cl\/wp-content\/uploads\/2022\/08\/familia-con-escritura-de-su-vivienda-1-1.jpg","_links":{"self":[{"href":"https:\/\/radiorevelacionfm.cl\/index.php?rest_route=\/wp\/v2\/posts\/20617","targetHints":{"allow":["GET"]}}],"collection":[{"href":"https:\/\/radiorevelacionfm.cl\/index.php?rest_route=\/wp\/v2\/posts"}],"about":[{"href":"https:\/\/radiorevelacionfm.cl\/index.php?rest_route=\/wp\/v2\/types\/post"}],"author":[{"embeddable":true,"href":"https:\/\/radiorevelacionfm.cl\/index.php?rest_route=\/wp\/v2\/users\/1"}],"replies":[{"embeddable":true,"href":"https:\/\/radiorevelacionfm.cl\/index.php?rest_route=%2Fwp%2Fv2%2Fcomments&post=20617"}],"version-history":[{"count":2,"href":"https:\/\/radiorevelacionfm.cl\/index.php?rest_route=\/wp\/v2\/posts\/20617\/revisions"}],"predecessor-version":[{"id":20653,"href":"https:\/\/radiorevelacionfm.cl\/index.php?rest_route=\/wp\/v2\/posts\/20617\/revisions\/20653"}],"wp:featuredmedia":[{"embeddable":true,"href":"https:\/\/radiorevelacionfm.cl\/index.php?rest_route=\/wp\/v2\/media\/20618"}],"wp:attachment":[{"href":"https:\/\/radiorevelacionfm.cl\/index.php?rest_route=%2Fwp%2Fv2%2Fmedia&parent=20617"}],"wp:term":[{"taxonomy":"category","embeddable":true,"href":"https:\/\/radiorevelacionfm.cl\/index.php?rest_route=%2Fwp%2Fv2%2Fcategories&post=20617"},{"taxonomy":"post_tag","embeddable":true,"href":"https:\/\/radiorevelacionfm.cl\/index.php?rest_route=%2Fwp%2Fv2%2Ftags&post=20617"}],"curies":[{"name":"wp","href":"https:\/\/api.w.org\/{rel}","templated":true}]}}