{"id":20614,"date":"2022-08-17T20:09:45","date_gmt":"2022-08-17T23:09:45","guid":{"rendered":"https:\/\/radiorevelacionfm.cl\/?p=20614"},"modified":"2022-08-17T20:09:45","modified_gmt":"2022-08-17T23:09:45","slug":"diputada-raphael-26-iniciativas-de-inversion-publica-y-mas-de-mil-puestos-de-trabajo-estan-en-riesgo-en-la-region-de-aysen","status":"publish","type":"post","link":"https:\/\/radiorevelacionfm.cl\/?p=20614","title":{"rendered":"Diputada Raphael: \u00ab26 iniciativas de inversi\u00f3n p\u00fablica y m\u00e1s de mil puestos de trabajo est\u00e1n en riesgo en la Regi\u00f3n de Ays\u00e9n\u00bb"},"content":{"rendered":"<div class=\"flex_column av_one_full  flex_column_div av-zero-column-padding first  avia-builder-el-0  el_before_av_one_full  avia-builder-el-first  \" style='border-radius:0px; '><div  class='avia-image-container  av-styling-    avia-builder-el-1  avia-builder-el-no-sibling  avia-align-center '  itemprop=\"image\" itemscope=\"itemscope\" itemtype=\"https:\/\/schema.org\/ImageObject\"  ><div class='avia-image-container-inner'><div class='avia-image-overlay-wrap'><img decoding=\"async\" class='wp-image-20615 avia-img-lazy-loading-not-20615 avia_image' src=\"https:\/\/radiorevelacionfm.cl\/wp-content\/uploads\/2022\/08\/mraphael2_17082022-1-1.jpeg\" alt='' title='mraphael2_17082022 (1) (1)' height=\"600\" width=\"900\"  itemprop=\"thumbnailUrl\" srcset=\"https:\/\/radiorevelacionfm.cl\/wp-content\/uploads\/2022\/08\/mraphael2_17082022-1-1.jpeg 900w, https:\/\/radiorevelacionfm.cl\/wp-content\/uploads\/2022\/08\/mraphael2_17082022-1-1-300x200.jpeg 300w, https:\/\/radiorevelacionfm.cl\/wp-content\/uploads\/2022\/08\/mraphael2_17082022-1-1-768x512.jpeg 768w, https:\/\/radiorevelacionfm.cl\/wp-content\/uploads\/2022\/08\/mraphael2_17082022-1-1-705x470.jpeg 705w, https:\/\/radiorevelacionfm.cl\/wp-content\/uploads\/2022\/08\/mraphael2_17082022-1-1-600x400.jpeg 600w\" sizes=\"(max-width: 900px) 100vw, 900px\" \/><\/div><\/div><\/div><\/div>\n<div class=\"flex_column av_one_full  flex_column_div av-zero-column-padding first  avia-builder-el-2  el_after_av_one_full  el_before_av_one_full  column-top-margin\" style='border-radius:0px; '><section class=\"av_textblock_section \"  itemscope=\"itemscope\" itemtype=\"https:\/\/schema.org\/BlogPosting\" itemprop=\"blogPost\" ><div class='avia_textblock  '   itemprop=\"text\" ><p style=\"text-align: center;\"><strong><span style=\"font-size: 18pt;\">Diputada Raphael: \u00ab26 iniciativas de inversi\u00f3n p\u00fablica y m\u00e1s de mil puestos de trabajo est\u00e1n en riesgo en la Regi\u00f3n de Ays\u00e9n\u00bb<\/span><\/strong><\/p>\n<div id=\"gtx-trans\" style=\"position: absolute; left: -50px; top: 4.31534px;\">\n<div class=\"gtx-trans-icon\"><\/div>\n<\/div>\n<\/div><\/section><\/div><div class=\"flex_column av_one_full  flex_column_div av-zero-column-padding first  avia-builder-el-4  el_after_av_one_full  el_before_av_hr  column-top-margin\" style='border-radius:0px; '><section class=\"av_textblock_section \"  itemscope=\"itemscope\" itemtype=\"https:\/\/schema.org\/BlogPosting\" itemprop=\"blogPost\" ><div class='avia_textblock  '   itemprop=\"text\" ><p class=\"v1MsoNormal\" style=\"text-align: justify;\"><span style=\"font-family: georgia, palatino, serif;\">As\u00ed lo inform\u00f3 la diputada Marcia Raphael Mora al suscribir un Proyecto de Resoluci\u00f3n que pide al Presidente Boric disponer de &#8216;actuaciones administrativas y legislativas&#8217;, con el objeto de abordar el alza de costos en los contratos de obras p\u00fablicas vigentes y en ejecuci\u00f3n, incluyendo una &#8216;reajustabilidad adicional&#8217; ante el aumento de los costos de materiales, que han experimentado tasas de incremento \u2013durante el \u00faltimo a\u00f1o- de un 35 a un 40%, seg\u00fan los datos de la C\u00e1mara Chilena de la Construcci\u00f3n.<\/span><\/p>\n<p class=\"v1MsoNormal\" style=\"text-align: justify;\"><span style=\"font-family: georgia, palatino, serif;\">\u00abLa inflaci\u00f3n golpea y da fuerte, sobre todo en las regiones extremas como la nuestra, en donde las cadenas de distribuci\u00f3n de toda \u00edndole siempre han encarecido los valores de todos los insumos que necesitamos para vivir y desarrollarnos. Ahora bien, con el actual escenario econ\u00f3mico todo se complic\u00f3 y hay que actuar ahora para prevenir las dificultades futuras, que est\u00e1n a la vuelta de la esquina\u00bb, explic\u00f3 la representante de Ays\u00e9n en la C\u00e1mara Baja Marcia Raphael Mora.<\/span><\/p>\n<p class=\"v1MsoNormal\" style=\"text-align: justify;\"><span style=\"font-family: georgia, palatino, serif;\">La diputada Raphael -autora del Proyecto de Resoluci\u00f3n N\u00b0314 -que se present\u00f3 esta semana y que es apoyado por nueve de parlamentarios-, busca que el Presidente de la Republica disponga, &#8216;a trav\u00e9s de las actuaciones administrativas y legislativas que fueren procedentes, los mecanismos necesarios para abordar el alza de costos de materiales en la ejecuci\u00f3n de los contratos de obras p\u00fablicas vigentes y en ejecuci\u00f3n, incluyendo en estos una reajustabilidad adicional para evitar paralizaci\u00f3n de obras con impacto social y econ\u00f3mico&#8217;.<\/span><\/p>\n<p class=\"v1MsoNormal\" style=\"text-align: justify;\"><span style=\"font-family: georgia, palatino, serif;\">\u00ab\u00bfQu\u00e9 quiere decir esto? Que de acuerdo a los datos proporcionados por la C\u00e1mara Chilena de la Construcci\u00f3n\u00a0 hay, a nivel nacional, 369 obras en riesgo de ser suspendidas o postergadas, de acuerdo a la informaci\u00f3n actualizada hasta agosto de 2022, lo que tambi\u00e9n provoca graves riesgos desde el punto de vista del trabajo, ya que cerca de 14 mil plazas laborales podr\u00edan verse perjudicadas si el sector no puede seguir ejecutando las obras\u00bb, sentenci\u00f3 Marcia Raphael.<\/span><\/p>\n<p class=\"v1MsoNormal\" style=\"text-align: justify;\"><span style=\"font-family: georgia, palatino, serif;\">Asimismo, detall\u00f3 que en la Regi\u00f3n de Ays\u00e9n \u00abtambi\u00e9n estamos preocupados con 26 iniciativas de inversi\u00f3n p\u00fablica, con m\u00e1s de 1000 trabajadores contratados. Me refiero al Hospital de Chile Chico y, tambi\u00e9n, al mejoramiento de rutas, que son claves para la conectividad interna de esta zona de la Patagonia chilena, porque impacta en todo el desarrollo productivo y humano para quienes vivimos en Ays\u00e9n\u00bb, puntualiz\u00f3.<\/span><\/p>\n<p class=\"v1MsoNormal\" style=\"text-align: justify;\"><span style=\"font-family: georgia, palatino, serif;\">Marcia Raphael manifest\u00f3 que con el Proyecto de Resoluci\u00f3n se busca afrontar desde el Ejecutivo, junto al Poder Legislativo, las alternativas m\u00e1s viables para afrontar el alza de materiales de construcci\u00f3n que presenta alzas de entre un 35 a un 40% en los \u00faltimos doce meses. \u00abPor eso recurrimos al Presidente Boric. No para decirle &#8216;h\u00e1gase cargo&#8217;, sino para invitarlo a reflexionar y avanzar vinculadamente en las medidas m\u00e1s apropiadas para sacar adelante estas obras p\u00fablicas, por lo que significan para cada territorio y para las familias de quienes trabajan en ellas, que son m\u00e1s de 14 mil personas a nivel nacional\u00bb.\u00a0<\/span><\/p>\n<p class=\"v1MsoNormal\" style=\"text-align: justify;\"><span style=\"font-family: georgia, palatino, serif;\">\u00abNo queremos que las obras se vean impactadas y queden &#8216;a medio camino&#8217; por falta de recursos, por eso el llamado al Presidente Boric es para que se ocupe de este tema ahora y no desde el lunes 5 de septiembre, como ha repetido una y otra vez su equipo ministerial y \u00e9l mismo. Lo que necesitamos es un Jefe de Estado conectado con los problemas del pa\u00eds, esos que prometi\u00f3 hacerse cargo desde el 11 de marzo y no s\u00f3lo tras el resultado que \u00e9l espera para el plebiscito de salida. No se\u00f1or Presidente, necesitamos dejar de prometer, evitar seguir haciendo ofrecimientos y ocuparse de lo que afecta a miles de chilenos, porque todos tenemos nuestra postura para este domingo 4 de septiembre, pero hasta entonces y despu\u00e9s de esa fecha, trabajamos por mejorar la vida de cada familia\u00bb.<\/span><\/p>\n<p class=\"v1MsoNormal\" style=\"text-align: justify;\"><span style=\"font-family: georgia, palatino, serif;\">El Proyecto de Resoluci\u00f3n N\u00b0314 de Marcia Raphael cuenta con el respaldo de Ren\u00e9 Alinco, Juan Carlos Beltr\u00e1n, Sergio Bobadilla, Jos\u00e9 Miguel Castro, Andr\u00e9s Celis, Juan Antonio Coloma, Mauro Gonz\u00e1lez, Carla Morales y Mar\u00eda Luisa Cordero.<\/span><\/p>\n<\/div><\/section><\/div><\/p>\n<div  style='height:50px' class='hr hr-invisible   avia-builder-el-6  el_after_av_one_full  el_before_av_social_share '><span class='hr-inner ' ><span class='hr-inner-style'><\/span><\/span><\/div>\n<div  class='av-social-sharing-box  avia-builder-el-7  el_after_av_hr  el_before_av_hr  '><div class='av-share-box'><h5 class='av-share-link-description av-no-toc '>Compartir esta noticia<\/h5><ul class='av-share-box-list noLightbox'><li class='av-share-link av-social-link-facebook' ><a target=\"_blank\" aria-label=\"Compartir en Facebook\" href='https:\/\/www.facebook.com\/sharer.php?u=https:\/\/radiorevelacionfm.cl\/?p=20614&#038;t=Diputada%20Raphael%3A%20%C2%AB26%20iniciativas%20de%20inversi%C3%B3n%20p%C3%BAblica%20y%20m%C3%A1s%20de%20mil%20puestos%20de%20trabajo%20est%C3%A1n%20en%20riesgo%20en%20la%20Regi%C3%B3n%20de%20Ays%C3%A9n%C2%BB' aria-hidden='false' data-av_icon='\ue8f3' data-av_iconfont='entypo-fontello' title='' data-avia-related-tooltip='Compartir en Facebook' rel=\"noopener\"><span class='avia_hidden_link_text'>Compartir en Facebook<\/span><\/a><\/li><li class='av-share-link av-social-link-twitter' ><a target=\"_blank\" aria-label=\"Compartir en Twitter\" href='https:\/\/twitter.com\/share?text=Diputada%20Raphael%3A%20%C2%AB26%20iniciativas%20de%20inversi%C3%B3n%20p%C3%BAblica%20y%20m%C3%A1s%20de%20mil%20puestos%20de%20trabajo%20est%C3%A1n%20en%20riesgo%20en%20la%20Regi%C3%B3n%20de%20Ays%C3%A9n%C2%BB&#038;url=https:\/\/radiorevelacionfm.cl\/?p=20614' aria-hidden='false' data-av_icon='\ue8f1' data-av_iconfont='entypo-fontello' title='' data-avia-related-tooltip='Compartir en Twitter' rel=\"noopener\"><span class='avia_hidden_link_text'>Compartir en Twitter<\/span><\/a><\/li><li class='av-share-link av-social-link-whatsapp' ><a target=\"_blank\" aria-label=\"Compartir en Whatsapp\" href='https:\/\/api.whatsapp.com\/send?text=https:\/\/radiorevelacionfm.cl\/?p=20614' aria-hidden='false' data-av_icon='\uf232' data-av_iconfont='entypo-fontello' title='' data-avia-related-tooltip='Compartir en Whatsapp' rel=\"noopener\"><span class='avia_hidden_link_text'>Compartir en Whatsapp<\/span><\/a><\/li><li class='av-share-link av-social-link-linkedin' ><a target=\"_blank\" aria-label=\"Compartir en LinkedIn\" href='https:\/\/linkedin.com\/shareArticle?mini=true&#038;title=Diputada%20Raphael%3A%20%C2%AB26%20iniciativas%20de%20inversi%C3%B3n%20p%C3%BAblica%20y%20m%C3%A1s%20de%20mil%20puestos%20de%20trabajo%20est%C3%A1n%20en%20riesgo%20en%20la%20Regi%C3%B3n%20de%20Ays%C3%A9n%C2%BB&#038;url=https:\/\/radiorevelacionfm.cl\/?p=20614' aria-hidden='false' data-av_icon='\ue8fc' data-av_iconfont='entypo-fontello' title='' data-avia-related-tooltip='Compartir en LinkedIn' rel=\"noopener\"><span class='avia_hidden_link_text'>Compartir en LinkedIn<\/span><\/a><\/li><li class='av-share-link av-social-link-mail' ><a  aria-label=\"Compartir por correo\" href='mailto:?subject=Diputada%20Raphael%3A%20%C2%AB26%20iniciativas%20de%20inversi%C3%B3n%20p%C3%BAblica%20y%20m%C3%A1s%20de%20mil%20puestos%20de%20trabajo%20est%C3%A1n%20en%20riesgo%20en%20la%20Regi%C3%B3n%20de%20Ays%C3%A9n%C2%BB&#038;body=https:\/\/radiorevelacionfm.cl\/?p=20614' aria-hidden='false' data-av_icon='\ue805' data-av_iconfont='entypo-fontello' title='' data-avia-related-tooltip='Compartir por correo'><span class='avia_hidden_link_text'>Compartir por correo<\/span><\/a><\/li><\/ul><\/div><\/div>\n<div  style='height:50px' class='hr hr-invisible   avia-builder-el-8  el_after_av_social_share  el_before_av_comments_list '><span class='hr-inner ' ><span class='hr-inner-style'><\/span><\/span><\/div>\n<div  class='av-buildercomment  av-blog-meta-html-info-disabled av-blog-meta-tag-disabled  '><\/div>\n","protected":false},"excerpt":{"rendered":"","protected":false},"author":1,"featured_media":20615,"comment_status":"open","ping_status":"open","sticky":false,"template":"","format":"standard","meta":{"footnotes":""},"categories":[35],"tags":[],"class_list":["post-20614","post","type-post","status-publish","format-standard","has-post-thumbnail","hentry","category-politica"],"jetpack_featured_media_url":"https:\/\/radiorevelacionfm.cl\/wp-content\/uploads\/2022\/08\/mraphael2_17082022-1-1.jpeg","_links":{"self":[{"href":"https:\/\/radiorevelacionfm.cl\/index.php?rest_route=\/wp\/v2\/posts\/20614","targetHints":{"allow":["GET"]}}],"collection":[{"href":"https:\/\/radiorevelacionfm.cl\/index.php?rest_route=\/wp\/v2\/posts"}],"about":[{"href":"https:\/\/radiorevelacionfm.cl\/index.php?rest_route=\/wp\/v2\/types\/post"}],"author":[{"embeddable":true,"href":"https:\/\/radiorevelacionfm.cl\/index.php?rest_route=\/wp\/v2\/users\/1"}],"replies":[{"embeddable":true,"href":"https:\/\/radiorevelacionfm.cl\/index.php?rest_route=%2Fwp%2Fv2%2Fcomments&post=20614"}],"version-history":[{"count":3,"href":"https:\/\/radiorevelacionfm.cl\/index.php?rest_route=\/wp\/v2\/posts\/20614\/revisions"}],"predecessor-version":[{"id":20638,"href":"https:\/\/radiorevelacionfm.cl\/index.php?rest_route=\/wp\/v2\/posts\/20614\/revisions\/20638"}],"wp:featuredmedia":[{"embeddable":true,"href":"https:\/\/radiorevelacionfm.cl\/index.php?rest_route=\/wp\/v2\/media\/20615"}],"wp:attachment":[{"href":"https:\/\/radiorevelacionfm.cl\/index.php?rest_route=%2Fwp%2Fv2%2Fmedia&parent=20614"}],"wp:term":[{"taxonomy":"category","embeddable":true,"href":"https:\/\/radiorevelacionfm.cl\/index.php?rest_route=%2Fwp%2Fv2%2Fcategories&post=20614"},{"taxonomy":"post_tag","embeddable":true,"href":"https:\/\/radiorevelacionfm.cl\/index.php?rest_route=%2Fwp%2Fv2%2Ftags&post=20614"}],"curies":[{"name":"wp","href":"https:\/\/api.w.org\/{rel}","templated":true}]}}