{"id":20600,"date":"2022-08-17T16:26:24","date_gmt":"2022-08-17T19:26:24","guid":{"rendered":"https:\/\/radiorevelacionfm.cl\/?p=20600"},"modified":"2022-08-17T16:26:24","modified_gmt":"2022-08-17T19:26:24","slug":"circuito-intersectorial-de-femicidio-organiza-jornada-y-despues-del-femicidio-que","status":"publish","type":"post","link":"https:\/\/radiorevelacionfm.cl\/?p=20600","title":{"rendered":"Circuito intersectorial de femicidio organiza Jornada \u00abY despu\u00e9s del Femicidio \u00bfQu\u00e9?\u00bb"},"content":{"rendered":"<div class=\"flex_column av_one_full  flex_column_div av-zero-column-padding first  avia-builder-el-0  el_before_av_one_full  avia-builder-el-first  \" style='border-radius:0px; '><div  class='avia-image-container  av-styling-    avia-builder-el-1  avia-builder-el-no-sibling  avia-align-center '  itemprop=\"image\" itemscope=\"itemscope\" itemtype=\"https:\/\/schema.org\/ImageObject\"  ><div class='avia-image-container-inner'><div class='avia-image-overlay-wrap'><img decoding=\"async\" class='wp-image-20601 avia-img-lazy-loading-not-20601 avia_image' src=\"https:\/\/radiorevelacionfm.cl\/wp-content\/uploads\/2022\/08\/jornada-cif-6-1_optimized.jpg\" alt='' title='jornada-cif-(6)-(1)_optimized' height=\"600\" width=\"901\"  itemprop=\"thumbnailUrl\" srcset=\"https:\/\/radiorevelacionfm.cl\/wp-content\/uploads\/2022\/08\/jornada-cif-6-1_optimized.jpg 901w, https:\/\/radiorevelacionfm.cl\/wp-content\/uploads\/2022\/08\/jornada-cif-6-1_optimized-300x200.jpg 300w, https:\/\/radiorevelacionfm.cl\/wp-content\/uploads\/2022\/08\/jornada-cif-6-1_optimized-768x511.jpg 768w, https:\/\/radiorevelacionfm.cl\/wp-content\/uploads\/2022\/08\/jornada-cif-6-1_optimized-705x469.jpg 705w, https:\/\/radiorevelacionfm.cl\/wp-content\/uploads\/2022\/08\/jornada-cif-6-1_optimized-600x400.jpg 600w\" sizes=\"(max-width: 901px) 100vw, 901px\" \/><\/div><\/div><\/div><\/div><div class=\"flex_column av_one_full  flex_column_div av-zero-column-padding first  avia-builder-el-2  el_after_av_one_full  el_before_av_one_full  column-top-margin\" style='border-radius:0px; '><section class=\"av_textblock_section \"  itemscope=\"itemscope\" itemtype=\"https:\/\/schema.org\/BlogPosting\" itemprop=\"blogPost\" ><div class='avia_textblock  '   itemprop=\"text\" ><p style=\"text-align: center;\"><strong><span style=\"font-size: 18pt;\">Circuito intersectorial de femicidio organiza Jornada \u00abY despu\u00e9s del Femicidio \u00bfQu\u00e9?\u00bb<\/span><\/strong><\/p>\n<div id=\"gtx-trans\" style=\"position: absolute; left: -50px; top: 4.31534px;\">\n<div class=\"gtx-trans-icon\"><\/div>\n<\/div>\n<\/div><\/section><\/div><div class=\"flex_column av_one_full  flex_column_div av-zero-column-padding first  avia-builder-el-4  el_after_av_one_full  el_before_av_hr  column-top-margin\" style='border-radius:0px; '><section class=\"av_textblock_section \"  itemscope=\"itemscope\" itemtype=\"https:\/\/schema.org\/BlogPosting\" itemprop=\"blogPost\" ><div class='avia_textblock  '   itemprop=\"text\" ><p style=\"text-align: justify;\">En el auditorio del Museo Regional de Ays\u00e9n se llev\u00f3 a cabo la Jornada \u00abY despu\u00e9s del Femicidio \u00bfQue?\u00bb, actividad organizada por el Circuito Intersectorial de Femicidio, el que tuvo por objetivo el contribuir a sensibilizar sobre la violencia de g\u00e9nero, lo que implica abordar de manera integral, tanto a las v\u00edctimas como a las dem\u00e1s personas afectadas y que incluye a la comunidad; cuando ocurren hechos de violencia extrema.<\/p>\n<p style=\"text-align: justify;\">El evento comenz\u00f3 con un saludo virtual de la Seremi de la Mujer y la Equidad de G\u00e9nero, Andrea M\u00e9ndez Valenzuela. Posteriormente, la primera exposici\u00f3n estuvo a cargo del Coordinador del Centro de Apoyo a V\u00edctimas de Delitos Violentos, Ignacio Jara S\u00e1nchez; en la que dio a conocer el funcionamiento del Circuito. Otra de las presentaciones estuvo a cargo de la Directora Regional (s) de SernamEG, Carla Arriagada Malague\u00f1o, quien abord\u00f3 los desaf\u00edos del Estado en materia de violencia extrema.<\/p>\n<p style=\"text-align: justify;\">La Seremi de Desarrollo Social y Familia, Karina Acevedo Auad, sostuvo que \u201cla actividad fue un llamado de atenci\u00f3n, para que todas las instituciones podamos ver en lo local, el c\u00f3mo podemos levantar la necesidad y c\u00f3mo nos hacemos parte de la soluci\u00f3n. Sobre todo, cuando el presidente Gabriel Boric Font nos insta, al declararse un gobierno feminista, el dar soluciones acordes en el territorio. Este es el desaf\u00edo y nos vamos con tareas cada uno de los diferentes servicios y as\u00ed entregar apoyos reales en la regi\u00f3n de Ays\u00e9n a todas estas familias que sufren tras un femicidio\u201d.<\/p>\n<p style=\"text-align: justify;\">Dos fueron los testimonios que se dieron a conocer en la Jornada \u00abY despu\u00e9s del Femicidio \u00bfQue?\u00bb. El primero de ellos, el de Jennifer Ilustra, activista feminista e ilustradora. Ella se refiri\u00f3 a c\u00f3mo el arte refleja el rostro de las v\u00edctimas de la violencia de g\u00e9nero. Respecto a su participaci\u00f3n precis\u00f3 que \u201cdesde mi carrera de ilustradora y pintora he podido aportar de alguna manera, es un homenaje a las familias y a las v\u00edctimas de femicidio. Es destacable reconocer la labor que tienen como familiares y como madres tambi\u00e9n, porque si bien en alg\u00fan momento le arrebataron a las personas m\u00e1s importantes de sus vidas, siguen exigiendo justicia. Me parece valorable estar en esta actividad, sacar la muestra \u2018El grito de las que ya no est\u00e1n\u2019 de Santiago y llevarla a regiones y tambi\u00e9n sacar el arte de las galer\u00edas y que puedan intervenir en todo tipo de espacio\u201d.<\/p>\n<p style=\"text-align: justify;\">El segundo testimonio de la Jornada fue de Mar\u00eda Francisca Bahamondes, perteneciente al Movimiento Justicia para Nicole Saavedra. En la ocasi\u00f3n, relat\u00f3 su vivencia personal y familiar tras el asesinato de su prima, la joven lesbiana, Nicole Saavedra Bahamondes, en junio de 2016. Junto con destacar la realizaci\u00f3n de este tipo de actividades, Mar\u00eda Francisca Bahamondes, expres\u00f3: \u201ccreo que este Gobierno es feminista como lo han dicho muchas compa\u00f1eras y necesitamos esos cambios, ayer muere Nicole y las familias v\u00edctimas de femicidio quedamos de brazos cruzados y es importante que tengan apoyo y podamos reactivar nuestras vidas. Agradecer la relevancia que se le est\u00e1 dando a las identidades de g\u00e9nero y disidencias\u201d.<\/p>\n<p style=\"text-align: justify;\">Las instituciones que conforman el Circuito Intersectorial de Femicidio son: Servicio Nacional de la Mujer y la Equidad de G\u00e9nero, Carabineros de Chile, Polic\u00eda de Investigaciones, Servicio M\u00e9dico Legal, Servicio Nacional de Protecci\u00f3n Especializada a la Ni\u00f1ez y Adolescencia y el Centro de Apoyo a V\u00edctimas de Delitos del Ministerio del Interior y Seguridad P\u00fablica; con una especial participaci\u00f3n en la regi\u00f3n de Ays\u00e9n del Ministerio P\u00fablico y el Ministerio de la Mujer y la Equidad de G\u00e9nero.<\/p>\n<\/div><\/section><\/div><div  style='height:50px' class='hr hr-invisible   avia-builder-el-6  el_after_av_one_full  el_before_av_social_share '><span class='hr-inner ' ><span class='hr-inner-style'><\/span><\/span><\/div><\/p>\n<div  class='av-social-sharing-box  avia-builder-el-7  el_after_av_hr  el_before_av_hr  '><div class='av-share-box'><h5 class='av-share-link-description av-no-toc '>Compartir esta noticia<\/h5><ul class='av-share-box-list noLightbox'><li class='av-share-link av-social-link-facebook' ><a target=\"_blank\" aria-label=\"Compartir en Facebook\" href='https:\/\/www.facebook.com\/sharer.php?u=https:\/\/radiorevelacionfm.cl\/?p=20600&#038;t=Circuito%20intersectorial%20de%20femicidio%20organiza%20Jornada%20%C2%ABY%20despu%C3%A9s%20del%20Femicidio%20%C2%BFQu%C3%A9%3F%C2%BB' aria-hidden='false' data-av_icon='\ue8f3' data-av_iconfont='entypo-fontello' title='' data-avia-related-tooltip='Compartir en Facebook' rel=\"noopener\"><span class='avia_hidden_link_text'>Compartir en Facebook<\/span><\/a><\/li><li class='av-share-link av-social-link-twitter' ><a target=\"_blank\" aria-label=\"Compartir en Twitter\" href='https:\/\/twitter.com\/share?text=Circuito%20intersectorial%20de%20femicidio%20organiza%20Jornada%20%C2%ABY%20despu%C3%A9s%20del%20Femicidio%20%C2%BFQu%C3%A9%3F%C2%BB&#038;url=https:\/\/radiorevelacionfm.cl\/?p=20600' aria-hidden='false' data-av_icon='\ue8f1' data-av_iconfont='entypo-fontello' title='' data-avia-related-tooltip='Compartir en Twitter' rel=\"noopener\"><span class='avia_hidden_link_text'>Compartir en Twitter<\/span><\/a><\/li><li class='av-share-link av-social-link-whatsapp' ><a target=\"_blank\" aria-label=\"Compartir en Whatsapp\" href='https:\/\/api.whatsapp.com\/send?text=https:\/\/radiorevelacionfm.cl\/?p=20600' aria-hidden='false' data-av_icon='\uf232' data-av_iconfont='entypo-fontello' title='' data-avia-related-tooltip='Compartir en Whatsapp' rel=\"noopener\"><span class='avia_hidden_link_text'>Compartir en Whatsapp<\/span><\/a><\/li><li class='av-share-link av-social-link-linkedin' ><a target=\"_blank\" aria-label=\"Compartir en LinkedIn\" href='https:\/\/linkedin.com\/shareArticle?mini=true&#038;title=Circuito%20intersectorial%20de%20femicidio%20organiza%20Jornada%20%C2%ABY%20despu%C3%A9s%20del%20Femicidio%20%C2%BFQu%C3%A9%3F%C2%BB&#038;url=https:\/\/radiorevelacionfm.cl\/?p=20600' aria-hidden='false' data-av_icon='\ue8fc' data-av_iconfont='entypo-fontello' title='' data-avia-related-tooltip='Compartir en LinkedIn' rel=\"noopener\"><span class='avia_hidden_link_text'>Compartir en LinkedIn<\/span><\/a><\/li><li class='av-share-link av-social-link-mail' ><a  aria-label=\"Compartir por correo\" href='mailto:?subject=Circuito%20intersectorial%20de%20femicidio%20organiza%20Jornada%20%C2%ABY%20despu%C3%A9s%20del%20Femicidio%20%C2%BFQu%C3%A9%3F%C2%BB&#038;body=https:\/\/radiorevelacionfm.cl\/?p=20600' aria-hidden='false' data-av_icon='\ue805' data-av_iconfont='entypo-fontello' title='' data-avia-related-tooltip='Compartir por correo'><span class='avia_hidden_link_text'>Compartir por correo<\/span><\/a><\/li><\/ul><\/div><\/div>\n<div  style='height:50px' class='hr hr-invisible   avia-builder-el-8  el_after_av_social_share  el_before_av_comments_list '><span class='hr-inner ' ><span class='hr-inner-style'><\/span><\/span><\/div>\n<div  class='av-buildercomment  av-blog-meta-html-info-disabled av-blog-meta-tag-disabled  '><\/div>\n","protected":false},"excerpt":{"rendered":"","protected":false},"author":1,"featured_media":20601,"comment_status":"open","ping_status":"open","sticky":false,"template":"","format":"standard","meta":{"footnotes":""},"categories":[38],"tags":[],"class_list":["post-20600","post","type-post","status-publish","format-standard","has-post-thumbnail","hentry","category-regional"],"jetpack_featured_media_url":"https:\/\/radiorevelacionfm.cl\/wp-content\/uploads\/2022\/08\/jornada-cif-6-1_optimized.jpg","_links":{"self":[{"href":"https:\/\/radiorevelacionfm.cl\/index.php?rest_route=\/wp\/v2\/posts\/20600","targetHints":{"allow":["GET"]}}],"collection":[{"href":"https:\/\/radiorevelacionfm.cl\/index.php?rest_route=\/wp\/v2\/posts"}],"about":[{"href":"https:\/\/radiorevelacionfm.cl\/index.php?rest_route=\/wp\/v2\/types\/post"}],"author":[{"embeddable":true,"href":"https:\/\/radiorevelacionfm.cl\/index.php?rest_route=\/wp\/v2\/users\/1"}],"replies":[{"embeddable":true,"href":"https:\/\/radiorevelacionfm.cl\/index.php?rest_route=%2Fwp%2Fv2%2Fcomments&post=20600"}],"version-history":[{"count":2,"href":"https:\/\/radiorevelacionfm.cl\/index.php?rest_route=\/wp\/v2\/posts\/20600\/revisions"}],"predecessor-version":[{"id":20607,"href":"https:\/\/radiorevelacionfm.cl\/index.php?rest_route=\/wp\/v2\/posts\/20600\/revisions\/20607"}],"wp:featuredmedia":[{"embeddable":true,"href":"https:\/\/radiorevelacionfm.cl\/index.php?rest_route=\/wp\/v2\/media\/20601"}],"wp:attachment":[{"href":"https:\/\/radiorevelacionfm.cl\/index.php?rest_route=%2Fwp%2Fv2%2Fmedia&parent=20600"}],"wp:term":[{"taxonomy":"category","embeddable":true,"href":"https:\/\/radiorevelacionfm.cl\/index.php?rest_route=%2Fwp%2Fv2%2Fcategories&post=20600"},{"taxonomy":"post_tag","embeddable":true,"href":"https:\/\/radiorevelacionfm.cl\/index.php?rest_route=%2Fwp%2Fv2%2Ftags&post=20600"}],"curies":[{"name":"wp","href":"https:\/\/api.w.org\/{rel}","templated":true}]}}